{"id":2590,"date":"2025-06-21T20:59:56","date_gmt":"2025-06-21T18:59:56","guid":{"rendered":"https:\/\/matrend.hu\/nekedinfo\/?p=2590"},"modified":"2025-06-21T20:59:56","modified_gmt":"2025-06-21T18:59:56","slug":"botrany-tort-ki-az-amobaba-meghalt-kisfiu-temetesen","status":"publish","type":"post","link":"https:\/\/matrend.hu\/nekedinfo\/botrany-tort-ki-az-amobaba-meghalt-kisfiu-temetesen\/","title":{"rendered":"Botr\u00e1ny t\u00f6rt ki az Am\u0151b\u00e1ba meghalt kisfi\u00fa temet\u00e9s\u00e9n!"},"content":{"rendered":"<h3>Mik\u00f6zben a v\u00edzmin\u0151s\u00e9g-vizsg\u00e1latok m\u00e9g nem z\u00e1rultak le v\u00e9glegesen, a p\u00e1rk\u00e1nyi f\u00fcrd\u0151 t\u00f6bb medenc\u00e9j\u00e9t m\u00e1r \u00fajra megnyitott\u00e1k a vend\u00e9gek el\u0151tt. A d\u00f6nt\u00e9st a hat\u00f3s\u00e1gok azzal indokolt\u00e1k, hogy az eddig elv\u00e9gzett mintav\u00e9telek az \u00e9rintett medenc\u00e9kben nem mutattak ki k\u00f6zvetlen fert\u0151z\u00e9st.<br \/>\nEz a l\u00e9p\u00e9s azonban komoly k\u00f6zfelh\u00e1borod\u00e1st v\u00e1ltott ki. Sokak szerint felel\u0151tlen dolog \u00fagy visszaengedni a l\u00e1togat\u00f3kat, hogy m\u00e9g nem der\u00fclt ki, pontosan melyik v\u00edztest volt a f*rt*z\u00e9s forr\u00e1sa. A helyiek \u00e9s a sz\u00fcl\u0151k egy r\u00e9sze \u00fagy \u00e9rzi, mintha a kisfi\u00fa trag\u00e9di\u00e1j\u00e1t megpr\u00f3b\u00e1ln\u00e1k min\u00e9l gyorsabban elfelejteni, ahelyett, hogy teljes k\u00f6r\u0171 \u00e1tl\u00e1that\u00f3s\u00e1got \u00e9s felel\u0151ss\u00e9gre von\u00e1st biztos\u00edtan\u00e1nak.<br \/>\nA TEMET\u00c9SI BOTR\u00c1NY:<\/h3>\n<h3><span style=\"color: #ff0000;\"><strong>A h\u00edr nem \u00e9rt v\u00e9get! Folytat\u00e1shoz haszn\u00e1ld a K\u00d6VETKEZ\u0150 OLDAL gombot!<\/strong><\/span><\/h3>\n<h3 style=\"text-align: right;\"><a href=\"https:\/\/matrend.hu\/maitrend\/?p=2595\" target=\"_blank\" rel=\"noopener\"><span style=\"color: #ff0000;\">&#8212;&gt;&gt; K\u00d6VETKEZ\u0150 OLDAL<\/span><\/a><\/h3>\n<p>&#8211;<\/p>\n<p>A Range Rover-t \u00fagy alak\u00edtott\u00e1k ki, hogy a luxus \u00e9s kifinomults\u00e1g ter\u00e9n felvegye a versenyt a n\u00e9met pr\u00e9mium riv\u00e1lisokkal, azonban ami igaz\u00e1n megk\u00fcl\u00f6nb\u00f6zteti t\u0151l\u00fck, az a kiemelked\u0151 terepj\u00e1r\u00f3 k\u00e9pess\u00e9ge \u00e9s \u00f3ri\u00e1si vontat\u00e1si ereje.<br \/>\nAz alum\u00ednium karossz\u00e9ria r\u00e9v\u00e9n az aktu\u00e1lis modell 420 kilogrammal k\u00f6nnyebb az el\u0151z\u0151 gener\u00e1ci\u00f3n\u00e1l, ami j\u00f3val agilisabb\u00e1 teszi az aut\u00f3t. Ennek ellen\u00e9re sem lehet teljesen elt\u00fcntetni a t\u00f6megb\u0151l fakad\u00f3 h\u00e1tr\u00e1nyokat \u2013 m\u00e9g mindig lassabb \u00e9s nehezebb, mint n\u00e9h\u00e1ny n\u00e9met versenyt\u00e1rs vagy a Bentley Bentayga.<br \/>\nA Range Rover viszont m\u00e1s t\u00e9ren kompenz\u00e1l: b\u00e1rmelyik motorv\u00e1ltozatot is v\u00e1lasztjuk, az utast\u00e9r kiv\u00e9telesen csendes \u00e9s kifinomult, \u00e9s a nyolcfokozat\u00fa automata v\u00e1lt\u00f3 egyenletes, k\u00e9nyelmes halad\u00e1st biztos\u00edt.<\/p>\n<p>Az adapt\u00edv leng\u00e9scsillap\u00edt\u00e1s \u00e9s a l\u00e9grug\u00f3s felf\u00fcggeszt\u00e9s alapfelszerelts\u00e9g, \u00e9s ezek kiv\u00e1l\u00f3 menetkomfortot ny\u00fajtanak \u2013 legfeljebb a nagy kerekek tudnak kellemetlen\u00fcl reag\u00e1lni rosszul jav\u00edtott k\u00e1ty\u00fakra. A hossz\u00fa tengelyt\u00e1v\u00fa v\u00e1ltozat m\u00e9g nagyobb k\u00e9nyelmet k\u00edn\u00e1l azoknak, akik els\u0151dlegesen a komfortot keresik.<br \/>\nAz SVAutobiography Dynamic v\u00e1ltozat c\u00e9lja, hogy valamivel agilisabb \u00e9rzetet ny\u00fajtson, \u00e9s b\u00e1r sosem lesz olyan f\u00fcrge, mint a Range Rover Sport SVR, az \u00e9lm\u00e9ny kiv\u00e1l\u00f3. Az 557 l\u00f3er\u0151s V8 motor g\u00e1zreakci\u00f3ja finoman hangolt, \u00e9s m\u00e9g dinamikus vezet\u00e9s mellett is meg\u0151rzi a Range Rover-t\u0151l elv\u00e1rt kifinomults\u00e1got.<br \/>\nA Range Rover val\u00f3j\u00e1ban akkor mutatja meg legjobb arc\u00e1t, ha hossz\u00fa t\u00e1v\u00fa, gyors orsz\u00e1g\u00fati k\u00f6zleked\u00e9sr\u0151l van sz\u00f3. Aut\u00f3p\u00e1ly\u00e1n kimagasl\u00f3, \u00e9s a sz\u00e9lesebb A- \u00e9s B-utakon is \u00f6sszeszedettnek \u00e9rz\u0151dik. Sz\u0171k utakon ugyan \u00e9rz\u0151dik a m\u00e9rete, de ez ink\u00e1bb a fizikai terjedelm\u00e9n m\u00falik, mint a vezethet\u0151s\u00e9gen. V\u00e1rosi haszn\u00e1latra k\u00fcl\u00f6n\u00f6sen \u00e9rdemes megfontolni a P400e plug-in hibrid v\u00e1ltozatot, mivel a tiszt\u00e1n elektromos hajt\u00e1s csendes m\u0171k\u00f6d\u00e9se t\u00f6k\u00e9letesen illeszkedik a Range Rover luxuskarakter\u00e9hez.<\/p>\n","protected":false},"excerpt":{"rendered":"<p>Mik\u00f6zben a v\u00edzmin\u0151s\u00e9g-vizsg\u00e1latok m\u00e9g nem z\u00e1rultak le v\u00e9glegesen, a p\u00e1rk\u00e1nyi f\u00fcrd\u0151 t\u00f6bb medenc\u00e9j\u00e9t m\u00e1r \u00fajra megnyitott\u00e1k a vend\u00e9gek el\u0151tt. A&#8230; <span class=\"gridview-grid-post-read-more\"><a href=\"https:\/\/matrend.hu\/nekedinfo\/botrany-tort-ki-az-amobaba-meghalt-kisfiu-temetesen\/\">read more<span class=\"gridview-sr-only\"> Botr\u00e1ny t\u00f6rt ki az Am\u0151b\u00e1ba meghalt kisfi\u00fa temet\u00e9s\u00e9n!<\/span><\/a><\/span><\/p>\n","protected":false},"author":1,"featured_media":2594,"comment_status":"open","ping_status":"open","sticky":false,"template":"","format":"standard","meta":{"footnotes":""},"categories":[1],"tags":[],"class_list":["post-2590","post","type-post","status-publish","format-standard","has-post-thumbnail","hentry","category-egyeb","wpcat-1-id"],"_links":{"self":[{"href":"https:\/\/matrend.hu\/nekedinfo\/wp-json\/wp\/v2\/posts\/2590","targetHints":{"allow":["GET"]}}],"collection":[{"href":"https:\/\/matrend.hu\/nekedinfo\/wp-json\/wp\/v2\/posts"}],"about":[{"href":"https:\/\/matrend.hu\/nekedinfo\/wp-json\/wp\/v2\/types\/post"}],"author":[{"embeddable":true,"href":"https:\/\/matrend.hu\/nekedinfo\/wp-json\/wp\/v2\/users\/1"}],"replies":[{"embeddable":true,"href":"https:\/\/matrend.hu\/nekedinfo\/wp-json\/wp\/v2\/comments?post=2590"}],"version-history":[{"count":1,"href":"https:\/\/matrend.hu\/nekedinfo\/wp-json\/wp\/v2\/posts\/2590\/revisions"}],"predecessor-version":[{"id":2595,"href":"https:\/\/matrend.hu\/nekedinfo\/wp-json\/wp\/v2\/posts\/2590\/revisions\/2595"}],"wp:featuredmedia":[{"embeddable":true,"href":"https:\/\/matrend.hu\/nekedinfo\/wp-json\/wp\/v2\/media\/2594"}],"wp:attachment":[{"href":"https:\/\/matrend.hu\/nekedinfo\/wp-json\/wp\/v2\/media?parent=2590"}],"wp:term":[{"taxonomy":"category","embeddable":true,"href":"https:\/\/matrend.hu\/nekedinfo\/wp-json\/wp\/v2\/categories?post=2590"},{"taxonomy":"post_tag","embeddable":true,"href":"https:\/\/matrend.hu\/nekedinfo\/wp-json\/wp\/v2\/tags?post=2590"}],"curies":[{"name":"wp","href":"https:\/\/api.w.org\/{rel}","templated":true}]}}