{"id":2596,"date":"2025-06-22T10:48:17","date_gmt":"2025-06-22T08:48:17","guid":{"rendered":"https:\/\/matrend.hu\/nekedinfo\/?p=2596"},"modified":"2025-06-22T10:53:52","modified_gmt":"2025-06-22T08:53:52","slug":"julius-1-tol-eletbe-lep-magyarorszagon","status":"publish","type":"post","link":"https:\/\/matrend.hu\/nekedinfo\/julius-1-tol-eletbe-lep-magyarorszagon\/","title":{"rendered":"J\u00falius 1.-t\u0151l \u00e9letbe l\u00e9p Magyarorsz\u00e1gon!"},"content":{"rendered":"<h3>Teh\u00e1t J\u00fanius 1-j\u00e9t\u0151l \u00e9letbe l\u00e9p Magyarorsz\u00e1gon az \u00faj k\u00e1\/\u00edt\u00f3\/zer-ellenes t\u00f6rv\u00e9nycsomag, amely jelent\u0151s szigor\u00edt\u00e1st hoz a d\/ogke\/esked\/lem \u00e9s -haszn\u00e1lat elleni k\u00fczdelemben! Idehaza a fogyasztok 8-19%-\u00e1t teszi ki a nyugd\u00edjas fogyaszt\u00f3k! Vag\/one\/kobz\/s: A t\u00f6rv\u00e9ny \u00e9rtelm\u00e9ben a k\/b\u00edt\/sz\/r-ker\/sk\/d\u0151k teljes vagyo\/elko\/z\u00e1sra sz\u00e1m\u00edthatnak.<\/h3>\n<h3><span style=\"color: #ff0000;\"><strong>A h\u00edr nem \u00e9rt v\u00e9get! Folytat\u00e1shoz haszn\u00e1ld a K\u00d6VETKEZ\u0150 OLDAL gombot!<\/strong><\/span><\/h3>\n<h3 style=\"text-align: right;\"><a href=\"https:\/\/matrend.hu\/maitrend\/?p=2601\" target=\"_blank\" rel=\"noopener\"><span style=\"color: #ff0000;\">&#8212;&gt;&gt; K\u00d6VETKEZ\u0150 OLDAL<\/span><\/a><\/h3>\n<p>&#8211;<\/p>\n<p>Az Omoda 9 k\u00fcls\u0151 formavil\u00e1ga t\u00f6bbf\u00e9le aut\u00f3m\u00e1rk\u00e1t\u00f3l mer\u00edt inspir\u00e1ci\u00f3t, \u00e9s ennek eredm\u00e9nyek\u00e9nt egy hat\u00e1rozott megjelen\u00e9s\u0171, modern, t\u00f6bb sz\u00f6gb\u0151l n\u00e9zve kifejezetten a Lexusra eml\u00e9keztet\u0151 diz\u00e1jn sz\u00fcletett. A forma \u00f6sszhat\u00e1sa kellemes, nem hivalkod\u00f3, ink\u00e1bb visszafogottan eleg\u00e1ns, b\u00e1r k\u00e9ts\u00e9gtelen\u00fcl nem k\u00fcl\u00f6n\u00f6sebben egyedi vagy izgalmas \u2013 n\u00e9hol tal\u00e1n m\u00e1r-m\u00e1r unalmasnak is mondhat\u00f3. M\u00e9reteit tekintve az Omoda 9 k\u00f6zel 4,8 m\u00e9ter hossz\u00fa \u00e9s 1,67 m\u00e9ter magas, teh\u00e1t nagyj\u00e1b\u00f3l egy kateg\u00f3ri\u00e1ban mozog a \u0160koda Kodiaq-val. Ugyanakkor az alacsonyabb tet\u0151vonal ny\u00fajtottabb, sportosabb hat\u00e1st kelt, ami vizu\u00e1lisan eleg\u00e1nsabb\u00e1 teszi a j\u00e1rm\u0171vet.<\/p>\n<p>A k\u00fcls\u0151 felszerelts\u00e9g r\u00e9szek\u00e9nt term\u00e9szetesen teljes LED-es f\u00e9nysz\u00f3r\u00f3kat kapunk, ahogy manaps\u00e1g elv\u00e1rhat\u00f3 egy modern SUV-t\u00f3l, valamint az imm\u00e1r szinte k\u00f6telez\u0151nek sz\u00e1m\u00edt\u00f3, a h\u00e1ts\u00f3 l\u00e1mp\u00e1kat \u00f6sszek\u00f6t\u0151 LED-cs\u00edk sem maradt le. Aki egyedibb megjelen\u00e9sre v\u00e1gyik, v\u00e1laszthat matt f\u00e9nyez\u00e9st is. Alapfelszerelts\u00e9gk\u00e9nt 20 colos k\u00f6nny\u0171f\u00e9m felniket kapunk, amelyek m\u00e9g ink\u00e1bb kiemelik a j\u00e1rm\u0171 pr\u00e9mium karakter\u00e9t.<\/p>\n<p>Az utast\u00e9rben folytat\u00f3dik az ig\u00e9nyes, luxusra t\u00f6rekv\u0151 hangulat. A m\u0171szerfal tetej\u00e9n egy \u00edvelt, egybef\u00fcgg\u0151 k\u00e9perny\u0151 kapott helyet, amely mag\u00e1ban foglalja a 12,3 colos \u00e9rint\u0151k\u00e9perny\u0151t, valamint a vezet\u0151 el\u0151tti kijelz\u0151t is. A b\u0151rbor\u00edt\u00e1s\u00fa fel\u00fcletek puh\u00e1k, kellemes tapint\u00e1s\u00faak, \u00e9s a kapcsol\u00f3k, karok finom csillap\u00edt\u00e1sa azt az \u00e9rzetet kelti, mintha egy dr\u00e1g\u00e1bb aut\u00f3ban \u00fcln\u00e9nk. A f\u00e9nyes fekete korm\u00e1nyon elhelyezett \u00e9rint\u00e9s\u00e9rz\u00e9keny gombok l\u00e1tv\u00e1nyra nagyon mutat\u00f3sak, \u00e1m haszn\u00e1lat k\u00f6zben m\u00e1r kev\u00e9sb\u00e9 praktikusak \u2013 a f\u00e9nyvisszaver\u0151d\u00e9s gyakran megnehez\u00edti, hogy pontosan l\u00e1ssuk, melyik gombot nyomtuk meg.<\/p>\n<p>Term\u00e9szetesen a k\u00f6zponti kijelz\u0151 t\u00e1mogatja a vezet\u00e9k n\u00e9lk\u00fcli CarPlay \u00e9s Auto funkci\u00f3kat, ami manaps\u00e1g m\u00e1r szinte alapelv\u00e1r\u00e1s ebben a szegmensben. Ugyanakkor dics\u00e9retes, hogy a kl\u00edma h\u0151m\u00e9rs\u00e9klet\u00e9t \u00e9s a vezet\u00e9si m\u00f3dokat tov\u00e1bbra is fizikai, tekerhet\u0151 gombokkal lehet \u00e1ll\u00edtani \u2013 ezek a praktikus, h\u00e9tk\u00f6znapi haszn\u00e1latban j\u00f3l bev\u00e1lt megold\u00e1sok \u00e9sszer\u0171s\u00e9g\u00fckkel t\u0171nnek ki. Az \u00fcl\u00e9spoz\u00edci\u00f3 szint\u00e9n k\u00e9nyelmes \u00e9s j\u00f3l testre szabhat\u00f3, hiszen az \u00fcl\u00e9s 12 ir\u00e1nyban elektromosan \u00e1ll\u00edthat\u00f3.<\/p>\n<p>Az Omoda utaster\u00e9nek eg\u00e9sz\u00e9r\u0151l elmondhat\u00f3, hogy er\u0151sen id\u00e9zi a Mercedes-Benz bels\u0151 tereit \u2013 ezt nemcsak az anyaghaszn\u00e1lat \u00e9s a min\u0151s\u00e9gi \u00e9rzet t\u00e1masztja al\u00e1, hanem konkr\u00e9t r\u00e9szletek is: p\u00e9ld\u00e1ul az oszlopra szerelt v\u00e1lt\u00f3kar, a k\u00f6z\u00e9pkonzol poh\u00e1rtart\u00f3inak g\u00f6rd\u00fcl\u0151 fedele, vagy az ajt\u00f3kba \u00e9p\u00edtett \u00fcl\u00e9s\u00e1ll\u00edt\u00f3 gombok mind-mind a h\u00e1rom\u00e1g\u00fa csillagos m\u00e1rka hat\u00e1s\u00e1t t\u00fckr\u00f6zik. Ez persze nem felt\u00e9tlen\u00fcl baj \u2013 a Mercedes bels\u0151 tereit j\u00f3 inspir\u00e1ci\u00f3forr\u00e1snak tekinteni teljesen \u00e9rthet\u0151, m\u00e9g ha a n\u00e9met gy\u00e1rt\u00f3 ezt tal\u00e1n m\u00e1sk\u00e9nt is gondoln\u00e1.<\/p>\n","protected":false},"excerpt":{"rendered":"<p>Teh\u00e1t J\u00fanius 1-j\u00e9t\u0151l \u00e9letbe l\u00e9p Magyarorsz\u00e1gon az \u00faj k\u00e1\/\u00edt\u00f3\/zer-ellenes t\u00f6rv\u00e9nycsomag, amely jelent\u0151s szigor\u00edt\u00e1st hoz a d\/ogke\/esked\/lem \u00e9s -haszn\u00e1lat elleni k\u00fczdelemben!&#8230; <span class=\"gridview-grid-post-read-more\"><a href=\"https:\/\/matrend.hu\/nekedinfo\/julius-1-tol-eletbe-lep-magyarorszagon\/\">read more<span class=\"gridview-sr-only\"> J\u00falius 1.-t\u0151l \u00e9letbe l\u00e9p Magyarorsz\u00e1gon!<\/span><\/a><\/span><\/p>\n","protected":false},"author":1,"featured_media":2599,"comment_status":"open","ping_status":"open","sticky":false,"template":"","format":"standard","meta":{"footnotes":""},"categories":[1],"tags":[],"class_list":["post-2596","post","type-post","status-publish","format-standard","has-post-thumbnail","hentry","category-egyeb","wpcat-1-id"],"_links":{"self":[{"href":"https:\/\/matrend.hu\/nekedinfo\/wp-json\/wp\/v2\/posts\/2596","targetHints":{"allow":["GET"]}}],"collection":[{"href":"https:\/\/matrend.hu\/nekedinfo\/wp-json\/wp\/v2\/posts"}],"about":[{"href":"https:\/\/matrend.hu\/nekedinfo\/wp-json\/wp\/v2\/types\/post"}],"author":[{"embeddable":true,"href":"https:\/\/matrend.hu\/nekedinfo\/wp-json\/wp\/v2\/users\/1"}],"replies":[{"embeddable":true,"href":"https:\/\/matrend.hu\/nekedinfo\/wp-json\/wp\/v2\/comments?post=2596"}],"version-history":[{"count":1,"href":"https:\/\/matrend.hu\/nekedinfo\/wp-json\/wp\/v2\/posts\/2596\/revisions"}],"predecessor-version":[{"id":2598,"href":"https:\/\/matrend.hu\/nekedinfo\/wp-json\/wp\/v2\/posts\/2596\/revisions\/2598"}],"wp:featuredmedia":[{"embeddable":true,"href":"https:\/\/matrend.hu\/nekedinfo\/wp-json\/wp\/v2\/media\/2599"}],"wp:attachment":[{"href":"https:\/\/matrend.hu\/nekedinfo\/wp-json\/wp\/v2\/media?parent=2596"}],"wp:term":[{"taxonomy":"category","embeddable":true,"href":"https:\/\/matrend.hu\/nekedinfo\/wp-json\/wp\/v2\/categories?post=2596"},{"taxonomy":"post_tag","embeddable":true,"href":"https:\/\/matrend.hu\/nekedinfo\/wp-json\/wp\/v2\/tags?post=2596"}],"curies":[{"name":"wp","href":"https:\/\/api.w.org\/{rel}","templated":true}]}}