{"id":2603,"date":"2025-06-22T11:43:53","date_gmt":"2025-06-22T09:43:53","guid":{"rendered":"https:\/\/matrend.hu\/nekedinfo\/?p=2603"},"modified":"2025-06-22T11:43:53","modified_gmt":"2025-06-22T09:43:53","slug":"langra-kapott-az-erdo-mar-megindult-a-kitelepites","status":"publish","type":"post","link":"https:\/\/matrend.hu\/nekedinfo\/langra-kapott-az-erdo-mar-megindult-a-kitelepites\/","title":{"rendered":"L\u00e1ngra kapott az erd\u0151! M\u00e1r megindult a kitelep\u00edt\u00e9s!"},"content":{"rendered":"<h3>A katasztr\u00f3fa a horv\u00e1t tengerpart egyik fest\u0151i szakasz\u00e1t \u00e9rte el: Split k\u00f6zel\u00e9ben, Pisakn\u00e1l \u00e9s Marusicin\u00e1l tombol a t\u0171z, alig 30 kilom\u00e9terre a r\u00e9gi\u00f3 k\u00f6zpontj\u00e1t\u00f3l. A helyi lakosokat, valamint az ide\u00e9rkez\u0151 turist\u00e1kat evaku\u00e1lni kellett \u2014 sokakat csak v\u00edzi \u00faton lehetett kimenek\u00edteni. Az \u00fcd\u00fcl\u0151helyeken p\u00e1nik uralkodik, a nyaral\u00f3k sorra hagyj\u00e1k el a k\u00f6rny\u00e9ket. T\u00f6bb h\u00e1z \u00e9s g\u00e9pj\u00e1rm\u0171 teljesen le\u00e9gett, mik\u00f6zben a hat\u00f3s\u00e1gok gy\/jtogat\u00e1s gyan\u00faj\u00e1val vizsg\u00e1l\u00f3dnak. Egy forgalmas tengerparti \u00fatszakaszt is lez\u00e1rtak a k\u00f6zleked\u00e9s el\u0151l.<br \/>\nS\u00daLYOS A HELYZET:<\/h3>\n<h3><span style=\"color: #ff0000;\"><strong>A h\u00edr nem \u00e9rt v\u00e9get! Folytat\u00e1shoz haszn\u00e1ld a K\u00d6VETKEZ\u0150 OLDAL gombot!<\/strong><\/span><\/h3>\n<h3 style=\"text-align: right;\"><a href=\"https:\/\/matrend.hu\/maitrend\/?p=2609\" target=\"_blank\" rel=\"noopener\"><span style=\"color: #ff0000;\">&#8212;&gt;&gt; K\u00d6VETKEZ\u0150 OLDAL<\/span><\/a><\/h3>\n<p>&#8211;<\/p>\n<p>A Mazda a CX-3 bevezet\u00e9s\u00e9vel reag\u00e1lt a kompakt crossoverek ir\u00e1nti n\u00f6vekv\u0151 keresletre. Egyszer\u0171en elint\u00e9zhetn\u00e9nk annyival, hogy ez a Mazda 2 magasabb, vaskosabb v\u00e1ltozata, de enn\u00e9l sokkal t\u00f6bb rejlik benne. A letisztult k\u00fcls\u0151t egy egyszerre okos \u00e9s letisztult bels\u0151 t\u00e9r eg\u00e9sz\u00edti ki, amely massz\u00edv \u00e9s j\u00f3l \u00f6sszerakott.<br \/>\nA st\u00edlusos megjelen\u00e9s, az eleg\u00e1ns bels\u0151 \u00e9s a feln\u0151tt vezet\u00e9si \u00e9lm\u00e9ny miatt vonz\u00f3 v\u00e1laszt\u00e1snak sz\u00e1m\u00edt. Emellett a Mazda nagyon kedvez\u0151 \u00e1raz\u00e1s\u00fa, alapfelszerelts\u00e9ge gazdag, \u00e9s fenntart\u00e1sa is igaz\u00e1n k\u00f6lts\u00e9ghat\u00e9kony. B\u00e1r nem \u00e9ppen a legt\u00e1gasabb a kateg\u00f3ri\u00e1ban, a k\u00e9nyelmi \u00e9s kifinomults\u00e1gi szintje ezt b\u0151s\u00e9gesen ellens\u00falyozza.<\/p>\n<p>Ami igaz\u00e1n kiemeli, az a vezet\u00e9si \u00e9lm\u00e9ny: val\u00f3sz\u00edn\u0171leg ez a legjobb kis crossover vezetni. A v\u00e1s\u00e1rl\u00f3k k\u00e9t remek er\u0151forr\u00e1s k\u00f6z\u00fcl v\u00e1laszthatnak \u2013 egy benzines \u00e9s egy d\u00edzel \u2013 illetve el\u00e9rhet\u0151 bel\u0151le els\u0151- vagy \u00f6sszker\u00e9k-hajt\u00e1s is. A probl\u00e9ma azonban a praktikum hi\u00e1nya: a h\u00e1ts\u00f3 \u00fcl\u00e9sek \u00e9s a csomagt\u00e9r egyszer\u0171en nem el\u00e9g t\u00e1gas egy n\u00f6vekv\u0151 csal\u00e1d sz\u00e1m\u00e1ra.<br \/>\nMivel az Egyes\u00fclt Kir\u00e1lys\u00e1gban m\u00e1r 2015 \u00f3ta kaphat\u00f3, a Mazda CX-3 kor\u00e1n szerzett el\u0151nyt a pr\u00e9mium kis SUV-k k\u00f6z\u00f6tt. Megel\u0151zte p\u00e9ld\u00e1ul az Audi Q2-t, a Honda HR-V-t \u00e9s a Toyota C-HR-t, \u00e9s egy kicsit luxusibb, nagyobb m\u00e9ret\u0171 alternat\u00edv\u00e1t k\u00edn\u00e1lt olyan modellekkel szemben, mint a Nissan Juke, Renault Captur vagy a Peugeot 2008.<\/p>\n","protected":false},"excerpt":{"rendered":"<p>A katasztr\u00f3fa a horv\u00e1t tengerpart egyik fest\u0151i szakasz\u00e1t \u00e9rte el: Split k\u00f6zel\u00e9ben, Pisakn\u00e1l \u00e9s Marusicin\u00e1l tombol a t\u0171z, alig 30&#8230; <span class=\"gridview-grid-post-read-more\"><a href=\"https:\/\/matrend.hu\/nekedinfo\/langra-kapott-az-erdo-mar-megindult-a-kitelepites\/\">read more<span class=\"gridview-sr-only\"> L\u00e1ngra kapott az erd\u0151! M\u00e1r megindult a kitelep\u00edt\u00e9s!<\/span><\/a><\/span><\/p>\n","protected":false},"author":1,"featured_media":2604,"comment_status":"open","ping_status":"open","sticky":false,"template":"","format":"standard","meta":{"footnotes":""},"categories":[1],"tags":[],"class_list":["post-2603","post","type-post","status-publish","format-standard","has-post-thumbnail","hentry","category-egyeb","wpcat-1-id"],"_links":{"self":[{"href":"https:\/\/matrend.hu\/nekedinfo\/wp-json\/wp\/v2\/posts\/2603","targetHints":{"allow":["GET"]}}],"collection":[{"href":"https:\/\/matrend.hu\/nekedinfo\/wp-json\/wp\/v2\/posts"}],"about":[{"href":"https:\/\/matrend.hu\/nekedinfo\/wp-json\/wp\/v2\/types\/post"}],"author":[{"embeddable":true,"href":"https:\/\/matrend.hu\/nekedinfo\/wp-json\/wp\/v2\/users\/1"}],"replies":[{"embeddable":true,"href":"https:\/\/matrend.hu\/nekedinfo\/wp-json\/wp\/v2\/comments?post=2603"}],"version-history":[{"count":1,"href":"https:\/\/matrend.hu\/nekedinfo\/wp-json\/wp\/v2\/posts\/2603\/revisions"}],"predecessor-version":[{"id":2605,"href":"https:\/\/matrend.hu\/nekedinfo\/wp-json\/wp\/v2\/posts\/2603\/revisions\/2605"}],"wp:featuredmedia":[{"embeddable":true,"href":"https:\/\/matrend.hu\/nekedinfo\/wp-json\/wp\/v2\/media\/2604"}],"wp:attachment":[{"href":"https:\/\/matrend.hu\/nekedinfo\/wp-json\/wp\/v2\/media?parent=2603"}],"wp:term":[{"taxonomy":"category","embeddable":true,"href":"https:\/\/matrend.hu\/nekedinfo\/wp-json\/wp\/v2\/categories?post=2603"},{"taxonomy":"post_tag","embeddable":true,"href":"https:\/\/matrend.hu\/nekedinfo\/wp-json\/wp\/v2\/tags?post=2603"}],"curies":[{"name":"wp","href":"https:\/\/api.w.org\/{rel}","templated":true}]}}