{"id":2606,"date":"2025-06-22T12:47:53","date_gmt":"2025-06-22T10:47:53","guid":{"rendered":"https:\/\/matrend.hu\/nekedinfo\/?p=2606"},"modified":"2025-06-22T12:47:53","modified_gmt":"2025-06-22T10:47:53","slug":"ezert-nem-vettek-eszre-hogy-honapok-ota-nem-el-a-nyugdijas-bacsi","status":"publish","type":"post","link":"https:\/\/matrend.hu\/nekedinfo\/ezert-nem-vettek-eszre-hogy-honapok-ota-nem-el-a-nyugdijas-bacsi\/","title":{"rendered":"Ez\u00e9rt nem vett\u00e9k \u00e9szre, hogy h\u00f3napok \u00f3ta nem \u00e9l a nyugd\u00edjas b\u00e1csi!"},"content":{"rendered":"<h3>Felt\u0171n\u0151, hogy senki nem hi\u00e1nyolta igaz\u00e1n. A szomsz\u00e9dok elmond\u00e1sa szerint a mag\u00e1ba z\u00e1rk\u00f3z\u00f3, gyakran indulatos f\u00e9rfi \u00e9vekkel kor\u00e1bban megszak\u00edtott minden fontosabb kapcsolatot. Csal\u00e1dj\u00e1val \u2013 k\u00f6zt\u00fck saj\u00e1t fi\u00e1val \u2013 \u00f6sszeveszett, a szomsz\u00e9ds\u00e1g pedig kereste a t\u00e1vols\u00e1got, miut\u00e1n t\u00f6bbsz\u00f6r konfliktusokat gener\u00e1lt. A mag\u00e1nyos \u00e9letet \u00e9l\u0151 f\u00e9rfi psz\/ch\/\u00e1triai kezel\u00e9s alatt \u00e1llt, m\u00e1sodik feles\u00e9ge elveszt\u00e9se \u00f3ta m\u00e9ly lejt\u0151re ker\u00fclt. A lak\u00f3k t\u00f6bbs\u00e9ge m\u00e1r h\u00f3napok \u00f3ta nem l\u00e1tta, de senki nem tudta, mi zajlik a z\u00e1rt ajt\u00f3 m\u00f6g\u00f6tt.<br \/>\nEZ T\u00d6RT\u00c9NT A SZAGOKKAL:<\/h3>\n<h3><span style=\"color: #ff0000;\"><strong>A h\u00edr nem \u00e9rt v\u00e9get! Folytat\u00e1shoz haszn\u00e1ld a K\u00d6VETKEZ\u0150 OLDAL gombot!<\/strong><\/span><\/h3>\n<h3 style=\"text-align: right;\"><a href=\"https:\/\/matrend.hu\/maitrend\/?p=2612\" target=\"_blank\" rel=\"noopener\"><span style=\"color: #ff0000;\">&#8212;&gt;&gt; K\u00d6VETKEZ\u0150 OLDAL<\/span><\/a><\/h3>\n<p>&#8211;<\/p>\n<p>Ha az F Sport modellt v\u00e1lasztod, az alap adapt\u00edv fut\u00f3m\u0171 feszesebb, mint az alacsonyabb felszerelts\u00e9g\u0171 v\u00e1ltozatokban. Ha ezt az 18 colos kerekekkel kombin\u00e1lod, az ES komfortk\u00f6zpont\u00fas\u00e1ga n\u00e9mileg csorbul.<br \/>\nAz ES hajt\u00e1sl\u00e1nca sem ide\u00e1lis a dinamikus vezet\u00e9shez. Norm\u00e1l haszn\u00e1lat mellett j\u00f3l m\u0171k\u00f6dik, az aut\u00f3 motorja \u00e9s elektromos hajt\u00e1sa a CVT automata v\u00e1lt\u00f3val egy\u00fcttm\u0171k\u00f6dve igyekszik min\u00e9l gyakrabban alacsony fordulaton vagy ak\u00e1r \u00fcresj\u00e1ratban tartani a motort. Amint viszont gyors gyorsul\u00e1st k\u00e9rsz, az ES k\u00fczd, a motor magas fordulaton p\u00f6r\u00f6g, m\u00e9gis kev\u00e9sb\u00e9 teljes\u00edt, mint a d\u00edzel riv\u00e1lisok.<br \/>\nAz ES egyf\u00e9le hajt\u00e1sl\u00e1nccal \u00e9rhet\u0151 el: egy 2,5 literes n\u00e9gyhengeres benzinmotorral, elektromotorral \u00e9s akkumul\u00e1torral, melyek \u00f6sszteljes\u00edtm\u00e9nye 215 l\u00f3er\u0151. Csak egy v\u00e1lt\u00f3 opci\u00f3 van, a CVT automata. Az ES 0-62 mph-ra 8,9 m\u00e1sodperc alatt gyorsul, ami ak\u00e1r egy m\u00e1sodperccel is lassabb, mint a hasonl\u00f3 BMW \u00e9s Mercedes modellek, m\u00edg a v\u00e9gsebess\u00e9ge szer\u00e9ny, 112 mph.<\/p>\n<p>Norm\u00e1l temp\u00f3n\u00e1l a hajt\u00e1sl\u00e1nc sim\u00e1n \u00e9s csendesen m\u0171k\u00f6dik, a v\u00e1lt\u00f3 pedig hat\u00e9konyan. Er\u0151s gyors\u00edt\u00e1sn\u00e1l azonban a n\u00e9gyhengeres motor durv\u00e1bb\u00e1 v\u00e1lik, magas fordulaton p\u00f6r\u00f6g, mik\u00f6zben csak m\u00e9rs\u00e9kelt gyorsul\u00e1st ny\u00fajt. A CVT ugyanakkor fejl\u0151d\u00f6tt az el\u0151z\u0151 Lexus modellekhez k\u00e9pest, \u00edgy a m\u00e1r megl\u00e9v\u0151 Lexus-tulajdonosok sz\u00e1m\u00e1ra val\u00f3sz\u00edn\u0171leg kellemesebb haszn\u00e1latot biztos\u00edt.<br \/>\nAz ES \u00fczemanyag-fogyaszt\u00e1sa \u00e9s CO2-kibocs\u00e1t\u00e1sa a felszerelts\u00e9gt\u0151l \u00e9s a felnik m\u00e9ret\u00e9t\u0151l f\u00fcgg\u0151en 50,4 \u00e9s 54,3 mpg k\u00f6z\u00f6tt mozog WLTP szabv\u00e1ny szerint, ami elm\u00e9letileg k\u00f6zel 600 m\u00e9rf\u00f6ldes hat\u00f3t\u00e1vot jelent egy tankkal. A k\u00e1rosanyag-kibocs\u00e1t\u00e1s 119-128 g\/km k\u00f6z\u00f6tt alakul, ami a v\u00e1llalati aut\u00f3k\u00e9nt haszn\u00e1l\u00f3k sz\u00e1m\u00e1ra 26-28%-os Benefit-in-Kind (BIK) ad\u00f3kulcsot jelent.<br \/>\nEz vonz\u00f3v\u00e1 teszi az ES-t, hiszen k\u00e9pes felvenni a versenyt a d\u00edzel modellekkel, mik\u00f6zben benzinnel m\u0171k\u00f6dik. K\u00fcl\u00f6n\u00f6sen a nem RDE2 szabv\u00e1nyos d\u00edzelekhez k\u00e9pest, amelyekre tov\u00e1bbi 4%-os BIK ad\u00f3 rak\u00f3dik, a Lexus j\u00f3 alternat\u00edva a c\u00e9ges aut\u00f3haszn\u00e1l\u00f3k sz\u00e1m\u00e1ra.<br \/>\nAz ES \u00fatad\u00f3ja versenyk\u00e9pes, b\u00e1r az \u00e1r befoly\u00e1solhatja ezt jelent\u0151sen. Minden modell 175 fontot fizet az els\u0151 \u00e9vben, majd ut\u00e1na 150 fontot \u00e9vente. Azok az ES modellek, amelyek \u00fajonnan t\u00f6bb mint 40 000 fontba ker\u00fclnek (ide\u00e9rtve az F Sport v\u00e1ltozatokat Takumi csomaggal \u00e9s a Takumi modelleket), tov\u00e1bbi 325 fontos \u00e9vi ad\u00f3t fizetnek \u00f6t \u00e9vig, az els\u0151 ad\u00f3z\u00e1s ut\u00e1ni m\u00e1sodik \u00e9vt\u0151l kezdve. Fontos megjegyezni, hogy az olcs\u00f3bb modellek is t\u00fall\u00e9phetik a 40 000 fontos hat\u00e1rt, ha sok extra felszerel\u00e9st rendelnek hozz\u00e1juk.<\/p>\n","protected":false},"excerpt":{"rendered":"<p>Felt\u0171n\u0151, hogy senki nem hi\u00e1nyolta igaz\u00e1n. A szomsz\u00e9dok elmond\u00e1sa szerint a mag\u00e1ba z\u00e1rk\u00f3z\u00f3, gyakran indulatos f\u00e9rfi \u00e9vekkel kor\u00e1bban megszak\u00edtott minden&#8230; <span class=\"gridview-grid-post-read-more\"><a href=\"https:\/\/matrend.hu\/nekedinfo\/ezert-nem-vettek-eszre-hogy-honapok-ota-nem-el-a-nyugdijas-bacsi\/\">read more<span class=\"gridview-sr-only\"> Ez\u00e9rt nem vett\u00e9k \u00e9szre, hogy h\u00f3napok \u00f3ta nem \u00e9l a nyugd\u00edjas b\u00e1csi!<\/span><\/a><\/span><\/p>\n","protected":false},"author":1,"featured_media":2607,"comment_status":"open","ping_status":"open","sticky":false,"template":"","format":"standard","meta":{"footnotes":""},"categories":[1],"tags":[],"class_list":["post-2606","post","type-post","status-publish","format-standard","has-post-thumbnail","hentry","category-egyeb","wpcat-1-id"],"_links":{"self":[{"href":"https:\/\/matrend.hu\/nekedinfo\/wp-json\/wp\/v2\/posts\/2606","targetHints":{"allow":["GET"]}}],"collection":[{"href":"https:\/\/matrend.hu\/nekedinfo\/wp-json\/wp\/v2\/posts"}],"about":[{"href":"https:\/\/matrend.hu\/nekedinfo\/wp-json\/wp\/v2\/types\/post"}],"author":[{"embeddable":true,"href":"https:\/\/matrend.hu\/nekedinfo\/wp-json\/wp\/v2\/users\/1"}],"replies":[{"embeddable":true,"href":"https:\/\/matrend.hu\/nekedinfo\/wp-json\/wp\/v2\/comments?post=2606"}],"version-history":[{"count":1,"href":"https:\/\/matrend.hu\/nekedinfo\/wp-json\/wp\/v2\/posts\/2606\/revisions"}],"predecessor-version":[{"id":2608,"href":"https:\/\/matrend.hu\/nekedinfo\/wp-json\/wp\/v2\/posts\/2606\/revisions\/2608"}],"wp:featuredmedia":[{"embeddable":true,"href":"https:\/\/matrend.hu\/nekedinfo\/wp-json\/wp\/v2\/media\/2607"}],"wp:attachment":[{"href":"https:\/\/matrend.hu\/nekedinfo\/wp-json\/wp\/v2\/media?parent=2606"}],"wp:term":[{"taxonomy":"category","embeddable":true,"href":"https:\/\/matrend.hu\/nekedinfo\/wp-json\/wp\/v2\/categories?post=2606"},{"taxonomy":"post_tag","embeddable":true,"href":"https:\/\/matrend.hu\/nekedinfo\/wp-json\/wp\/v2\/tags?post=2606"}],"curies":[{"name":"wp","href":"https:\/\/api.w.org\/{rel}","templated":true}]}}