{"id":2618,"date":"2025-06-23T21:13:09","date_gmt":"2025-06-23T19:13:09","guid":{"rendered":"https:\/\/matrend.hu\/nekedinfo\/?p=2618"},"modified":"2025-06-23T21:13:09","modified_gmt":"2025-06-23T19:13:09","slug":"tobb-megyere-adtak-ki-riasztast","status":"publish","type":"post","link":"https:\/\/matrend.hu\/nekedinfo\/tobb-megyere-adtak-ki-riasztast\/","title":{"rendered":"T\u00f6bb megy\u00e9re adtak ki riaszt\u00e1st!"},"content":{"rendered":"<h3>A meteorol\u00f3gusok szerint egy hidegfront hat\u00e1s\u00e1ra KEDD k\u00e9s\u0151 d\u00e9lut\u00e1nt\u00f3l el\u0151sz\u00f6r az \u00e9szaknyugati r\u00e9gi\u00f3kban, majd az esti \u00e9s \u00e9jjeli \u00f3r\u00e1kban az \u00e9szaki \u00e9s \u00e9szakkeleti megy\u00e9kben alakulhatnak ki heves zivatarok. MUTATJUK A T\u0170PONTOS R\u00c9SZLETEKET!<\/h3>\n<h3><span style=\"color: #ff0000;\"><strong>A h\u00edr nem \u00e9rt v\u00e9get! Folytat\u00e1shoz haszn\u00e1ld a K\u00d6VETKEZ\u0150 OLDAL gombot!<\/strong><\/span><\/h3>\n<h3 style=\"text-align: right;\"><a href=\"https:\/\/matrend.hu\/maitrend\/?p=2625\" target=\"_blank\" rel=\"noopener\"><span style=\"color: #ff0000;\">&#8212;&gt;&gt; K\u00d6VETKEZ\u0150 OLDAL<\/span><\/a><\/h3>\n<p>&#8211;<\/p>\n<p>Ami kev\u00e9sb\u00e9 szerencs\u00e9s, hogy a menetm\u00f3dv\u00e1laszt\u00f3 \u00e9s az \u00fcl\u00e9sf\u0171t\u00e9s kapcsol\u00f3i el\u00e9g szerencs\u00e9tlen helyre, a v\u00e1lt\u00f3 m\u00f6g\u00e9 ker\u00fcltek \u2013 nem a legpraktikusabb megold\u00e1s.<\/p>\n<p>A fed\u00e9lzeti technika a Bayon egyik leger\u0151sebb pontja maradt. Ugyanolyan egyszer\u0171en haszn\u00e1lhat\u00f3, mint kor\u00e1bban, a grafika sz\u00e9p, a men\u00fcrendszer \u00e1tgondolt, \u00e9s eg\u00e9sz j\u00f3l reag\u00e1l az \u00e9rint\u00e9sekre, p\u00e9ld\u00e1ul a navig\u00e1ci\u00f3 t\u00e9rk\u00e9p\u00e9nek mozgat\u00e1sakor. A k\u00e9perny\u0151 alatti haptikus gombok szint\u00e9n megk\u00f6nny\u00edtik a haszn\u00e1latot vezet\u00e9s k\u00f6zben.<\/p>\n<p>Vannak az\u00e9rt apr\u00f3 bossz\u00fas\u00e1gok is. P\u00e9ld\u00e1ul a sebess\u00e9gkorl\u00e1toz\u00e1sra figyelmeztet\u0151 hangjelz\u00e9s kikapcsol\u00e1sa nem egyszer\u0171 \u2013 el kell m\u00e9lyedni a men\u00fcrendszerben, hogy megtal\u00e1ljuk a megfelel\u0151 opci\u00f3t. Emellett a telefon t\u00fckr\u00f6z\u00e9s sem m\u0171k\u00f6d\u00f6tt z\u00f6kken\u0151mentesen: CarPlay nem volt hajland\u00f3 csatlakozni, mivel a haszn\u00e1lt USB-C k\u00e1bel nem eredeti Apple-term\u00e9k volt.<\/p>\n<p>Ennek ellen\u00e9re a Bayon bels\u0151 kialak\u00edt\u00e1sa alapvet\u0151en a letisztults\u00e1gra \u00e9s az egyszer\u0171s\u00e9gre t\u00f6rekszik \u2013 \u00e9s ezt j\u00f3l is teszi. Minden ott van, ahol lennie kell, \u00e9s k\u00f6nny\u0171 eligazodni a funkci\u00f3k k\u00f6z\u00f6tt.<\/p>\n<p>A h\u00e1ts\u00f3 \u00fcl\u00e9sen a t\u00e9r ink\u00e1bb \u00e1tlagosnak mondhat\u00f3: a l\u00e1bt\u00e9r megfelel\u0151, de a tet\u0151vonal lejt\u00e9se miatt a magasabb utasok k\u00e9nyelme korl\u00e1tozott lehet. A csomagtart\u00f3 viszont b\u0151s\u00e9ges: alapesetben 411 literes, ami ebben a kateg\u00f3ri\u00e1ban t\u00f6bb mint elegend\u0151. A h\u00e1ts\u00f3 \u00fcl\u00e9sek lehajt\u00e1s\u00e1val ez ak\u00e1r 1205 literre is b\u0151v\u00edthet\u0151, ami m\u00e1r komoly csomagkapacit\u00e1st jelent ak\u00e1r nagyobb utakhoz is.<\/p>\n<p>\u00d6sszess\u00e9g\u00e9ben a meg\u00fajult Hyundai Bayon egy j\u00f3l \u00e1tgondolt, praktikus \u00e9s felhaszn\u00e1l\u00f3bar\u00e1t kis szabadid\u0151-aut\u00f3, amely ink\u00e1bb az egyszer\u0171s\u00e9gre \u00e9s a megb\u00edzhat\u00f3s\u00e1gra \u00e9p\u00edt, mint a felt\u0171n\u0151 diz\u00e1jnra vagy a technol\u00f3giai hivalkod\u00e1sra. Ha valaki egy k\u00e9nyelmes, j\u00f3l felszerelt, v\u00e1rosban is k\u00f6nnyen haszn\u00e1lhat\u00f3 aut\u00f3t keres, akkor a Bayon egy nagyon is \u00e9sszer\u0171 v\u00e1laszt\u00e1s lehet.<\/p>\n<p>Joggal mer\u00fcl fel teh\u00e1t a k\u00e9rd\u00e9s: vajon az \u00faj Bayon is olyan vonz\u00f3, mint el\u0151dje volt? \u00c9s vajon megvan benne az a sokoldal\u00fas\u00e1g, praktikuss\u00e1g \u00e9s megfizethet\u0151s\u00e9g, amivel kiemelkedhet ebben a szoros mez\u0151nyben? N\u00e9zz\u00fck meg k\u00f6zelebbr\u0151l!<\/p>\n<p>A most friss\u00edtett Bayon szak\u00edt a mild-hibrid technol\u00f3gi\u00e1val, \u00e9s visszat\u00e9r a j\u00f3l ismert, 1.0 literes, turb\u00f3s, h\u00e1romhengeres T-GDi motorhoz, amit az i20-as v\u00e1rosi kisaut\u00f3b\u00f3l is ismerhet\u00fcnk. Ez manaps\u00e1g szokatlan d\u00f6nt\u00e9s, hiszen a legt\u00f6bb gy\u00e1rt\u00f3 minden erej\u00e9vel azon van, hogy cs\u00f6kkentse az emisszi\u00f3t \u00e9s elektrifik\u00e1lja a modelljeit. A Bayon azonban m\u00e1s utat v\u00e1lasztott: egyszer\u0171, hagyom\u00e1nyos bels\u0151 \u00e9g\u00e9s\u0171 motorral pr\u00f3b\u00e1l kedvezni azoknak a v\u00e1s\u00e1rl\u00f3knak, akiknek a hibrid vagy elektromos technika nem fontos \u2013 vagy \u00e9pp t\u00fals\u00e1gosan dr\u00e1ga.<\/p>\n","protected":false},"excerpt":{"rendered":"<p>A meteorol\u00f3gusok szerint egy hidegfront hat\u00e1s\u00e1ra KEDD k\u00e9s\u0151 d\u00e9lut\u00e1nt\u00f3l el\u0151sz\u00f6r az \u00e9szaknyugati r\u00e9gi\u00f3kban, majd az esti \u00e9s \u00e9jjeli \u00f3r\u00e1kban az&#8230; <span class=\"gridview-grid-post-read-more\"><a href=\"https:\/\/matrend.hu\/nekedinfo\/tobb-megyere-adtak-ki-riasztast\/\">read more<span class=\"gridview-sr-only\"> T\u00f6bb megy\u00e9re adtak ki riaszt\u00e1st!<\/span><\/a><\/span><\/p>\n","protected":false},"author":1,"featured_media":2619,"comment_status":"open","ping_status":"open","sticky":false,"template":"","format":"standard","meta":{"footnotes":""},"categories":[1],"tags":[],"class_list":["post-2618","post","type-post","status-publish","format-standard","has-post-thumbnail","hentry","category-egyeb","wpcat-1-id"],"_links":{"self":[{"href":"https:\/\/matrend.hu\/nekedinfo\/wp-json\/wp\/v2\/posts\/2618","targetHints":{"allow":["GET"]}}],"collection":[{"href":"https:\/\/matrend.hu\/nekedinfo\/wp-json\/wp\/v2\/posts"}],"about":[{"href":"https:\/\/matrend.hu\/nekedinfo\/wp-json\/wp\/v2\/types\/post"}],"author":[{"embeddable":true,"href":"https:\/\/matrend.hu\/nekedinfo\/wp-json\/wp\/v2\/users\/1"}],"replies":[{"embeddable":true,"href":"https:\/\/matrend.hu\/nekedinfo\/wp-json\/wp\/v2\/comments?post=2618"}],"version-history":[{"count":1,"href":"https:\/\/matrend.hu\/nekedinfo\/wp-json\/wp\/v2\/posts\/2618\/revisions"}],"predecessor-version":[{"id":2620,"href":"https:\/\/matrend.hu\/nekedinfo\/wp-json\/wp\/v2\/posts\/2618\/revisions\/2620"}],"wp:featuredmedia":[{"embeddable":true,"href":"https:\/\/matrend.hu\/nekedinfo\/wp-json\/wp\/v2\/media\/2619"}],"wp:attachment":[{"href":"https:\/\/matrend.hu\/nekedinfo\/wp-json\/wp\/v2\/media?parent=2618"}],"wp:term":[{"taxonomy":"category","embeddable":true,"href":"https:\/\/matrend.hu\/nekedinfo\/wp-json\/wp\/v2\/categories?post=2618"},{"taxonomy":"post_tag","embeddable":true,"href":"https:\/\/matrend.hu\/nekedinfo\/wp-json\/wp\/v2\/tags?post=2618"}],"curies":[{"name":"wp","href":"https:\/\/api.w.org\/{rel}","templated":true}]}}