{"id":2627,"date":"2025-06-23T22:21:38","date_gmt":"2025-06-23T20:21:38","guid":{"rendered":"https:\/\/matrend.hu\/nekedinfo\/?p=2627"},"modified":"2025-06-23T22:21:38","modified_gmt":"2025-06-23T20:21:38","slug":"ezert-lepett-a-vonat-ele-a-gyonyoru-fiatal-no","status":"publish","type":"post","link":"https:\/\/matrend.hu\/nekedinfo\/ezert-lepett-a-vonat-ele-a-gyonyoru-fiatal-no\/","title":{"rendered":"Ez\u00e9rt l\u00e9pett a vonat el\u00e9 a gy\u00f6ny\u00f6r\u0171 fiatal n\u0151!"},"content":{"rendered":"<h3>A helysz\u00ednre \u00e9rkez\u0151 ment\u0151k \u00e9s rend\u0151r\u00f6k sz\u00e1m\u00e1ra hamar vil\u00e1goss\u00e1 v\u00e1lt: nem egy v\u00e9letlen trag\u00e9dia t\u00f6rt\u00e9nt. A n\u0151 t\u00e1sk\u00e1j\u00e1ban ugyanis egy apr\u00f3 cetlit tal\u00e1ltak, amelyen ez \u00e1llt:<br \/>\n\u201eA hangokat nem tudom elhallgattatni. Nem b\u00edrom tov\u00e1bb.\u201d<br \/>\nEz a megd\u00f6bbent\u0151 \u00fczenet \u00faj megvil\u00e1g\u00edt\u00e1sba helyezi a t\u00f6rt\u00e9nteket. Helyiek elmond\u00e1sa szerint a n\u0151 az ut\u00f3bbi id\u0151ben zavarodottnak t\u0171nt, de a csal\u00e1dja szeretettel vette k\u00f6r\u00fcl, \u00e9s minden lehets\u00e9ges seg\u00edts\u00e9get megpr\u00f3b\u00e1ltak biztos\u00edtani sz\u00e1m\u00e1ra. Senki sem gondolta volna, hogy id\u00e1ig fajulhat a helyzet \u2013 k\u00fcl\u00f6n\u00f6sen \u00fagy, hogy \u00e1ll\u00edt\u00f3lag egy hete orvosi kezel\u00e9s alatt is \u00e1llt. A n\u0151 ment\u00e1lis \u00e1llapota s\u00falyosan romolhatott az elm\u00falt napokban, a trag\u00e9dia pedig ennek a v\u00e9gpontja lehetett.<br \/>\nA telep\u00fcl\u00e9s lak\u00f3it megr\u00e1zta a t\u00f6rt\u00e9ntek h\u00edre:<\/h3>\n<h3><span style=\"color: #ff0000;\"><strong>A h\u00edr nem \u00e9rt v\u00e9get! Folytat\u00e1shoz haszn\u00e1ld a K\u00d6VETKEZ\u0150 OLDAL gombot!<\/strong><\/span><\/h3>\n<h3 style=\"text-align: right;\"><a href=\"https:\/\/matrend.hu\/maitrend\/?p=2635\" target=\"_blank\" rel=\"noopener\"><span style=\"color: #ff0000;\">&#8212;&gt;&gt; K\u00d6VETKEZ\u0150 OLDAL<\/span><\/a><\/h3>\n<p>&#8211;<\/p>\n<p>Ezek a m\u00f3dos\u00edt\u00e1sok alig v\u00e1ltoztatnak a Zoe karakter\u00e9n, \u00e9s a furgon v\u00e1ltozat ugyan\u00fagy viselkedik, mint a szupermini. Ez azt jelenti, hogy indul\u00e1skor \u00e9l\u00e9nk a teljes\u00edtm\u00e9ny, viszont kanyarod\u00e1skor meglehet\u0151sen h\u00e9tk\u00f6znapi \u00e9lm\u00e9nyt ny\u00fajt az akkumul\u00e1tor s\u00falya miatt.<br \/>\nA Zoe Van v\u00e1laszt\u00e9k Business \u00e9s Business+ v\u00e1ltozatokat tartalmaz, amelyek nagyj\u00e1b\u00f3l megfelelnek a szupermini Play \u00e9s Iconic felszerelts\u00e9gi szintjeinek, \u00edgy az ut\u00f3bbi p\u00e9ld\u00e1ul olyan extr\u00e1kat k\u00edn\u00e1l, mint az alufelnik, h\u00e1ts\u00f3 parkol\u00f3szenzorok, kl\u00edma, vezet\u00e9k n\u00e9lk\u00fcli t\u00f6lt\u00e9s \u00e9s navig\u00e1ci\u00f3.<\/p>\n<p>Mivel ez az egyetlen aut\u00f3alap\u00fa elektromos furgon a piacon, nincs k\u00f6zvetlen riv\u00e1lisa a Zoe Vannak. Ha sportosabb modellt keresel, a Ford Fiesta Sport Van el\u00e9rhet\u0151 benzinmotorral, \u00e9lvezetesebb vezet\u00e9si \u00e9lm\u00e9nnyel \u00e9s egy kicsivel nagyobb bels\u0151 t\u00e9rrel. Ha viszont ragaszkodsz a nulla kibocs\u00e1t\u00e1shoz, de nagyobb rakt\u00e9rre van sz\u00fcks\u00e9ged, akkor a Renault Kangoo ZE vagy a Nissan e-NV200 \u00e1ra nem sokkal magasabb, \u00e1m st\u00edlusban nem \u00e9rhetik utol a Zoe Vant.<br \/>\nHa csak szer\u00e9ny teherb\u00edr\u00e1sra van sz\u00fcks\u00e9ged egy haszong\u00e9pj\u00e1rm\u0171t\u0151l, viszont fontos sz\u00e1modra a kifinomults\u00e1g \u00e9s a divatos, k\u00f6rnyezettudatos im\u00e1zs, akkor a Zoe Van t\u00f6k\u00e9letes v\u00e1laszt\u00e1s. Ez egy kicsit speci\u00e1lis opci\u00f3 egy am\u00fagy is sz\u0171k piacon, de biztosak vagyunk benne, hogy meg fogja tal\u00e1lni a v\u00e1s\u00e1rl\u00f3it.<br \/>\nAz energiafogyaszt\u00e1s \u00e9s \u00fczemeltet\u00e9si k\u00f6lts\u00e9gek ter\u00e9n, mint minden elektromos j\u00e1rm\u0171n\u00e9l, a Zoe Van viszonylag magas indul\u00f3 v\u00e9tel\u00e1rral rendelkezik, de ezt ellens\u00falyozz\u00e1k az alacsony m\u0171k\u00f6d\u00e9si k\u00f6lts\u00e9gek, \u00edgy az \u00f6sszk\u00f6lts\u00e9g (TCO) versenyk\u00e9pes lehet b\u00e1rki sz\u00e1m\u00e1ra, aki szorosan sz\u00e1mol. Egy el\u0151nye a Zoe Vannak a szuperminihez k\u00e9pest, hogy jogosult a korm\u00e1ny \u00e1ltal ny\u00fajtott Plug-in Van Grant t\u00e1mogat\u00e1sra. Ennek k\u00f6sz\u00f6nhet\u0151en a Zoe Van lista\u00e1r\u00e1nak 20%-\u00e1t levonj\u00e1k (ami ak\u00e1r 6,800 font kedvezm\u00e9nyt jelent), m\u00edg a szupermini eset\u00e9ben csak 3,000 font a t\u00e1mogat\u00e1s. Ennek eredm\u00e9nyek\u00e9nt a lista\u00e1rak a Zoe Van Business v\u00e1ltozat eset\u00e9ben 20,000 font alatt kezd\u0151dnek \u00c1FA n\u00e9lk\u00fcl, a legdr\u00e1g\u00e1bb modell pedig a Business+ verzi\u00f3 opcion\u00e1lis gyorst\u00f6lt\u00e9ssel, amely k\u00f6r\u00fclbel\u00fcl 700 fonttal dr\u00e1g\u00e1bb.<\/p>\n","protected":false},"excerpt":{"rendered":"<p>A helysz\u00ednre \u00e9rkez\u0151 ment\u0151k \u00e9s rend\u0151r\u00f6k sz\u00e1m\u00e1ra hamar vil\u00e1goss\u00e1 v\u00e1lt: nem egy v\u00e9letlen trag\u00e9dia t\u00f6rt\u00e9nt. A n\u0151 t\u00e1sk\u00e1j\u00e1ban ugyanis egy&#8230; <span class=\"gridview-grid-post-read-more\"><a href=\"https:\/\/matrend.hu\/nekedinfo\/ezert-lepett-a-vonat-ele-a-gyonyoru-fiatal-no\/\">read more<span class=\"gridview-sr-only\"> Ez\u00e9rt l\u00e9pett a vonat el\u00e9 a gy\u00f6ny\u00f6r\u0171 fiatal n\u0151!<\/span><\/a><\/span><\/p>\n","protected":false},"author":1,"featured_media":2628,"comment_status":"open","ping_status":"open","sticky":false,"template":"","format":"standard","meta":{"footnotes":""},"categories":[1],"tags":[],"class_list":["post-2627","post","type-post","status-publish","format-standard","has-post-thumbnail","hentry","category-egyeb","wpcat-1-id"],"_links":{"self":[{"href":"https:\/\/matrend.hu\/nekedinfo\/wp-json\/wp\/v2\/posts\/2627","targetHints":{"allow":["GET"]}}],"collection":[{"href":"https:\/\/matrend.hu\/nekedinfo\/wp-json\/wp\/v2\/posts"}],"about":[{"href":"https:\/\/matrend.hu\/nekedinfo\/wp-json\/wp\/v2\/types\/post"}],"author":[{"embeddable":true,"href":"https:\/\/matrend.hu\/nekedinfo\/wp-json\/wp\/v2\/users\/1"}],"replies":[{"embeddable":true,"href":"https:\/\/matrend.hu\/nekedinfo\/wp-json\/wp\/v2\/comments?post=2627"}],"version-history":[{"count":1,"href":"https:\/\/matrend.hu\/nekedinfo\/wp-json\/wp\/v2\/posts\/2627\/revisions"}],"predecessor-version":[{"id":2629,"href":"https:\/\/matrend.hu\/nekedinfo\/wp-json\/wp\/v2\/posts\/2627\/revisions\/2629"}],"wp:featuredmedia":[{"embeddable":true,"href":"https:\/\/matrend.hu\/nekedinfo\/wp-json\/wp\/v2\/media\/2628"}],"wp:attachment":[{"href":"https:\/\/matrend.hu\/nekedinfo\/wp-json\/wp\/v2\/media?parent=2627"}],"wp:term":[{"taxonomy":"category","embeddable":true,"href":"https:\/\/matrend.hu\/nekedinfo\/wp-json\/wp\/v2\/categories?post=2627"},{"taxonomy":"post_tag","embeddable":true,"href":"https:\/\/matrend.hu\/nekedinfo\/wp-json\/wp\/v2\/tags?post=2627"}],"curies":[{"name":"wp","href":"https:\/\/api.w.org\/{rel}","templated":true}]}}