{"id":2633,"date":"2025-06-24T09:50:07","date_gmt":"2025-06-24T07:50:07","guid":{"rendered":"https:\/\/matrend.hu\/nekedinfo\/?p=2633"},"modified":"2025-06-24T09:50:07","modified_gmt":"2025-06-24T07:50:07","slug":"kiderult-miert-cserelte-le-a-tv2-till-attilat","status":"publish","type":"post","link":"https:\/\/matrend.hu\/nekedinfo\/kiderult-miert-cserelte-le-a-tv2-till-attilat\/","title":{"rendered":"Kider\u00fclt, mi\u00e9rt cser\u00e9lte le a TV2 Till Attil\u00e1t"},"content":{"rendered":"<h3>Fischer G\u00e1bor, a TV2 Csoport programstrat\u00e9giai \u00e9s tartalomgy\u00e1rt\u00e1si igazgat\u00f3ja most el\u00e1rulta, mi \u00e1ll a v\u00e1lt\u00e1s h\u00e1tter\u00e9ben. Fischer G\u00e1bor szerint a d\u00f6nt\u00e9s m\u00f6g\u00f6tt strat\u00e9giai megfontol\u00e1sok \u00e1llnak. A Megaszt\u00e1r 2003-as indul\u00e1sa \u00f3ta sz\u00e1mos v\u00e1ltoz\u00e1son ment kereszt\u00fcl, \u00e9s a csatorna \u00fagy v\u00e9li, hogy itt az ideje \u00faj arcokat bemutatni. EZT NYILATKOZTA TILL:<\/h3>\n<h3><span style=\"color: #ff0000;\"><strong>A h\u00edr nem \u00e9rt v\u00e9get! Folytat\u00e1shoz haszn\u00e1ld a K\u00d6VETKEZ\u0150 OLDAL gombot!<\/strong><\/span><\/h3>\n<h3 style=\"text-align: right;\"><a href=\"https:\/\/matrend.hu\/maitrend\/?p=2641\" target=\"_blank\" rel=\"noopener\"><span style=\"color: #ff0000;\">&#8212;&gt;&gt; K\u00d6VETKEZ\u0150 OLDAL<\/span><\/a><\/h3>\n<p>&#8211;<\/p>\n<p>Ez k\u00fcl\u00f6n\u00f6sen csal\u00f3d\u00e1st kelt\u0151 annak f\u00e9ny\u00e9ben, hogy a Renault maga is az utast\u00e9r k\u00e9nyelm\u00e9nek jav\u00edt\u00e1s\u00e1t nevezte meg egyik f\u0151 indokk\u00e9nt arra, hogy mi\u00e9rt nem t\u00e9rt \u00e1t a M\u00e9gane eset\u00e9ben az els\u0151ker\u00e9k-meghajt\u00e1sr\u00f3l a h\u00e1ts\u00f3ker\u00e9k-meghajt\u00e1sra. A d\u00f6nt\u00e9s teh\u00e1t azt sugallta, hogy az utasok k\u00e9nyelme, a t\u00e1gasabb t\u00e9r fontos szempont volt \u2013 ehhez k\u00e9pest a v\u00e9geredm\u00e9ny t\u00f6bb helyen ellentmond\u00e1sos \u00e9rz\u00e9seket kelt.<\/p>\n<p>Az viszont mindenk\u00e9ppen pozit\u00edvum, hogy a csomagtart\u00f3 rendk\u00edv\u00fcl m\u00e9retes, b\u00e1r ink\u00e1bb m\u00e9lys\u00e9g\u00e9ben, mint hossz\u00e1ban. Ennek oka a r\u00f6vid, z\u00f6m\u00f6k h\u00e1ts\u00f3 kialak\u00edt\u00e1s, ami korl\u00e1tozza a t\u00e9r kihaszn\u00e1lhat\u00f3s\u00e1g\u00e1t, de legal\u00e1bb egy als\u00f3 rekeszt is kapunk a t\u00f6lt\u0151k\u00e1belek sz\u00e1m\u00e1ra, amit k\u00fcl\u00f6n is \u00e9rdemes kiemelni. Ez az apr\u00f3, de praktikus megold\u00e1s sokat jelenthet a mindennapokban, hiszen \u00edgy nem kell a k\u00e1beleket ide-oda cs\u00faszk\u00e1lni hagyni a csomagt\u00e9rben, ami egy\u00e9bk\u00e9nt gyorsan kaotikuss\u00e1 tud v\u00e1lni.<\/p>\n<p>Be kell vallanom, nem tartozom a legkarcs\u00fabb sof\u0151r\u00f6k k\u00f6z\u00e9, de m\u00e9g ezzel egy\u00fctt is meglep\u0151en k\u00e9nyelmetlen \u00e9lm\u00e9ny be\u00fclni a M\u00e9gane-ba. Szinte minden alkalommal beverem a cs\u00edp\u0151met az ajt\u00f3keretbe, \u00e9s miut\u00e1n v\u00e9gre be\u00fcltem, a t\u00e9rdem \u00e9s a k\u00f6ny\u00f6k\u00f6m is folyamatosan \u00fctk\u00f6zik a kem\u00e9ny m\u0171anyagokba \u2013 legyen az az ajt\u00f3panel, a m\u0171szerfal vagy a k\u00f6ny\u00f6kl\u0151. Ezek a r\u00e9szletek nemcsak k\u00e9nyelmetlens\u00e9get jelentenek, hanem azt is sugallj\u00e1k, hogy az ergon\u00f3mia nem mindenhol kapott kiemelt figyelmet.<\/p>\n<p>Mindezek ellen\u00e9re, ha m\u00e1r siker\u00fcl helyet foglalni, az utast\u00e9r m\u00e9gis eg\u00e9szen kellemes benyom\u00e1st kelt. Az \u00fcl\u00e9sek k\u00e9nyelmesek, a m\u0171szerfalat bor\u00edt\u00f3 sz\u00f6vet pedig kifejezetten eszt\u00e9tikus, b\u00e1r k\u00edv\u00e1ncsi vagyok, hogy a vil\u00e1gos sz\u00edn nem okoz-e majd zavar\u00f3 t\u00fckr\u00f6z\u0151d\u00e9seket ny\u00e1ron, er\u0151s naps\u00fct\u00e9sben. A felszerelts\u00e9g szint\u00e9n dics\u00e9retet \u00e9rdemel: a k\u00f6z\u00e9ps\u0151, Techno n\u00e9vre keresztelt szinten m\u00e1r el\u00e9g sok minden j\u00e1r alapb\u00f3l. Ide tartoznak p\u00e9ld\u00e1ul a 20 colos, gy\u00e9m\u00e1ntcsiszolt k\u00f6nny\u0171f\u00e9m felnik, amelyek nemcsak st\u00edlusosak, de tov\u00e1bb emelik az aut\u00f3 megjelen\u00e9s\u00e9nek preszt\u00edzs\u00e9t is.<\/p>\n","protected":false},"excerpt":{"rendered":"<p>Fischer G\u00e1bor, a TV2 Csoport programstrat\u00e9giai \u00e9s tartalomgy\u00e1rt\u00e1si igazgat\u00f3ja most el\u00e1rulta, mi \u00e1ll a v\u00e1lt\u00e1s h\u00e1tter\u00e9ben. Fischer G\u00e1bor szerint a&#8230; <span class=\"gridview-grid-post-read-more\"><a href=\"https:\/\/matrend.hu\/nekedinfo\/kiderult-miert-cserelte-le-a-tv2-till-attilat\/\">read more<span class=\"gridview-sr-only\"> Kider\u00fclt, mi\u00e9rt cser\u00e9lte le a TV2 Till Attil\u00e1t<\/span><\/a><\/span><\/p>\n","protected":false},"author":1,"featured_media":2634,"comment_status":"open","ping_status":"open","sticky":false,"template":"","format":"standard","meta":{"footnotes":""},"categories":[1],"tags":[],"class_list":["post-2633","post","type-post","status-publish","format-standard","has-post-thumbnail","hentry","category-egyeb","wpcat-1-id"],"_links":{"self":[{"href":"https:\/\/matrend.hu\/nekedinfo\/wp-json\/wp\/v2\/posts\/2633","targetHints":{"allow":["GET"]}}],"collection":[{"href":"https:\/\/matrend.hu\/nekedinfo\/wp-json\/wp\/v2\/posts"}],"about":[{"href":"https:\/\/matrend.hu\/nekedinfo\/wp-json\/wp\/v2\/types\/post"}],"author":[{"embeddable":true,"href":"https:\/\/matrend.hu\/nekedinfo\/wp-json\/wp\/v2\/users\/1"}],"replies":[{"embeddable":true,"href":"https:\/\/matrend.hu\/nekedinfo\/wp-json\/wp\/v2\/comments?post=2633"}],"version-history":[{"count":1,"href":"https:\/\/matrend.hu\/nekedinfo\/wp-json\/wp\/v2\/posts\/2633\/revisions"}],"predecessor-version":[{"id":2635,"href":"https:\/\/matrend.hu\/nekedinfo\/wp-json\/wp\/v2\/posts\/2633\/revisions\/2635"}],"wp:featuredmedia":[{"embeddable":true,"href":"https:\/\/matrend.hu\/nekedinfo\/wp-json\/wp\/v2\/media\/2634"}],"wp:attachment":[{"href":"https:\/\/matrend.hu\/nekedinfo\/wp-json\/wp\/v2\/media?parent=2633"}],"wp:term":[{"taxonomy":"category","embeddable":true,"href":"https:\/\/matrend.hu\/nekedinfo\/wp-json\/wp\/v2\/categories?post=2633"},{"taxonomy":"post_tag","embeddable":true,"href":"https:\/\/matrend.hu\/nekedinfo\/wp-json\/wp\/v2\/tags?post=2633"}],"curies":[{"name":"wp","href":"https:\/\/api.w.org\/{rel}","templated":true}]}}