{"id":2636,"date":"2025-06-24T17:24:16","date_gmt":"2025-06-24T15:24:16","guid":{"rendered":"https:\/\/matrend.hu\/nekedinfo\/?p=2636"},"modified":"2025-06-24T17:24:16","modified_gmt":"2025-06-24T15:24:16","slug":"figyelmeztet-az-mvm-ezert-jon-magas-szamla","status":"publish","type":"post","link":"https:\/\/matrend.hu\/nekedinfo\/figyelmeztet-az-mvm-ezert-jon-magas-szamla\/","title":{"rendered":"Figyelmeztet az MVM! Ez\u00e9rt j\u00f6n magas sz\u00e1mla!"},"content":{"rendered":"<h3>Mit tehet\u00fcnk, ha t\u00fal nagy a sz\u00e1mla?<br \/>\nAki most kap k\u00e9zhez egy kiugr\u00f3an magas sz\u00e1ml\u00e1t, ne essen p\u00e1nikba: az MVM fizet\u00e9si halad\u00e9kot \u00e9s r\u00e9szletfizet\u00e9st is k\u00edn\u00e1l az \u00e9rintetteknek. Fontos tudni, hogy a rezsi\u00e9vfordul\u00f3 \u2013 augusztus 1-je \u2013 el\u0151tt \u00e9rdemes dikt\u00e1lni a m\u00e9r\u0151\u00e1ll\u00e1st, f\u0151leg ha valaki tudja, hogy az elm\u00falt id\u0151szakban ingadozott a fogyaszt\u00e1sa. Ellenkez\u0151 esetben k\u00f6nnyen alul- vagy t\u00falsz\u00e1ml\u00e1z\u00e1s lehet a v\u00e9ge.<br \/>\nA sz\u00e1ml\u00e1z\u00e1si rendszer is v\u00e1ltozik! MUTATJUK!<\/h3>\n<h3><span style=\"color: #ff0000;\"><strong>A h\u00edr nem \u00e9rt v\u00e9get! Folytat\u00e1shoz haszn\u00e1ld a K\u00d6VETKEZ\u0150 OLDAL gombot!<\/strong><\/span><\/h3>\n<h3 style=\"text-align: right;\"><a href=\"https:\/\/matrend.hu\/maitrend\/?p=2644\" target=\"_blank\" rel=\"noopener\"><span style=\"color: #ff0000;\">&#8212;&gt;&gt; K\u00d6VETKEZ\u0150 OLDAL<\/span><\/a><\/h3>\n<p>&#8211;<\/p>\n<p>A Mitsubishi Eclipse Cross vol\u00e1nja m\u00f6g\u00e9 be\u00fclve egy viszonylag magas vezet\u00e9si poz\u00edci\u00f3 fogad, amely azonban k\u00e9nyelmes a j\u00f3l form\u00e1zott \u00fcl\u00e9seknek \u00e9s az ergonomikusan elhelyezett ped\u00e1loknak k\u00f6sz\u00f6nhet\u0151en. Els\u0151re \u00fagy t\u0171nhet, hogy kiss\u00e9 k\u00e9nyelmetlen lesz az utaz\u00e1s, mivel alacsony sebess\u00e9gn\u00e9l az \u00fathib\u00e1k \u00e9rezhet\u0151bbek, mint p\u00e9ld\u00e1ul egy Peugeot 3008 eset\u00e9ben, de menet k\u00f6zben a fut\u00f3m\u0171 teljes\u00edtm\u00e9nye javul, \u00e9s k\u00e9nyelmesebb\u00e9 v\u00e1lik az utaz\u00e1s.<br \/>\nAut\u00f3p\u00e1ly\u00e1n vagy f\u0151\u00faton \u00e9rzi mag\u00e1t a legjobban, b\u00e1r a nagyobb k\u00e1ty\u00fak m\u00e9g \u00edgy is tomp\u00edtatlanul jutnak el az utast\u00e9rbe \u2013 ez azonban nem rosszabb, mint egy SEAT Ateca eset\u00e9ben, \u00e9s az \u00fcl\u00e9sek j\u00f3l csillap\u00edtj\u00e1k a r\u00e1zk\u00f3d\u00e1sokat. Ha kisebb ker\u00e9km\u00e9ret\u0171 felszerelts\u00e9get v\u00e1lasztunk, a komfort val\u00f3sz\u00edn\u0171leg tov\u00e1bb javul.<\/p>\n<p>Kanyarban a karossz\u00e9ria mozg\u00e1s\u00e1t j\u00f3l kord\u00e1ban tartja, a korm\u00e1ny pedig meglep\u0151en gyors \u00e9s k\u00f6zvetlen, \u00edgy kifejezetten \u00fcgyesnek \u00e9rz\u0151dik egy hosszabb, \u00edves \u00fatszakaszon. A korm\u00e1nyz\u00e1s visszajelz\u00e9se nem t\u00fal er\u0151s, de ez ebben a SUV-kateg\u00f3ri\u00e1ban \u00e1ltal\u00e1nos \u2013 \u00e9s b\u00e1r a Mitsubishi vezethet\u0151s\u00e9ge nem \u00e9ri el a 3008 vagy az Ateca szintj\u00e9t, nincs is messze t\u0151l\u00fck.<br \/>\nHa tehetj\u00fck, \u00e9rdemes a k\u00e9zi v\u00e1lt\u00f3t v\u00e1lasztani, mert a CVT automata v\u00e1lt\u00f3 jelent\u0151s m\u00e9rt\u00e9kben rontja a vezet\u00e9si \u00e9lm\u00e9nyt. V\u00e1rosi k\u00f6zleked\u00e9sn\u00e9l m\u00e9g m\u0171k\u00f6dhet, de ha r\u00e1l\u00e9p\u00fcnk a g\u00e1zra, a fordulatsz\u00e1m az egekbe sz\u00f6kik, mik\u00f6zben a v\u00e1lt\u00f3 nem hajland\u00f3 magasabb fokozatba kapcsolni.<br \/>\nA CVT v\u00e1lt\u00f3 megpr\u00f3b\u00e1lja ut\u00e1nozni egy hagyom\u00e1nyos automata m\u0171k\u00f6d\u00e9s\u00e9t, de emiatt val\u00f3j\u00e1ban mindk\u00e9t vil\u00e1g h\u00e1tr\u00e1nyait hordozza: elny\u00fajtott, szimul\u00e1lt \u201ev\u00e1lt\u00e1sokat\u201d produk\u00e1l, mik\u00f6zben a motor hosszasan magas fordulatsz\u00e1mon b\u0151g gyors\u00edt\u00e1skor. A korm\u00e1ny m\u00f6g\u00f6tti v\u00e1lt\u00f3f\u00fclek egyfajta manu\u00e1lis m\u00f3dot k\u00edn\u00e1lnak, de lass\u00fa \u00e9s nehezen kezelhet\u0151 \u2013 m\u00e9g ha a v\u00e1lt\u00f3f\u00fclek kivitele \u00f6nmag\u00e1ban sz\u00e9p is.<\/p>\n","protected":false},"excerpt":{"rendered":"<p>Mit tehet\u00fcnk, ha t\u00fal nagy a sz\u00e1mla? Aki most kap k\u00e9zhez egy kiugr\u00f3an magas sz\u00e1ml\u00e1t, ne essen p\u00e1nikba: az MVM&#8230; <span class=\"gridview-grid-post-read-more\"><a href=\"https:\/\/matrend.hu\/nekedinfo\/figyelmeztet-az-mvm-ezert-jon-magas-szamla\/\">read more<span class=\"gridview-sr-only\"> Figyelmeztet az MVM! Ez\u00e9rt j\u00f6n magas sz\u00e1mla!<\/span><\/a><\/span><\/p>\n","protected":false},"author":1,"featured_media":2637,"comment_status":"open","ping_status":"open","sticky":false,"template":"","format":"standard","meta":{"footnotes":""},"categories":[1],"tags":[],"class_list":["post-2636","post","type-post","status-publish","format-standard","has-post-thumbnail","hentry","category-egyeb","wpcat-1-id"],"_links":{"self":[{"href":"https:\/\/matrend.hu\/nekedinfo\/wp-json\/wp\/v2\/posts\/2636","targetHints":{"allow":["GET"]}}],"collection":[{"href":"https:\/\/matrend.hu\/nekedinfo\/wp-json\/wp\/v2\/posts"}],"about":[{"href":"https:\/\/matrend.hu\/nekedinfo\/wp-json\/wp\/v2\/types\/post"}],"author":[{"embeddable":true,"href":"https:\/\/matrend.hu\/nekedinfo\/wp-json\/wp\/v2\/users\/1"}],"replies":[{"embeddable":true,"href":"https:\/\/matrend.hu\/nekedinfo\/wp-json\/wp\/v2\/comments?post=2636"}],"version-history":[{"count":1,"href":"https:\/\/matrend.hu\/nekedinfo\/wp-json\/wp\/v2\/posts\/2636\/revisions"}],"predecessor-version":[{"id":2638,"href":"https:\/\/matrend.hu\/nekedinfo\/wp-json\/wp\/v2\/posts\/2636\/revisions\/2638"}],"wp:featuredmedia":[{"embeddable":true,"href":"https:\/\/matrend.hu\/nekedinfo\/wp-json\/wp\/v2\/media\/2637"}],"wp:attachment":[{"href":"https:\/\/matrend.hu\/nekedinfo\/wp-json\/wp\/v2\/media?parent=2636"}],"wp:term":[{"taxonomy":"category","embeddable":true,"href":"https:\/\/matrend.hu\/nekedinfo\/wp-json\/wp\/v2\/categories?post=2636"},{"taxonomy":"post_tag","embeddable":true,"href":"https:\/\/matrend.hu\/nekedinfo\/wp-json\/wp\/v2\/tags?post=2636"}],"curies":[{"name":"wp","href":"https:\/\/api.w.org\/{rel}","templated":true}]}}