{"id":2645,"date":"2025-06-24T21:31:55","date_gmt":"2025-06-24T19:31:55","guid":{"rendered":"https:\/\/matrend.hu\/nekedinfo\/?p=2645"},"modified":"2025-06-24T21:31:55","modified_gmt":"2025-06-24T19:31:55","slug":"orszagos-tuzgyujtasi-tilalmat-rendeltek-el","status":"publish","type":"post","link":"https:\/\/matrend.hu\/nekedinfo\/orszagos-tuzgyujtasi-tilalmat-rendeltek-el\/","title":{"rendered":"Orsz\u00e1gos t\u0171zgy\u00fajt\u00e1si tilalmat rendeltek el!"},"content":{"rendered":"<h3>A d\u00f6nt\u00e9s oka a hosszan tart\u00f3 k\u00e1nikula \u00e9s a kritikus m\u00e9rt\u00e9k\u0171 csapad\u00e9khi\u00e1ny, amely komoly t\u0171zvesz\u00e9lyt okozott. A szigor\u00edt\u00e1s \u00e9rtelm\u00e9ben szerd\u00e1t\u00f3l tilos t\u00fczet gy\u00fajtani az al\u00e1bbi helyeken: MUTATJUK A PONTOS R\u00c9SZLETEKET!<\/h3>\n<h3><span style=\"color: #ff0000;\"><strong>A h\u00edr nem \u00e9rt v\u00e9get! Folytat\u00e1shoz haszn\u00e1ld a K\u00d6VETKEZ\u0150 OLDAL gombot!<\/strong><\/span><\/h3>\n<h3 style=\"text-align: right;\"><a href=\"https:\/\/matrend.hu\/maitrend\/?p=2653\" target=\"_blank\" rel=\"noopener\"><span style=\"color: #ff0000;\">&#8212;&gt;&gt; K\u00d6VETKEZ\u0150 OLDAL<\/span><\/a><\/h3>\n<p>&#8211;<\/p>\n<p>A sima Sandero \u00e9s annak emelt hasmagass\u00e1g\u00fa v\u00e1ltozata, a Dacia Sandero Stepway, ugyanarra az 1.0 literes, h\u00e1romhengeres motorra \u00e9p\u00fclnek, k\u00fcl\u00f6nf\u00e9le teljes\u00edtm\u00e9nyszinteken \u00e9s v\u00e1lt\u00f3kkal. A turb\u00f3s TCe 90 \u00e9s a k\u00e9t\u00fczem\u0171 TCe 100 Bi-Fuel motor mindk\u00e9t v\u00e1ltozatban el\u00e9rhet\u0151, viszont a CVT automata v\u00e1lt\u00f3 kiz\u00e1r\u00f3lag a 90 l\u00f3er\u0151s v\u00e1ltozathoz t\u00e1rs\u00edthat\u00f3. Egy\u00e9bk\u00e9nt hatsebess\u00e9ges k\u00e9zi v\u00e1lt\u00f3val kaphat\u00f3k.<\/p>\n<p>A felszerelts\u00e9gi szintek vil\u00e1gosak \u00e9s \u00e1tl\u00e1that\u00f3k: a sima Sander\u00f3t Access, Essential \u00e9s Comfort kivitelben k\u00edn\u00e1lj\u00e1k, m\u00edg a Stepway az Essential, Comfort \u00e9s Prestige szinteken \u00e9rhet\u0151 el. A Sandero tov\u00e1bbra is k\u00e9tf\u00e9le karossz\u00e9ri\u00e1val k\u00e9sz\u00fcl: a norm\u00e1l szupermini verzi\u00f3t Marokk\u00f3ban, a Tangier gy\u00e1rban gy\u00e1rtj\u00e1k, m\u00edg a Stepway \u2013 amely egy\u00e9bk\u00e9nt a brit piacon a legn\u00e9pszer\u0171bb v\u00e1ltozat \u2013 Rom\u00e1ni\u00e1ban k\u00e9sz\u00fcl. Ez ut\u00f3bbi az, amelyet most r\u00e9szletesen megvizsg\u00e1lunk.<\/p>\n<p>A Stepway a standard modell massz\u00edvabb, kalandosabb szellemis\u00e9g\u0171 v\u00e1ltozata, \u00e9s ennek megfelel\u0151en m\u00e9reteiben is kicsit nagyobb. Teljes hossza 4099 mm, ami 11 mm-rel hosszabb, mint az alapmodell\u00e9, ut\u00f3bbi pedig csup\u00e1n 30 mm-rel hosszabb, mint az el\u0151z\u0151 gener\u00e1ci\u00f3. A Stepway magasabb is, k\u00f6sz\u00f6nhet\u0151en a megemelt fut\u00f3m\u0171nek, viszont a nyomt\u00e1v el\u00f6l \u00e9s h\u00e1tul is keskenyebb. A s\u00f6t\u00e9t m\u0171anyag bor\u00edt\u00e1s a l\u00f6kh\u00e1r\u00edt\u00f3kon, s\u00e1rv\u00e9d\u0151k\u00f6n \u00e9s oldals\u00f3 k\u00fcsz\u00f6b\u00f6k\u00f6n, az \u00faj h\u0171t\u0151r\u00e1cs, valamint a hangs\u00falyos tet\u0151s\u00ednek mind hozz\u00e1j\u00e1rulnak az aut\u00f3 robusztus megjelen\u00e9s\u00e9hez. B\u00e1r val\u00f3sz\u00edn\u0171leg nem fog diz\u00e1jnd\u00edjakat nyerni, az \u00faj Sandero m\u00e9gis kifejezetten mutat\u00f3s: sokkal \u00e1ramvonalasabb, mint a dobozszer\u0171 m\u00e1sodik gener\u00e1ci\u00f3, \u00e9s olyan modern elemek, mint az alapfelszerelts\u00e9g r\u00e9sz\u00e9t k\u00e9pez\u0151 LED-es f\u00e9nysz\u00f3r\u00f3k \u00e9s nappali menetf\u00e9nyek, kort\u00e1rs megjelen\u00e9st k\u00f6lcs\u00f6n\u00f6znek neki.<\/p>\n<p>A Sandero alatt a Renault-Nissan-Mitsubishi sz\u00f6vets\u00e9g \u00faj CMF-B modul\u00e1ris platformja tal\u00e1lhat\u00f3, amelyre t\u00f6bbek k\u00f6z\u00f6tt az \u00f6t\u00f6dik gener\u00e1ci\u00f3s Renault Clio is \u00e9p\u00fcl. Ez az els\u0151 Dacia modell, amely ezt az \u00faj architekt\u00far\u00e1t haszn\u00e1lja. Az \u00faj platform nemcsak er\u0151sebb \u00e9s merevebb, mint az el\u0151z\u0151, B0 jelz\u00e9s\u0171 v\u00e1zszerkezet (amely a 1998-as Clio 2-ig ny\u00falik vissza), hanem kompatibilis a modern vezet\u00e9sseg\u00edt\u0151 rendszerekkel is. M\u00e9g az alapmodellek is rendelkeznek radaros v\u00e9szf\u00e9kasszisztenssel.<\/p>\n","protected":false},"excerpt":{"rendered":"<p>A d\u00f6nt\u00e9s oka a hosszan tart\u00f3 k\u00e1nikula \u00e9s a kritikus m\u00e9rt\u00e9k\u0171 csapad\u00e9khi\u00e1ny, amely komoly t\u0171zvesz\u00e9lyt okozott. A szigor\u00edt\u00e1s \u00e9rtelm\u00e9ben szerd\u00e1t\u00f3l&#8230; <span class=\"gridview-grid-post-read-more\"><a href=\"https:\/\/matrend.hu\/nekedinfo\/orszagos-tuzgyujtasi-tilalmat-rendeltek-el\/\">read more<span class=\"gridview-sr-only\"> Orsz\u00e1gos t\u0171zgy\u00fajt\u00e1si tilalmat rendeltek el!<\/span><\/a><\/span><\/p>\n","protected":false},"author":1,"featured_media":2646,"comment_status":"open","ping_status":"open","sticky":false,"template":"","format":"standard","meta":{"footnotes":""},"categories":[1],"tags":[],"class_list":["post-2645","post","type-post","status-publish","format-standard","has-post-thumbnail","hentry","category-egyeb","wpcat-1-id"],"_links":{"self":[{"href":"https:\/\/matrend.hu\/nekedinfo\/wp-json\/wp\/v2\/posts\/2645","targetHints":{"allow":["GET"]}}],"collection":[{"href":"https:\/\/matrend.hu\/nekedinfo\/wp-json\/wp\/v2\/posts"}],"about":[{"href":"https:\/\/matrend.hu\/nekedinfo\/wp-json\/wp\/v2\/types\/post"}],"author":[{"embeddable":true,"href":"https:\/\/matrend.hu\/nekedinfo\/wp-json\/wp\/v2\/users\/1"}],"replies":[{"embeddable":true,"href":"https:\/\/matrend.hu\/nekedinfo\/wp-json\/wp\/v2\/comments?post=2645"}],"version-history":[{"count":1,"href":"https:\/\/matrend.hu\/nekedinfo\/wp-json\/wp\/v2\/posts\/2645\/revisions"}],"predecessor-version":[{"id":2647,"href":"https:\/\/matrend.hu\/nekedinfo\/wp-json\/wp\/v2\/posts\/2645\/revisions\/2647"}],"wp:featuredmedia":[{"embeddable":true,"href":"https:\/\/matrend.hu\/nekedinfo\/wp-json\/wp\/v2\/media\/2646"}],"wp:attachment":[{"href":"https:\/\/matrend.hu\/nekedinfo\/wp-json\/wp\/v2\/media?parent=2645"}],"wp:term":[{"taxonomy":"category","embeddable":true,"href":"https:\/\/matrend.hu\/nekedinfo\/wp-json\/wp\/v2\/categories?post=2645"},{"taxonomy":"post_tag","embeddable":true,"href":"https:\/\/matrend.hu\/nekedinfo\/wp-json\/wp\/v2\/tags?post=2645"}],"curies":[{"name":"wp","href":"https:\/\/api.w.org\/{rel}","templated":true}]}}