{"id":2657,"date":"2025-06-25T19:27:16","date_gmt":"2025-06-25T17:27:16","guid":{"rendered":"https:\/\/matrend.hu\/nekedinfo\/?p=2657"},"modified":"2025-06-25T19:27:16","modified_gmt":"2025-06-25T17:27:16","slug":"oriasi-a-baj-hevesi-tamasrol-van-szo","status":"publish","type":"post","link":"https:\/\/matrend.hu\/nekedinfo\/oriasi-a-baj-hevesi-tamasrol-van-szo\/","title":{"rendered":"\u00d3ri\u00e1si a baj! Hevesi Tam\u00e1sr\u00f3l van sz\u00f3!"},"content":{"rendered":"<h3>Aki azonban jobban odafigyel, az r\u00f6gt\u00f6n \u00e9szreveszi, hogy a k\u00e9p \u00e9s hang nincs \u00f6sszhangban: mesters\u00e9ges intelligenci\u00e1val gener\u00e1lt tartalomr\u00f3l van sz\u00f3. Azonban ez a megt\u00e9veszt\u00e9s k\u00fcl\u00f6n\u00f6sen vesz\u00e9lyes az id\u0151sebb koroszt\u00e1ly sz\u00e1m\u00e1ra, akik k\u00f6nnyebben bed\u0151lhetnek az ilyen tr\u00fckk\u00f6knek. A csal\u00f3k gyakorlatilag ellopt\u00e1k az \u00e9nekes k\u00fclsej\u00e9t \u00e9s szavait, hogy megt\u00e9veszt\u0151 rekl\u00e1mhoz haszn\u00e1lj\u00e1k fel. Hevesi Tam\u00e1s a Borson kereszt\u00fcl is figyelmeztet: senki ne higgyen a vesz\u00e9lyes hazugs\u00e1gnak!<br \/>\nEMBER\u00c9LETEKR\u0150L VAN SZ\u00d3:<\/h3>\n<h3><span style=\"color: #ff0000;\"><strong>A h\u00edr nem \u00e9rt v\u00e9get! Folytat\u00e1shoz haszn\u00e1ld a K\u00d6VETKEZ\u0150 OLDAL gombot!<\/strong><\/span><\/h3>\n<h3 style=\"text-align: right;\"><a href=\"https:\/\/matrend.hu\/maitrend\/?p=2665\" target=\"_blank\" rel=\"noopener\"><span style=\"color: #ff0000;\">&#8212;&gt;&gt; K\u00d6VETKEZ\u0150 OLDAL<\/span><\/a><\/h3>\n<p>&#8211;<\/p>\n<p>A Pulsar felszerelts\u00e9gi v\u00e1laszt\u00e9ka megegyezik a Qashqai-\u00e9val, vagyis Visia, Acenta, n-tec \u00e9s Tekna modellek k\u00f6z\u00fcl v\u00e1laszthatunk. Egyed\u00fcl a 1,6 literes DIG-T 190 l\u00f3er\u0151s benzines motorral nem rendelhet\u0151 Visia kivitel.<br \/>\nA Visia szintt\u0151l felfel\u00e9 minden v\u00e1ltozat gazdag alapfelszerelts\u00e9get k\u00edn\u00e1l, amely mag\u00e1ban foglal egy \u00f6tcolos sz\u00ednes TFT kijelz\u0151t a vezet\u0151 el\u0151tt, hat l\u00e9gzs\u00e1kot, Bluetooth- \u00e9s iPod-csatlakoz\u00e1st, tempomatot, kl\u00edmaberendez\u00e9st, abroncsnyom\u00e1s-ellen\u0151rz\u0151 rendszert, valamint CD-lej\u00e1tsz\u00f3t.<br \/>\nAz Acenta felszerelts\u00e9ghez hat hangsz\u00f3r\u00f3s sztere\u00f3, automatikus vil\u00e1g\u00edt\u00e1s \u00e9s ablakt\u00f6rl\u0151k, k\u00e9tz\u00f3n\u00e1s kl\u00edma, k\u00f6dl\u00e1mp\u00e1k, f\u0171thet\u0151 visszapillant\u00f3 t\u00fckr\u00f6k \u00e9s b\u0151rkorm\u00e1ny is t\u00e1rsul.<\/p>\n<p>Az n-tec szint f\u0151bb jellemz\u0151i k\u00f6z\u00f6tt szerepelnek a s\u00f6t\u00e9t\u00edtett ablakok, LED f\u00e9nysz\u00f3r\u00f3k, NissanConnect infotainment rendszer \u00e9s tolat\u00f3kamera, m\u00edg a Tekna kivitel b\u0151kez\u0171en felszerelt, f\u0171thet\u0151 b\u0151r\u00fcl\u00e9sekkel, valamint a teljes Safety Shield csomaggal, amely tartalmazza a s\u00e1vtart\u00f3 figyelmeztet\u0151t, holtt\u00e9rfigyel\u0151t \u00e9s a k\u00f6rpanor\u00e1m\u00e1s kamerarendszert.<br \/>\nB\u00e1r a Pulsar n\u00e9v nem igaz\u00e1n ismert az Egyes\u00fclt Kir\u00e1lys\u00e1gban, vil\u00e1gszerte olyan modelleken haszn\u00e1lt\u00e1k, amelyeket az Egyes\u00fclt Kir\u00e1lys\u00e1gban Cherry, Sunny vagy Almera n\u00e9ven ismertek. Ellent\u00e9tben a Qashqaival, amelyet Nissan Sunderland-i gy\u00e1r\u00e1ban szerelnek \u00f6ssze, a Pulsart Barcelon\u00e1ban, Spanyolorsz\u00e1gban gy\u00e1rtj\u00e1k. Nemcsak a platformj\u00e1t osztja meg a Qashqaival, hanem az \u00faj Renault Megane, Kadjar \u00e9s Scenic modellek alapj\u00e1t is k\u00e9pezi.<br \/>\nB\u00e1r a Pulsar sosem volt igaz\u00e1n sikeres elad\u00e1sok tekintet\u00e9ben a Nissan sz\u00e1m\u00e1ra, ma m\u00e1r \u00edg\u00e9retes haszn\u00e1lt aut\u00f3k\u00e9nt tartj\u00e1k sz\u00e1mon. Az \u00e9rt\u00e9kcs\u00f6kken\u00e9se gyorsabb volt, mint a Qashqai\u00e9, \u00edgy ha valaki nem kedveli a magasabb SUV megjelen\u00e9st, a Pulsar hasonl\u00f3 felszerelts\u00e9get \u00e9s szinte ugyanolyan t\u00e1gas bels\u0151 teret k\u00edn\u00e1l, mint crossover testv\u00e9re.<\/p>\n","protected":false},"excerpt":{"rendered":"<p>Aki azonban jobban odafigyel, az r\u00f6gt\u00f6n \u00e9szreveszi, hogy a k\u00e9p \u00e9s hang nincs \u00f6sszhangban: mesters\u00e9ges intelligenci\u00e1val gener\u00e1lt tartalomr\u00f3l van sz\u00f3&#8230;. <span class=\"gridview-grid-post-read-more\"><a href=\"https:\/\/matrend.hu\/nekedinfo\/oriasi-a-baj-hevesi-tamasrol-van-szo\/\">read more<span class=\"gridview-sr-only\"> \u00d3ri\u00e1si a baj! Hevesi Tam\u00e1sr\u00f3l van sz\u00f3!<\/span><\/a><\/span><\/p>\n","protected":false},"author":1,"featured_media":2658,"comment_status":"open","ping_status":"open","sticky":false,"template":"","format":"standard","meta":{"footnotes":""},"categories":[1],"tags":[],"class_list":["post-2657","post","type-post","status-publish","format-standard","has-post-thumbnail","hentry","category-egyeb","wpcat-1-id"],"_links":{"self":[{"href":"https:\/\/matrend.hu\/nekedinfo\/wp-json\/wp\/v2\/posts\/2657","targetHints":{"allow":["GET"]}}],"collection":[{"href":"https:\/\/matrend.hu\/nekedinfo\/wp-json\/wp\/v2\/posts"}],"about":[{"href":"https:\/\/matrend.hu\/nekedinfo\/wp-json\/wp\/v2\/types\/post"}],"author":[{"embeddable":true,"href":"https:\/\/matrend.hu\/nekedinfo\/wp-json\/wp\/v2\/users\/1"}],"replies":[{"embeddable":true,"href":"https:\/\/matrend.hu\/nekedinfo\/wp-json\/wp\/v2\/comments?post=2657"}],"version-history":[{"count":1,"href":"https:\/\/matrend.hu\/nekedinfo\/wp-json\/wp\/v2\/posts\/2657\/revisions"}],"predecessor-version":[{"id":2659,"href":"https:\/\/matrend.hu\/nekedinfo\/wp-json\/wp\/v2\/posts\/2657\/revisions\/2659"}],"wp:featuredmedia":[{"embeddable":true,"href":"https:\/\/matrend.hu\/nekedinfo\/wp-json\/wp\/v2\/media\/2658"}],"wp:attachment":[{"href":"https:\/\/matrend.hu\/nekedinfo\/wp-json\/wp\/v2\/media?parent=2657"}],"wp:term":[{"taxonomy":"category","embeddable":true,"href":"https:\/\/matrend.hu\/nekedinfo\/wp-json\/wp\/v2\/categories?post=2657"},{"taxonomy":"post_tag","embeddable":true,"href":"https:\/\/matrend.hu\/nekedinfo\/wp-json\/wp\/v2\/tags?post=2657"}],"curies":[{"name":"wp","href":"https:\/\/api.w.org\/{rel}","templated":true}]}}