{"id":2660,"date":"2025-06-25T20:03:56","date_gmt":"2025-06-25T18:03:56","guid":{"rendered":"https:\/\/matrend.hu\/nekedinfo\/?p=2660"},"modified":"2025-06-25T20:03:56","modified_gmt":"2025-06-25T18:03:56","slug":"gyurcsany-a-kovetkezo-nagy-o-mutajuk","status":"publish","type":"post","link":"https:\/\/matrend.hu\/nekedinfo\/gyurcsany-a-kovetkezo-nagy-o-mutajuk\/","title":{"rendered":"Gyurcs\u00e1ny a k\u00f6vetkez\u0151 nagy \u0150! Mutajuk!"},"content":{"rendered":"<h3>Egyre t\u00f6bben szeretn\u00e9k, ha Gyurcs\u00e1ny Ferenc, az egykori korm\u00e1nyf\u0151 lenne a k\u00f6vetkez\u0151 Nagy \u0150. Az \u00f6tlet m\u00e1jusi visszavonul\u00e1sa \u00e9s v\u00e1l\u00e1sa nyom\u00e1n kapott sz\u00e1rnyra \u2013 sokan \u00fagy v\u00e9lik, most &#8222;szabad pr\u00e9da&#8221; lett a politikus. A k\u00f6z\u00f6ss\u00e9gi oldalakon t\u00f6bb komment sz\u00fcletett, gyakran egy-egy Gyurcs\u00e1ny-fot\u00f3val jelezve az ig\u00e9nyt.<br \/>\nNem Gyurcs\u00e1ny az egyetlen n\u00e9v, akit bedobtak: Stohl Andr\u00e1s, aki szint\u00e9n a v\u00e1l\u00e1s k\u00f6zep\u00e9n j\u00e1r, szint\u00e9n sokakn\u00e1l felmer\u00fclt lehets\u00e9ges f\u0151szerepl\u0151k\u00e9nt. A sz\u00edn\u00e9sz v\u00e1l\u00e1sa Stohl Vic\u00e1val a k\u00f6zelm\u00faltban ker\u00fclt nyilv\u00e1noss\u00e1gra.<br \/>\nDE AKKOR KI LESZ A NAGY \u0150?<\/h3>\n<h3><span style=\"color: #ff0000;\"><strong>A h\u00edr nem \u00e9rt v\u00e9get! Folytat\u00e1shoz haszn\u00e1ld a K\u00d6VETKEZ\u0150 OLDAL gombot!<\/strong><\/span><\/h3>\n<h3 style=\"text-align: right;\"><a href=\"https:\/\/matrend.hu\/maitrend\/?p=2668\" target=\"_blank\" rel=\"noopener\"><span style=\"color: #ff0000;\">&#8212;&gt;&gt; K\u00d6VETKEZ\u0150 OLDAL<\/span><\/a><\/h3>\n<p>&#8211;<\/p>\n<p>A zs\u00fafolt kompakt ferdeh\u00e1t\u00fa kateg\u00f3ri\u00e1ban a Hyundai i30 Fastback egyedi alternat\u00edv\u00e1t k\u00edn\u00e1l a megszokott modellekkel szemben. K\u00f6zvetlen riv\u00e1lisa gyakorlatilag nincs \u2013 p\u00e9ld\u00e1ul a Mercedes A-oszt\u00e1ly limuzinv\u00e1ltozata j\u00f3val dr\u00e1g\u00e1bb \u2013, \u00edgy az i30 Fastback els\u0151sorban k\u00fcl\u00f6nleges megjelen\u00e9s\u00e9re t\u00e1maszkodik, hogy elcs\u00e1b\u00edtsa a v\u00e1s\u00e1rl\u00f3kat a f\u0151bb versenyt\u00e1rsakt\u00f3l, mint amilyen a Ford Focus, a Volkswagen Golf, az Opel Astra vagy a Kia Ceed. A Kia szint\u00e9n k\u00edn\u00e1l egy hasonl\u00f3 szeml\u00e9let\u0171 modellt, a Proceedet, amely ink\u00e1bb egy kombira eml\u00e9keztet, mintsem egy n\u00e9gyajt\u00f3s kup\u00e9ra, de hasonl\u00f3k\u00e9ppen a formatervez\u00e9sre \u00e9p\u00edt, mik\u00f6zben nagyobb utasteret k\u00edn\u00e1l.<br \/>\nA motorok \u00e9s a vezet\u00e9si \u00e9lm\u00e9ny tekintet\u00e9ben a Hyundai k\u00edn\u00e1lata \u00e1ltal\u00e1ban kiegyens\u00falyozott, j\u00f3l teljes\u00edt a k\u00e9nyelem \u00e9s a vezethet\u0151s\u00e9g k\u00f6z\u00f6tti arany k\u00f6z\u00e9p\u00fat megtal\u00e1l\u00e1s\u00e1ban, \u00e9s az i30 Fastback is ezt az ir\u00e1nyt k\u00f6veti. A Fastback v\u00e1ltozat n\u00e9h\u00e1ny r\u00e9szlet\u00e9ben elt\u00e9r a hagyom\u00e1nyos ferdeh\u00e1t\u00fat\u00f3l: p\u00e9ld\u00e1ul a karossz\u00e9ria valamivel merevebb, a fut\u00f3m\u0171 pedig kicsit alacsonyabbra \u00e9s feszesebbre hangolt. Ugyanakkor az alapv\u00e1ltozatn\u00e1l tov\u00e1bbra is a k\u00e9nyelmes utaz\u00e1s \u00e9s a j\u00f3l kontroll\u00e1lt \u00fattart\u00e1s az els\u0151dleges c\u00e9l.<\/p>\n<p>Az i30 Fastback j\u00f3l boldogul mindenf\u00e9le \u00fatfel\u00fcleten, \u00e9s b\u00e1r egyik ter\u00fcleten sem ny\u00fajt kiemelked\u0151t, \u00f6sszess\u00e9g\u00e9ben meglep\u0151en megb\u00edzhat\u00f3 \u00e9s k\u00f6nnyed vezet\u00e9si \u00e9lm\u00e9nyt k\u00edn\u00e1l. A hatfokozat\u00fa k\u00e9zi v\u00e1lt\u00f3 finoman m\u0171k\u00f6dik, a f\u00e9kek pedig j\u00f3l adagolhat\u00f3k \u00e9s hat\u00e9konyan lass\u00edtanak. A korm\u00e1nyz\u00e1s az \u00e1tlagosn\u00e1l kiss\u00e9 nehezebb \u00e9rzet\u0171, \u00e9s a korm\u00e1ny\u00e1tt\u00e9tel sem k\u00fcl\u00f6n\u00f6sebben gyors, de pontos \u00e9s kisz\u00e1m\u00edthat\u00f3, \u00edgy az aut\u00f3 minden vezet\u0151t\u00edpus sz\u00e1m\u00e1ra k\u00f6nnyen kezelhet\u0151.<br \/>\nAz i30 Fastback N egy eg\u00e9szen m\u00e1s szintet k\u00e9pvisel: j\u00f3val kem\u00e9nyebb fut\u00f3m\u0171vet, egyedi v\u00e1lt\u00f3t, motort \u00e9s elektronikus vezet\u00e9si programokat kapott, amelyeket az i30 N ferdeh\u00e1t\u00fa v\u00e1ltozatb\u00f3l emeltek \u00e1t. B\u00e1r a rug\u00f3z\u00e1s itt is \u00e9rezhet\u0151en feszesebb, mint a t\u00f6bbi Fastback modellen, nem annyira kem\u00e9ny, mint a hagyom\u00e1nyos i30 N-\u00e9, \u00e9s ez kifejezetten j\u00f3t tesz neki. A korm\u00e1nyreakci\u00f3k \u00e9lesebbek, az \u00e9lm\u00e9ny pedig j\u00f3val izgalmasabb, ami k\u00fcl\u00f6n\u00f6sen a sportos vezet\u00e9st kedvel\u0151knek kedvez.<br \/>\nA motorv\u00e1laszt\u00e9k bel\u00e9p\u0151szintj\u00e9n az 1,0 literes, h\u00e1romhengeres turb\u00f3s benzines tal\u00e1lhat\u00f3, 119 l\u00f3er\u0151vel \u00e9s 171 Nm nyomat\u00e9kkal. Ez egy \u00e9l\u00e9nk motor, sz\u00edvesen p\u00f6r\u00f6g \u00e9s takar\u00e9kos, de teljes\u00edtm\u00e9nye visszafogott: 0-r\u00f3l 100 km\/\u00f3r\u00e1ra 11,5 m\u00e1sodperc alatt gyorsul, a v\u00e9gsebess\u00e9ge pedig 188 km\/\u00f3ra. Az 1,4 literes, n\u00e9gyhengeres motor m\u00e1r kiegyens\u00falyozottabb teljes\u00edtm\u00e9nyt ny\u00fajt, 138 l\u00f3er\u0151vel \u00e9s 242 Nm nyomat\u00e9kkal, amivel 9,2 m\u00e1sodperc alatt \u00e9ri el a 100 km\/\u00f3r\u00e1t, a v\u00e9gsebess\u00e9ge pedig 208 km\/\u00f3ra. Ez a motor valamivel kifinomultabb, mint a h\u00e1romhengeres, b\u00e1r ut\u00f3bbi magasabb fordulatsz\u00e1mon kellemesebb hang\u00e9lm\u00e9nyt ny\u00fajt.<\/p>\n","protected":false},"excerpt":{"rendered":"<p>Egyre t\u00f6bben szeretn\u00e9k, ha Gyurcs\u00e1ny Ferenc, az egykori korm\u00e1nyf\u0151 lenne a k\u00f6vetkez\u0151 Nagy \u0150. Az \u00f6tlet m\u00e1jusi visszavonul\u00e1sa \u00e9s v\u00e1l\u00e1sa&#8230; <span class=\"gridview-grid-post-read-more\"><a href=\"https:\/\/matrend.hu\/nekedinfo\/gyurcsany-a-kovetkezo-nagy-o-mutajuk\/\">read more<span class=\"gridview-sr-only\"> Gyurcs\u00e1ny a k\u00f6vetkez\u0151 nagy \u0150! Mutajuk!<\/span><\/a><\/span><\/p>\n","protected":false},"author":1,"featured_media":2661,"comment_status":"open","ping_status":"open","sticky":false,"template":"","format":"standard","meta":{"footnotes":""},"categories":[1],"tags":[],"class_list":["post-2660","post","type-post","status-publish","format-standard","has-post-thumbnail","hentry","category-egyeb","wpcat-1-id"],"_links":{"self":[{"href":"https:\/\/matrend.hu\/nekedinfo\/wp-json\/wp\/v2\/posts\/2660","targetHints":{"allow":["GET"]}}],"collection":[{"href":"https:\/\/matrend.hu\/nekedinfo\/wp-json\/wp\/v2\/posts"}],"about":[{"href":"https:\/\/matrend.hu\/nekedinfo\/wp-json\/wp\/v2\/types\/post"}],"author":[{"embeddable":true,"href":"https:\/\/matrend.hu\/nekedinfo\/wp-json\/wp\/v2\/users\/1"}],"replies":[{"embeddable":true,"href":"https:\/\/matrend.hu\/nekedinfo\/wp-json\/wp\/v2\/comments?post=2660"}],"version-history":[{"count":1,"href":"https:\/\/matrend.hu\/nekedinfo\/wp-json\/wp\/v2\/posts\/2660\/revisions"}],"predecessor-version":[{"id":2662,"href":"https:\/\/matrend.hu\/nekedinfo\/wp-json\/wp\/v2\/posts\/2660\/revisions\/2662"}],"wp:featuredmedia":[{"embeddable":true,"href":"https:\/\/matrend.hu\/nekedinfo\/wp-json\/wp\/v2\/media\/2661"}],"wp:attachment":[{"href":"https:\/\/matrend.hu\/nekedinfo\/wp-json\/wp\/v2\/media?parent=2660"}],"wp:term":[{"taxonomy":"category","embeddable":true,"href":"https:\/\/matrend.hu\/nekedinfo\/wp-json\/wp\/v2\/categories?post=2660"},{"taxonomy":"post_tag","embeddable":true,"href":"https:\/\/matrend.hu\/nekedinfo\/wp-json\/wp\/v2\/tags?post=2660"}],"curies":[{"name":"wp","href":"https:\/\/api.w.org\/{rel}","templated":true}]}}