{"id":2666,"date":"2025-06-26T07:22:18","date_gmt":"2025-06-26T05:22:18","guid":{"rendered":"https:\/\/matrend.hu\/nekedinfo\/?p=2666"},"modified":"2025-06-26T07:22:18","modified_gmt":"2025-06-26T05:22:18","slug":"foldrenges-volt-magyarorszagon","status":"publish","type":"post","link":"https:\/\/matrend.hu\/nekedinfo\/foldrenges-volt-magyarorszagon\/","title":{"rendered":"F\u00f6ldreng\u00e9s volt Magyarorsz\u00e1gon!"},"content":{"rendered":"<h3>2,5 volt, az epicentrum pedig Gy\u0151r v\u00e1rosa k\u00f6zvetlen k\u00f6rnyezet\u00e9ben, a Bakony\u2013Balaton-felvid\u00e9ki \u00e9s az Alpokalja\u2013Kisalf\u00f6ldi t\u00f6r\u00e9svonal tal\u00e1lkoz\u00e1s\u00e1n\u00e1l helyezkedett el. Amikor a f\u00f6ld megmozdult: a reng\u00e9s lefoly\u00e1sa: Id\u0151pont: 2025. j\u00fanius 24., 20:56:14\u00a0 Magnit\u00fad\u00f3: 2,5 (ML sk\u00e1la) Epicentrum:<\/h3>\n<h3><span style=\"color: #ff0000;\"><strong>A h\u00edr nem \u00e9rt v\u00e9get! Folytat\u00e1shoz haszn\u00e1ld a K\u00d6VETKEZ\u0150 OLDAL gombot!<\/strong><\/span><\/h3>\n<h3 style=\"text-align: right;\"><a href=\"https:\/\/matrend.hu\/maitrend\/?p=2674\" target=\"_blank\" rel=\"noopener\"><span style=\"color: #ff0000;\">&#8212;&gt;&gt; K\u00d6VETKEZ\u0150 OLDAL<\/span><\/a><\/h3>\n<p>&#8211;<\/p>\n<p>M\u00e1r az alapfelszerelts\u00e9g\u0171 Air modell is meglehet\u0151sen gazdagon van ell\u00e1tva: teljes LED vil\u00e1g\u00edt\u00e1s el\u00f6l-h\u00e1tul, automata f\u00e9nysz\u00f3r\u00f3k \u00e9s es\u0151\u00e9rz\u00e9kel\u0151s ablakt\u00f6rl\u0151k, f\u0171thet\u0151 k\u00fcls\u0151 t\u00fckr\u00f6k, kulcs n\u00e9lk\u00fcli ind\u00edt\u00e1s \u00e9s nyit\u00e1s, f\u0171thet\u0151 \u00fcl\u00e9sek, automata kl\u00edma, k\u00e9t darab 12,3 colos digit\u00e1lis kijelz\u0151, t\u00f6bb USB-C csatlakoz\u00f3, adapt\u00edv tempomat \u00e9s 17 colos k\u00f6nny\u0171f\u00e9m ker\u00e9kt\u00e1rcs\u00e1k is mind sz\u00e9riafelszerelts\u00e9g r\u00e9szei.<\/p>\n<p>A GT-Line kivitel ehhez k\u00e9pest m\u00e9g tov\u00e1bb emel a felszerelts\u00e9gen: f\u00e9nyes fekete k\u00fcls\u0151 r\u00e9szletek a l\u00f6kh\u00e1r\u00edt\u00f3kon \u00e9s a ker\u00e9k\u00edveken, vezet\u00e9k n\u00e9lk\u00fcli telefont\u00f6lt\u00e9s, eltolhat\u00f3 k\u00f6z\u00e9pkonzol, elektromosan \u00e1ll\u00edthat\u00f3 vezet\u0151\u00fcl\u00e9s, valamint digit\u00e1lis kulcs is j\u00e1r hozz\u00e1 \u2013 ut\u00f3bbi lehet\u0151v\u00e9 teszi, hogy az okostelefonoddal nyisd ki az aut\u00f3t.<\/p>\n<p>A legfelszereltebb GT-Line S v\u00e1ltozat m\u00e1r val\u00f3di luxust k\u00edn\u00e1l: elektromos napf\u00e9nytet\u0151, szell\u0151ztethet\u0151 els\u0151 \u00fcl\u00e9sek \u00e9s f\u0171thet\u0151 h\u00e1ts\u00f3 \u00fcl\u00e9sek, elektromosan m\u0171k\u00f6dtethet\u0151 csomagt\u00e9rajt\u00f3, head-up display (ami a fontos inform\u00e1ci\u00f3kat a sz\u00e9lv\u00e9d\u0151re vet\u00edti), pr\u00e9mium Harman Kardon hangrendszer, 360 fokos kamerarendszer \u00e9s t\u00e1vvez\u00e9relt parkol\u00e1s is r\u00e9sze a csomagnak.<\/p>\n<p>K\u00e9s\u0151bb a Kia egy sportosabb v\u00e1ltozattal is k\u00e9sz\u00fcl, az EV3 GT modellel, amely v\u00e1rhat\u00f3an \u00f6sszker\u00e9khajt\u00e1s\u00fa lesz, k\u00e9t elektromos motorral szerelik majd, \u00e9s a teljes\u00edtm\u00e9ny n\u00f6veked\u00e9s\u00e9vel val\u00f3sz\u00edn\u0171leg a hat\u00f3t\u00e1vols\u00e1g n\u00e9mileg cs\u00f6kkenni fog a mostani modellekhez k\u00e9pest. Egyel\u0151re azonban az \u00f6sszes el\u00e9rhet\u0151 EV3 csak els\u0151ker\u00e9k-meghajt\u00e1ssal k\u00e9sz\u00fcl.<\/p>\n<p>A hajt\u00e1sl\u00e1nc fel\u00e9p\u00edt\u00e9se egy\u00e9bk\u00e9nt viszonylag egyszer\u0171: k\u00e9tf\u00e9le akkumul\u00e1tor k\u00f6z\u00fcl lehet v\u00e1lasztani, \u00e1m mindkett\u0151h\u00f6z ugyanaz az elektromotor t\u00e1rsul. Az alapv\u00e1ltozat 58,3 kWh kapacit\u00e1ssal 270 m\u00e9rf\u00f6ldes hat\u00f3t\u00e1vot biztos\u00edt (ami a legt\u00f6bb h\u00e9tk\u00f6znapi haszn\u00e1l\u00f3 sz\u00e1m\u00e1ra b\u0151ven elegend\u0151), m\u00edg a nagyobb, 81,4 kWh-s v\u00e1ltozat ak\u00e1r 375 m\u00e9rf\u00f6ldet is tud \u2013 vagy 362 m\u00e9rf\u00f6ldet a legt\u00f6bbet felszerelt GT-Line S modell eset\u00e9n.<\/p>\n<p>Ez a hat\u00f3t\u00e1v hivatalosan az egyik legjobb az eg\u00e9sz elektromos kompakt SUV mez\u0151nyben, \u00e9s ha a val\u00f3s haszn\u00e1latban is hozza ezeket az \u00e9rt\u00e9keket, akkor az EV3 k\u00f6nnyed\u00e9n az egyik legversenyk\u00e9pesebb modell lehet a kateg\u00f3ri\u00e1j\u00e1ban.<\/p>\n","protected":false},"excerpt":{"rendered":"<p>2,5 volt, az epicentrum pedig Gy\u0151r v\u00e1rosa k\u00f6zvetlen k\u00f6rnyezet\u00e9ben, a Bakony\u2013Balaton-felvid\u00e9ki \u00e9s az Alpokalja\u2013Kisalf\u00f6ldi t\u00f6r\u00e9svonal tal\u00e1lkoz\u00e1s\u00e1n\u00e1l helyezkedett el. Amikor a&#8230; <span class=\"gridview-grid-post-read-more\"><a href=\"https:\/\/matrend.hu\/nekedinfo\/foldrenges-volt-magyarorszagon\/\">read more<span class=\"gridview-sr-only\"> F\u00f6ldreng\u00e9s volt Magyarorsz\u00e1gon!<\/span><\/a><\/span><\/p>\n","protected":false},"author":1,"featured_media":2667,"comment_status":"open","ping_status":"open","sticky":false,"template":"","format":"standard","meta":{"footnotes":""},"categories":[1],"tags":[],"class_list":["post-2666","post","type-post","status-publish","format-standard","has-post-thumbnail","hentry","category-egyeb","wpcat-1-id"],"_links":{"self":[{"href":"https:\/\/matrend.hu\/nekedinfo\/wp-json\/wp\/v2\/posts\/2666","targetHints":{"allow":["GET"]}}],"collection":[{"href":"https:\/\/matrend.hu\/nekedinfo\/wp-json\/wp\/v2\/posts"}],"about":[{"href":"https:\/\/matrend.hu\/nekedinfo\/wp-json\/wp\/v2\/types\/post"}],"author":[{"embeddable":true,"href":"https:\/\/matrend.hu\/nekedinfo\/wp-json\/wp\/v2\/users\/1"}],"replies":[{"embeddable":true,"href":"https:\/\/matrend.hu\/nekedinfo\/wp-json\/wp\/v2\/comments?post=2666"}],"version-history":[{"count":1,"href":"https:\/\/matrend.hu\/nekedinfo\/wp-json\/wp\/v2\/posts\/2666\/revisions"}],"predecessor-version":[{"id":2668,"href":"https:\/\/matrend.hu\/nekedinfo\/wp-json\/wp\/v2\/posts\/2666\/revisions\/2668"}],"wp:featuredmedia":[{"embeddable":true,"href":"https:\/\/matrend.hu\/nekedinfo\/wp-json\/wp\/v2\/media\/2667"}],"wp:attachment":[{"href":"https:\/\/matrend.hu\/nekedinfo\/wp-json\/wp\/v2\/media?parent=2666"}],"wp:term":[{"taxonomy":"category","embeddable":true,"href":"https:\/\/matrend.hu\/nekedinfo\/wp-json\/wp\/v2\/categories?post=2666"},{"taxonomy":"post_tag","embeddable":true,"href":"https:\/\/matrend.hu\/nekedinfo\/wp-json\/wp\/v2\/tags?post=2666"}],"curies":[{"name":"wp","href":"https:\/\/api.w.org\/{rel}","templated":true}]}}