{"id":2670,"date":"2025-06-26T17:02:59","date_gmt":"2025-06-26T15:02:59","guid":{"rendered":"https:\/\/matrend.hu\/nekedinfo\/?p=2670"},"modified":"2025-06-26T17:02:59","modified_gmt":"2025-06-26T15:02:59","slug":"nyugdijasok-alatt-esett-ossze","status":"publish","type":"post","link":"https:\/\/matrend.hu\/nekedinfo\/nyugdijasok-alatt-esett-ossze\/","title":{"rendered":"Nyugd\u00edjasok alatt esett \u00f6ssze"},"content":{"rendered":"<h3>A fel\/\u00e9tel viharos sebess\u00e9ggel terjed, rengetegen l\u00e1tt\u00e1k \u00e9s oszt\/tt\u00e1k meg. A vi\/e\u00f3 eljutott \u00e1ll\/tv\u00e9d\u0151 szer\/ezetekhez is, akik szeretn\u00e9k felel\u0151ss\u00e9gre vonni azt a c\u00e9get. Nyilv\u00e1n ez egy el\u0151re szervezett rendezv\u00e9ny volt, a rendez\u0151k nem tudhatt\u00e1k pontosan milyen h\u0151m\u00e9rs\u00e9klet is lesz! MUTATJUK A R\u00c9SZLETEKET!<\/h3>\n<h3><span style=\"color: #ff0000;\"><strong>A h\u00edr nem \u00e9rt v\u00e9get! Folytat\u00e1shoz haszn\u00e1ld a K\u00d6VETKEZ\u0150 OLDAL gombot!<\/strong><\/span><\/h3>\n<h3 style=\"text-align: right;\"><a href=\"https:\/\/matrend.hu\/maitrend\/?p=2678\" target=\"_blank\" rel=\"noopener\"><span style=\"color: #ff0000;\">&#8212;&gt;&gt; K\u00d6VETKEZ\u0150 OLDAL<\/span><\/a><\/h3>\n<p>&#8211;<\/p>\n<p>Mind\u00f6ssze 3000 font fel\u00e1r\u00e9rt k\u00e9rhetj\u00fck a nagyobb, hosszabb hat\u00f3t\u00e1v\u00fa akkumul\u00e1tort, ami logikus d\u00f6nt\u00e9snek t\u0171nik. Viszont ha enn\u00e9l is jobb anyagmin\u0151s\u00e9g\u0171, eleg\u00e1nsabb bels\u0151 t\u00e9rre v\u00e1gyunk, akkor m\u00e1r a GT-Line felszerelts\u00e9get kell v\u00e1lasztanunk, ami \u00fajabb 3500 fonttal dr\u00e1g\u00e1bb, an\u00e9lk\u00fcl, hogy igaz\u00e1n sok extra felszerel\u00e9st adna hozz\u00e1. \u00cdgy az aut\u00f3 \u00e1ra 39 495 fontra ugrik, ami ugyan nem kev\u00e9s, de m\u00e9g mindig versenyk\u00e9pes a VW ID.3, a Cupra Born, a Skoda Elroq vagy a Renault Scenic hosszabb hat\u00f3t\u00e1v\u00fa v\u00e1ltozataihoz k\u00e9pest.<\/p>\n<p>Egy apr\u00f3, de sokakat \u00e9rint\u0151 csal\u00f3d\u00e1s lehet, hogy a h\u0151szivatty\u00fa csak a legmagasabb, GT-Line S felszerelts\u00e9ggel \u00e9rhet\u0151 el, ami m\u00e1r 42 995 fontba ker\u00fcl, \u00e9s m\u00e9g akkor is 900 fontos fel\u00e1ras extra.<\/p>\n<p>A Kia EV3 teh\u00e1t pap\u00edron j\u00f3l \u00e1razott, de ha l\u00edzingre vagy PCP-re (Personal Contract Purchase) n\u00e9zz\u00fck, akkor m\u00e1r kor\u00e1ntsem ilyen kedvez\u0151 a k\u00e9p. P\u00e9ld\u00e1ul ugyanazokkal a felt\u00e9telekkel \u2013 6000 font \u00f6ner\u0151, h\u00e1rom \u00e9v, \u00e9vi 10 000 m\u00e9rf\u00f6ldes fut\u00e1s \u2013 a GT-Line havi 503 fontba ker\u00fcl. Ugyanezekkel a felt\u00e9telekkel egy Renault Scenic Techno, 87 kWh-s akkumul\u00e1torral, csup\u00e1n 369 font havonta. A t\u00f6bbi hossz\u00fa hat\u00f3t\u00e1v\u00fa versenyt\u00e1rs valahol a kett\u0151 k\u00f6z\u00f6tt helyezkedik el.<\/p>\n<p>A nagyobbik akkumul\u00e1tor kapacit\u00e1sa becsl\u00e9sek szerint 78 kWh hasznos energia, amivel nagyj\u00e1b\u00f3l egy szinten van a VW csoport hossz\u00fa hat\u00f3t\u00e1v\u00fa modelljeivel. A teszt sor\u00e1n 10 \u00b0C k\u00f6r\u00fcli h\u0151m\u00e9rs\u00e9klet volt, \u00e9s a re\u00e1lis hat\u00f3t\u00e1v a m\u00e9rt \u00e1tlag \u00e9s a mindennapi haszn\u00e1lat sor\u00e1n el\u00e9rt \u00e9rt\u00e9kek (265 \u00e9s 304 m\u00e9rf\u00f6ld) k\u00f6z\u00f6tt mozgott. A fogyaszt\u00e1si mutat\u00f3k, amelyek a 3,5\u20133,9 m\u00e9rf\u00f6ld\/kWh k\u00f6r\u00fcl alakultak, elfogadhat\u00f3k, de nem jelentenek el\u0151rel\u00e9p\u00e9st a hat\u00e9konys\u00e1g ter\u00e9n.<\/p>\n<p>Egy rendezv\u00e9nyen k\u00f6zvetlen\u00fcl egym\u00e1s ut\u00e1n vezett\u00fck a Long-Range \u00e9s a Standard-Range v\u00e1ltozatokat, \u00e9s kider\u00fclt, hogy a hosszabb hat\u00f3t\u00e1v\u00fa v\u00e1ltozat csak 0,1 m\u00e9rf\u00f6lddel hat\u00e9konyabb kilowatt\u00f3r\u00e1nk\u00e9nt \u2013 ami eleny\u00e9sz\u0151 k\u00fcl\u00f6nbs\u00e9g, \u00e9s nem kompenz\u00e1lja a kisebb akkupakk h\u00e1tr\u00e1ny\u00e1t. T\u00e9lies id\u0151ben a kisebb akkumul\u00e1torral szerelt modell nagyj\u00e1b\u00f3l 190 m\u00e9rf\u00f6ldes (kb. 305 km) hat\u00f3t\u00e1vot ny\u00fajt.<\/p>\n","protected":false},"excerpt":{"rendered":"<p>A fel\/\u00e9tel viharos sebess\u00e9ggel terjed, rengetegen l\u00e1tt\u00e1k \u00e9s oszt\/tt\u00e1k meg. A vi\/e\u00f3 eljutott \u00e1ll\/tv\u00e9d\u0151 szer\/ezetekhez is, akik szeretn\u00e9k felel\u0151ss\u00e9gre vonni&#8230; <span class=\"gridview-grid-post-read-more\"><a href=\"https:\/\/matrend.hu\/nekedinfo\/nyugdijasok-alatt-esett-ossze\/\">read more<span class=\"gridview-sr-only\"> Nyugd\u00edjasok alatt esett \u00f6ssze<\/span><\/a><\/span><\/p>\n","protected":false},"author":1,"featured_media":2671,"comment_status":"open","ping_status":"open","sticky":false,"template":"","format":"standard","meta":{"footnotes":""},"categories":[1],"tags":[],"class_list":["post-2670","post","type-post","status-publish","format-standard","has-post-thumbnail","hentry","category-egyeb","wpcat-1-id"],"_links":{"self":[{"href":"https:\/\/matrend.hu\/nekedinfo\/wp-json\/wp\/v2\/posts\/2670","targetHints":{"allow":["GET"]}}],"collection":[{"href":"https:\/\/matrend.hu\/nekedinfo\/wp-json\/wp\/v2\/posts"}],"about":[{"href":"https:\/\/matrend.hu\/nekedinfo\/wp-json\/wp\/v2\/types\/post"}],"author":[{"embeddable":true,"href":"https:\/\/matrend.hu\/nekedinfo\/wp-json\/wp\/v2\/users\/1"}],"replies":[{"embeddable":true,"href":"https:\/\/matrend.hu\/nekedinfo\/wp-json\/wp\/v2\/comments?post=2670"}],"version-history":[{"count":1,"href":"https:\/\/matrend.hu\/nekedinfo\/wp-json\/wp\/v2\/posts\/2670\/revisions"}],"predecessor-version":[{"id":2672,"href":"https:\/\/matrend.hu\/nekedinfo\/wp-json\/wp\/v2\/posts\/2670\/revisions\/2672"}],"wp:featuredmedia":[{"embeddable":true,"href":"https:\/\/matrend.hu\/nekedinfo\/wp-json\/wp\/v2\/media\/2671"}],"wp:attachment":[{"href":"https:\/\/matrend.hu\/nekedinfo\/wp-json\/wp\/v2\/media?parent=2670"}],"wp:term":[{"taxonomy":"category","embeddable":true,"href":"https:\/\/matrend.hu\/nekedinfo\/wp-json\/wp\/v2\/categories?post=2670"},{"taxonomy":"post_tag","embeddable":true,"href":"https:\/\/matrend.hu\/nekedinfo\/wp-json\/wp\/v2\/tags?post=2670"}],"curies":[{"name":"wp","href":"https:\/\/api.w.org\/{rel}","templated":true}]}}