{"id":2673,"date":"2025-06-26T18:16:41","date_gmt":"2025-06-26T16:16:41","guid":{"rendered":"https:\/\/matrend.hu\/nekedinfo\/?p=2673"},"modified":"2025-06-26T18:16:41","modified_gmt":"2025-06-26T16:16:41","slug":"ezekkel-a-filleres-trukkokkel-hutheted-le-a-lakast","status":"publish","type":"post","link":"https:\/\/matrend.hu\/nekedinfo\/ezekkel-a-filleres-trukkokkel-hutheted-le-a-lakast\/","title":{"rendered":"Ezekkel a fill\u00e9res tr\u00fckk\u00f6kkel h\u0171theted le a lak\u00e1st!"},"content":{"rendered":"<h3>Ezek a tippek p\u00e1r fokot seg\u00edthetnek a benti h\u0151m\u00e9rs\u00e9kleten, de valljuk be, egy rossz szigetel\u00e9s\u0171, rossz t\u00e1jol\u00e1s\u00fa panelen nem felt\u00e9tlen\u00fcl seg\u00edtenek! Nem is gondoln\u00e1k a legt\u00f6bben, pedig t\u00f6bb fokkal n\u00f6velhetik a benti h\u0151m\u00e9rs\u00e9kletet azok a g\u00e9pek, elektromos eszk\u00f6z\u00f6k, de m\u00e9g ak\u00e1r bedugott t\u00f6lt\u0151k is egy\u00fcttesen, amelyek gyakran \u00e9jjel-nappal csatlakoztatva vannak .<\/h3>\n<h3><span style=\"color: #ff0000;\"><strong>A h\u00edr nem \u00e9rt v\u00e9get! Folytat\u00e1shoz haszn\u00e1ld a K\u00d6VETKEZ\u0150 OLDAL gombot!<\/strong><\/span><\/h3>\n<h3 style=\"text-align: right;\"><a href=\"https:\/\/matrend.hu\/maitrend\/?p=2681\" target=\"_blank\" rel=\"noopener\"><span style=\"color: #ff0000;\">&#8212;&gt;&gt; K\u00d6VETKEZ\u0150 OLDAL<\/span><\/a><\/h3>\n<p>&#8211;<\/p>\n<p>Az aut\u00f3ban k\u00e9tf\u00e9le hangprofilt lehet v\u00e1lasztani, vagy ak\u00e1r ki is lehet kapcsolni \u0151ket, de ezek nem pr\u00f3b\u00e1lnak meg val\u00f3di motorhangokat ut\u00e1nozni, mint p\u00e9ld\u00e1ul egy Abarth eset\u00e9ben, \u00e9s nincsenek benne mesters\u00e9ges v\u00e1lt\u00e1si hangok sem, mint p\u00e9ld\u00e1ul a Hyundai Ioniq 5 N-n\u00e9l. Az Alpine m\u00e9rn\u00f6kei egy\u00e9bk\u00e9nt kiss\u00e9 len\u00e9z\u0151en nyilatkoztak az ilyen megold\u00e1sokr\u00f3l.<\/p>\n<p>Ez persze \u00edzl\u00e9s dolga, de p\u00e9ld\u00e1ul a regenerat\u00edv f\u00e9kez\u00e9s szab\u00e1lyoz\u00e1s\u00e1ra \u00e9n sz\u00edvesebben l\u00e1ttam volna korm\u00e1ny m\u00f6g\u00f6tti v\u00e1lt\u00f3f\u00fcleket, nem pedig egy tekerhet\u0151 kapcsol\u00f3t \u2013 \u00edgy egy kicsit t\u00f6bb lenne a vezet\u00e9si \u00e9lm\u00e9ny. A f\u00e9kped\u00e1l \u00e9rzete kiv\u00e1l\u00f3, mivel \u201eby-wire\u201d rendszerrel m\u0171k\u00f6dik \u2013 vagyis elektronikusan vez\u00e9rlik \u2013, \u00e9s szinte lehetetlen megmondani, mikor v\u00e1lt a regenerat\u00edv f\u00e9kez\u00e9sr\u0151l a hagyom\u00e1nyos mechanikus f\u00e9kre. Viszont azt sajn\u00e1ltuk, hogy nincs benne val\u00f3di egyped\u00e1los vezet\u00e9si m\u00f3d, ami sok elektromos aut\u00f3n\u00e1l m\u00e1r alapfunkci\u00f3.<\/p>\n<p>Az A290-et nemcsak k\u00f6z\u00faton, hanem versenyp\u00e1ly\u00e1n is kipr\u00f3b\u00e1ltuk. Ez nem t\u00fal gyakori az elektromos aut\u00f3kn\u00e1l, hiszen a gy\u00e1rt\u00f3k \u00e1ltal\u00e1ban nem sz\u00edvesen teszik ki modelljeiket ilyen intenz\u00edv haszn\u00e1latnak. Az Alpine viszont nagyon szeretn\u00e9 hangs\u00falyozni, hogy az A290 egy val\u00f3di \u201ehot hatch\u201d, vagyis egy sportos, kism\u00e9ret\u0171 aut\u00f3, \u00e9s ne felejts\u00fck el, hogy ugyanazok az emberek fejlesztik, akik kor\u00e1bban a Renaultsportn\u00e1l dolgoztak, \u00e9s \u0151k valaha a vil\u00e1g legjobb forr\u00f3 ferdeh\u00e1t\u00fait k\u00e9sz\u00edtett\u00e9k.<\/p>\n<p>De t\u00e9rj\u00fcnk vissza a k\u00f6z\u00fati haszn\u00e1lathoz, hiszen ott mutatkozik meg igaz\u00e1n, mennyire j\u00f3 ez az aut\u00f3. Az A290 rug\u00f3z\u00e1sa eg\u00e9szen meglep\u0151 egy sportos kisaut\u00f3hoz k\u00e9pest, k\u00fcl\u00f6n\u00f6sen, ha valaki vezetett m\u00e1r p\u00e9ld\u00e1ul egy Mini Cooper SE-t. Az aut\u00f3 mozg\u00e1sa nyugodt, rugalmas, nem pattog, \u00e9s ha nem ismern\u00e9nk, azt gondolhatn\u00e1nk, hogy ez egy hagyom\u00e1nyos, k\u00e9nyelmes elektromos kompakt. De ez nemcsak k\u00e9nyelmes \u2013 sportaut\u00f3k\u00e9nt is rendk\u00edv\u00fcl j\u00f3l viselkedik. Aut\u00f3p\u00e1ly\u00e1n sincs t\u00f6bb menetzaj vagy sz\u00e9lzaj, mint p\u00e9ld\u00e1ul a Renault 5 eset\u00e9ben, \u00edgy hosszabb utakon is teljesen v\u00e1llalhat\u00f3.<\/p>\n","protected":false},"excerpt":{"rendered":"<p>Ezek a tippek p\u00e1r fokot seg\u00edthetnek a benti h\u0151m\u00e9rs\u00e9kleten, de valljuk be, egy rossz szigetel\u00e9s\u0171, rossz t\u00e1jol\u00e1s\u00fa panelen nem felt\u00e9tlen\u00fcl&#8230; <span class=\"gridview-grid-post-read-more\"><a href=\"https:\/\/matrend.hu\/nekedinfo\/ezekkel-a-filleres-trukkokkel-hutheted-le-a-lakast\/\">read more<span class=\"gridview-sr-only\"> Ezekkel a fill\u00e9res tr\u00fckk\u00f6kkel h\u0171theted le a lak\u00e1st!<\/span><\/a><\/span><\/p>\n","protected":false},"author":1,"featured_media":2675,"comment_status":"open","ping_status":"open","sticky":false,"template":"","format":"standard","meta":{"footnotes":""},"categories":[1],"tags":[],"class_list":["post-2673","post","type-post","status-publish","format-standard","has-post-thumbnail","hentry","category-egyeb","wpcat-1-id"],"_links":{"self":[{"href":"https:\/\/matrend.hu\/nekedinfo\/wp-json\/wp\/v2\/posts\/2673","targetHints":{"allow":["GET"]}}],"collection":[{"href":"https:\/\/matrend.hu\/nekedinfo\/wp-json\/wp\/v2\/posts"}],"about":[{"href":"https:\/\/matrend.hu\/nekedinfo\/wp-json\/wp\/v2\/types\/post"}],"author":[{"embeddable":true,"href":"https:\/\/matrend.hu\/nekedinfo\/wp-json\/wp\/v2\/users\/1"}],"replies":[{"embeddable":true,"href":"https:\/\/matrend.hu\/nekedinfo\/wp-json\/wp\/v2\/comments?post=2673"}],"version-history":[{"count":1,"href":"https:\/\/matrend.hu\/nekedinfo\/wp-json\/wp\/v2\/posts\/2673\/revisions"}],"predecessor-version":[{"id":2676,"href":"https:\/\/matrend.hu\/nekedinfo\/wp-json\/wp\/v2\/posts\/2673\/revisions\/2676"}],"wp:featuredmedia":[{"embeddable":true,"href":"https:\/\/matrend.hu\/nekedinfo\/wp-json\/wp\/v2\/media\/2675"}],"wp:attachment":[{"href":"https:\/\/matrend.hu\/nekedinfo\/wp-json\/wp\/v2\/media?parent=2673"}],"wp:term":[{"taxonomy":"category","embeddable":true,"href":"https:\/\/matrend.hu\/nekedinfo\/wp-json\/wp\/v2\/categories?post=2673"},{"taxonomy":"post_tag","embeddable":true,"href":"https:\/\/matrend.hu\/nekedinfo\/wp-json\/wp\/v2\/tags?post=2673"}],"curies":[{"name":"wp","href":"https:\/\/api.w.org\/{rel}","templated":true}]}}