{"id":2683,"date":"2025-06-26T21:29:04","date_gmt":"2025-06-26T19:29:04","guid":{"rendered":"https:\/\/matrend.hu\/nekedinfo\/?p=2683"},"modified":"2025-06-26T21:29:04","modified_gmt":"2025-06-26T19:29:04","slug":"hajnalban-erkezett-a-megrazo-hir-kapu-tiborrol","status":"publish","type":"post","link":"https:\/\/matrend.hu\/nekedinfo\/hajnalban-erkezett-a-megrazo-hir-kapu-tiborrol\/","title":{"rendered":"Hajnalban \u00e9rkezett a megr\u00e1z\u00f3 h\u00edr Kapu Tiborr\u00f3l!"},"content":{"rendered":"<h3>A meghat\u00f3 pillanatok sor\u00e1t a szem\u00e9lyes megsz\u00f3lal\u00e1sok k\u00f6vett\u00e9k. Kapu el\u0151sz\u00f6r angolul k\u00f6sz\u00f6nt\u00f6tte a vil\u00e1got, majd magyarul is sz\u00f3t kapott, \u00e9s \u00e9rzelmekkel telve mondott k\u00f6sz\u00f6netet mindazoknak, akik t\u00e1mogatt\u00e1k \u0151t az \u00faton: &#8222;Rendk\u00edv\u00fcl h\u00e1l\u00e1s \u00e9s b\u00fcszke vagyok, hogy magyark\u00e9nt itt lehetek.&#8221; Szavai nemcsak egy\u00e9ni teljes\u00edtm\u00e9nyr\u0151l sz\u00f3ltak, hanem egy nemzet \u00fczenet\u00e9t vitt\u00e9k az \u0171rbe. Kapu felid\u00e9zte, hogy 2009 \u00f3ta most el\u0151sz\u00f6r hangzanak el magyar mondatok az ISS fed\u00e9lzet\u00e9n, Simonyi K\u00e1roly ut\u00e1n \u2013 most \u0151 viszi tov\u00e1bb ezt az \u00f6r\u00f6ks\u00e9get. Ez minden Magyar embert megr\u00e1zott a sz\u00f3 legjobb \u00e9rtelm\u00e9ben!<br \/>\nEZ V\u00c1R AZ \u0170RHAJ\u00d3SOKRA:<\/h3>\n<h3><span style=\"color: #ff0000;\"><strong>A h\u00edr nem \u00e9rt v\u00e9get! Folytat\u00e1shoz haszn\u00e1ld a K\u00d6VETKEZ\u0150 OLDAL gombot!<\/strong><\/span><\/h3>\n<h3 style=\"text-align: right;\"><a href=\"https:\/\/matrend.hu\/maitrend\/?p=2690\" target=\"_blank\" rel=\"noopener\"><span style=\"color: #ff0000;\">&#8212;&gt;&gt; K\u00d6VETKEZ\u0150 OLDAL<\/span><\/a><\/h3>\n<p>&#8211;<\/p>\n<p>A Ceed modellfriss\u00edt\u00e9s\u00e9vel nemcsak \u00faj nevet, hanem egy n\u00e9gytag\u00fa modellcsal\u00e1dot is kapott a Kia: az \u00f6tajt\u00f3s hatchback, a Sportswagon kombi, a ProCeed shooting brake \u00e9s az XCeed crossover v\u00e1ltozatok mind meg\u00e9rkeztek.<br \/>\nMinden \u00faj Kia Ceed modellt egy 1,5 literes turb\u00f3s benzinmotor hajt, amelyhez mild-hibrid technol\u00f3gia t\u00e1rsul. A v\u00e1lt\u00f3 lehet hatfokozat\u00fa k\u00e9zi, vagy h\u00e9tfokozat\u00fa DCT duplakuplungos automata, a v\u00e1lasztott felszerelts\u00e9gi szintt\u0151l f\u00fcgg\u0151en. Maga a Ceed hatchback nem \u00e9rhet\u0151 el plug-in hibrid v\u00e1ltozatban, viszont az XCeed k\u00edn\u00e1lat\u00e1ban tal\u00e1lunk t\u00f6lthet\u0151 hibrid verzi\u00f3t is azoknak, akik szeretn\u00e9k cs\u00f6kkenteni az \u00fczemeltet\u00e9si k\u00f6lts\u00e9geiket.<\/p>\n<p>A Ceed felszerelts\u00e9gi szintjei a k\u00f6vetkez\u0151k: 2, GT-Line, 3, valamint GT-Line S. Az alapszint\u0171 Ceed 2 k\u00fcl\u00f6n\u00f6sen vonz\u00f3 lehet, hiszen az \u00e1ra nagyj\u00e1b\u00f3l 22 600 fontt\u00f3l indul, \u00e9s a felszerelts\u00e9ge m\u00e1r ezen a szinten is b\u0151s\u00e9ges. \u00c9rdemes azonban \u00e1tgondolni, mire van igaz\u00e1n sz\u00fcks\u00e9g, mivel egy magasabb felszerelts\u00e9gi szint 3 000\u20134 000 fonttal is t\u00f6bbe ker\u00fclhet, a cs\u00facsmodell \u00e1ra pedig meghaladja a 31 000 fontot.<br \/>\nA Ceed az egyik legsikeresebb Kia-modell Eur\u00f3p\u00e1ban, ez\u00e9rt a gy\u00e1rt\u00f3 kifejezetten az eur\u00f3pai \u00edzl\u00e9shez tervezte, fejlesztette \u00e9s gy\u00e1rtja. A versenyt\u00e1rsai k\u00f6z\u00e9 tartozik a VW Golf, a SEAT Leon \u00e9s a Peugeot 308, valamint a Hyundai i30 is, amely nemcsak riv\u00e1lis, hanem testv\u00e9rmodell is, hiszen a Ceeddel k\u00f6z\u00f6s padl\u00f3lemezre \u00e9p\u00fcl.<br \/>\nA motorv\u00e1laszt\u00e9k, a teljes\u00edtm\u00e9ny \u00e9s a vezet\u00e9si \u00e9lm\u00e9ny szempontj\u00e1b\u00f3l a Kia m\u00e9rn\u00f6kei sokat tettek az\u00e9rt, hogy jav\u00edts\u00e1k a Ceed menetdinamik\u00e1j\u00e1t. M\u00edg az el\u0151z\u0151 gener\u00e1ci\u00f3 k\u00e9nyelmes volt, de nem k\u00fcl\u00f6n\u00f6sebben \u00e9lvezetes vezetni \u2013 f\u0151k\u00e9nt a Ford Focushoz k\u00e9pest \u2013, az \u00faj modell sokkal kiegyens\u00falyozottabb vezet\u00e9si \u00e9lm\u00e9nyt ny\u00fajt, a k\u00e9nyelem \u00e9s a dinamizmus jobb egyens\u00faly\u00e1val.<\/p>\n","protected":false},"excerpt":{"rendered":"<p>A meghat\u00f3 pillanatok sor\u00e1t a szem\u00e9lyes megsz\u00f3lal\u00e1sok k\u00f6vett\u00e9k. Kapu el\u0151sz\u00f6r angolul k\u00f6sz\u00f6nt\u00f6tte a vil\u00e1got, majd magyarul is sz\u00f3t kapott, \u00e9s&#8230; <span class=\"gridview-grid-post-read-more\"><a href=\"https:\/\/matrend.hu\/nekedinfo\/hajnalban-erkezett-a-megrazo-hir-kapu-tiborrol\/\">read more<span class=\"gridview-sr-only\"> Hajnalban \u00e9rkezett a megr\u00e1z\u00f3 h\u00edr Kapu Tiborr\u00f3l!<\/span><\/a><\/span><\/p>\n","protected":false},"author":1,"featured_media":2684,"comment_status":"open","ping_status":"open","sticky":false,"template":"","format":"standard","meta":{"footnotes":""},"categories":[1],"tags":[],"class_list":["post-2683","post","type-post","status-publish","format-standard","has-post-thumbnail","hentry","category-egyeb","wpcat-1-id"],"_links":{"self":[{"href":"https:\/\/matrend.hu\/nekedinfo\/wp-json\/wp\/v2\/posts\/2683","targetHints":{"allow":["GET"]}}],"collection":[{"href":"https:\/\/matrend.hu\/nekedinfo\/wp-json\/wp\/v2\/posts"}],"about":[{"href":"https:\/\/matrend.hu\/nekedinfo\/wp-json\/wp\/v2\/types\/post"}],"author":[{"embeddable":true,"href":"https:\/\/matrend.hu\/nekedinfo\/wp-json\/wp\/v2\/users\/1"}],"replies":[{"embeddable":true,"href":"https:\/\/matrend.hu\/nekedinfo\/wp-json\/wp\/v2\/comments?post=2683"}],"version-history":[{"count":1,"href":"https:\/\/matrend.hu\/nekedinfo\/wp-json\/wp\/v2\/posts\/2683\/revisions"}],"predecessor-version":[{"id":2685,"href":"https:\/\/matrend.hu\/nekedinfo\/wp-json\/wp\/v2\/posts\/2683\/revisions\/2685"}],"wp:featuredmedia":[{"embeddable":true,"href":"https:\/\/matrend.hu\/nekedinfo\/wp-json\/wp\/v2\/media\/2684"}],"wp:attachment":[{"href":"https:\/\/matrend.hu\/nekedinfo\/wp-json\/wp\/v2\/media?parent=2683"}],"wp:term":[{"taxonomy":"category","embeddable":true,"href":"https:\/\/matrend.hu\/nekedinfo\/wp-json\/wp\/v2\/categories?post=2683"},{"taxonomy":"post_tag","embeddable":true,"href":"https:\/\/matrend.hu\/nekedinfo\/wp-json\/wp\/v2\/tags?post=2683"}],"curies":[{"name":"wp","href":"https:\/\/api.w.org\/{rel}","templated":true}]}}