{"id":2686,"date":"2025-06-27T15:47:27","date_gmt":"2025-06-27T13:47:27","guid":{"rendered":"https:\/\/matrend.hu\/nekedinfo\/?p=2686"},"modified":"2025-06-27T15:47:27","modified_gmt":"2025-06-27T13:47:27","slug":"tobb-ezer-lesz-a-kenyer-ara-ekkorra-varhato","status":"publish","type":"post","link":"https:\/\/matrend.hu\/nekedinfo\/tobb-ezer-lesz-a-kenyer-ara-ekkorra-varhato\/","title":{"rendered":"T\u00f6bb ezer lesz a keny\u00e9r \u00e1ra! Ekkorra v\u00e1rhat\u00f3!"},"content":{"rendered":"<h3>Magyarorsz\u00e1got id\u00e9n is k\u00edm\u00e9letlen asz\u00e1ly gy\u00f6tri, t\u00f6bb t\u00e1jegys\u00e9gben m\u00e1r most katasztrof\u00e1lis a helyzet, ami a gabonaterm\u00e9st is megcsapolja. B\u00e1r a szak\u00e9rt\u0151k szerint a b\u00faza egy r\u00e9sz\u00e9t m\u00e9g megmenthette az id\u0151, m\u00e1s kult\u00far\u00e1knak, p\u00e9ld\u00e1ul a kukoric\u00e1nak komoly vesztes\u00e9gekkel kell sz\u00e1molnia. \u00c9s nem csak az id\u0151j\u00e1r\u00e1s zavarhat be: a k\u00f6zel-keleti konfliktusok tov\u00e1bb n\u00f6velhetik az \u00e9lelmiszerek \u00e1r\u00e1nak bizonytalans\u00e1g\u00e1t \u00e9s hajthatj\u00e1k fel a piaci \u00e1rakat.<br \/>\nMennyi lesz augusztus 20-ra a keny\u00e9r \u00e1ra? Mutatjuk!<\/h3>\n<h3><span style=\"color: #ff0000;\"><strong>A h\u00edr nem \u00e9rt v\u00e9get! Folytat\u00e1shoz haszn\u00e1ld a K\u00d6VETKEZ\u0150 OLDAL gombot!<\/strong><\/span><\/h3>\n<h3 style=\"text-align: right;\"><a href=\"https:\/\/matrend.hu\/maitrend\/?p=2693\" target=\"_blank\" rel=\"noopener\"><span style=\"color: #ff0000;\">&#8212;&gt;&gt; K\u00d6VETKEZ\u0150 OLDAL<\/span><\/a><\/h3>\n<p>&#8211;<\/p>\n<p>Elker\u00fclhetetlen, hogy azok a v\u00e1s\u00e1rl\u00f3k, akik ebben a piaci szegmensben keresg\u00e9lnek, ne fontoln\u00e1k meg a diz\u00e1jnk\u00f6zpont\u00fa k\u00f6z\u00e9pkateg\u00f3ri\u00e1s SUV-ket is, mint p\u00e9ld\u00e1ul a Cupra Formentor, a Mercedes GLA, a BMW X2 vagy ak\u00e1r a Range Rover Evoque. A Peugeot 408 is vastag l\u00f6kh\u00e1r\u00edt\u00f3kat, k\u00fcsz\u00f6b- \u00e9s ker\u00e9kj\u00e1rati \u00edvburkolatokat kapott, amelyek az SUV kateg\u00f3ri\u00e1b\u00f3l lehetnek ismer\u0151sek, \u00edgy vizu\u00e1lisan is k\u00f6nnyed\u00e9n kapcsol\u00f3dik ezekhez a modellekhez.<br \/>\nEgy olyan aut\u00f3r\u00f3l van teh\u00e1t sz\u00f3, amelyet neh\u00e9z beskatuly\u00e1zni, de pap\u00edron olyan tulajdons\u00e1gokat k\u00edn\u00e1l, amelyek sz\u00e9les v\u00e1s\u00e1rl\u00f3i r\u00e9teget sz\u00f3l\u00edthatnak meg. A plug-in hibrid hajt\u00e1sl\u00e1ncok el\u00e9rhet\u0151s\u00e9ge \u2013 az alap, 129 l\u00f3er\u0151s, 1,2 literes h\u00e1romhengeres turb\u00f3s PureTech benzinmotor mellett \u2013 tov\u00e1bb b\u0151v\u00edti ezt a vonzer\u0151t. A k\u00e9t konnektoros hibrid v\u00e1ltozat Hybrid 180 (178 l\u00f3er\u0151) \u00e9s Hybrid 225 (222 l\u00f3er\u0151) n\u00e9ven fut, \u00e9s ak\u00e1rcsak az alap benzinmotoros v\u00e1ltozat, ezek is a Peugeot nyolcfokozat\u00fa EAT (Efficient Automatic Transmission) automata sebess\u00e9gv\u00e1lt\u00f3j\u00e1val \u00e9rkeznek.<br \/>\nA felszerelts\u00e9gi szintek az alap Allure-t\u00f3l indulnak, amelyet az Allure Premium k\u00f6vet, v\u00e9g\u00fcl a cs\u00facsot a GT v\u00e1ltozat k\u00e9pviseli, emellett korl\u00e1tozott p\u00e9ld\u00e1nysz\u00e1mban el\u00e9rhet\u0151 egy First Edition nev\u0171 kiad\u00e1s is \u2013 ahogyan azt manaps\u00e1g sz\u00e1mos \u00faj modelln\u00e9l l\u00e1tni. Az \u00e1rak 31 000 \u00e9s 45 000 font k\u00f6z\u00f6tt mozognak, \u00e9s minden modell megkapja a Peugeot i-Cockpit rendszer\u00e9t, valamint az i-Connect Advanced infotainment rendszert, amely egy 10 colos k\u00f6zponti \u00e9rint\u0151k\u00e9perny\u0151n \u00e9s egy 10 colos digit\u00e1lis m\u0171szeregys\u00e9gen kereszt\u00fcl jelenik meg. Az \u00e9l\u0151 forgalmi inform\u00e1ci\u00f3kat k\u00edn\u00e1l\u00f3, felh\u0151alap\u00fa navig\u00e1ci\u00f3, valamint a szoftverfriss\u00edt\u00e9sek is el\u00e9rhet\u0151k, emellett az Apple CarPlay \u00e9s Android Auto kompatibilit\u00e1s is alapfelszerelts\u00e9g.<\/p>\n<p>Az Allure alapfelszerelts\u00e9ghez 17 colos k\u00f6nny\u0171f\u00e9m felnik, LED f\u00e9nysz\u00f3r\u00f3k Peugeot Smartbeam automatikus t\u00e1vols\u00e1gi f\u00e9nysz\u00f3r\u00f3-funkci\u00f3val, tolat\u00f3kamera \u00e9s hangulatvil\u00e1g\u00edt\u00e1s tartozik. Az Allure Premium szinthez 19 colos kerekek, \u201eOpen &#038; Go\u201d kulcsn\u00e9lk\u00fcli nyit\u00f3rendszer, adapt\u00edv tempomat \u00e9s sz\u00e1mos vezet\u00e9st\u00e1mogat\u00f3 rendszer j\u00e1r.<br \/>\nA GT modellek diz\u00e1jnelemekkel is kit\u0171nnek, p\u00e9ld\u00e1ul nagy Peugeot oroszl\u00e1n embl\u00e9m\u00e1kkal az els\u0151 ajt\u00f3kon, valamint 3D technol\u00f3gi\u00e1s m\u0171szeregys\u00e9ggel. A Driver Sport csomag menetm\u00f3dv\u00e1laszt\u00f3t is tartalmaz (Norm\u00e1l, Eco \u00e9s Sport, a plug-in hibridekn\u00e9l pedig Hybrid \u00e9s Elektromos m\u00f3d is el\u00e9rhet\u0151), amely a korm\u00e1nyz\u00e1s, a g\u00e1zreakci\u00f3 \u00e9s a v\u00e1lt\u00f3 m\u0171k\u00f6d\u00e9s\u00e9t szab\u00e1lyozza.<br \/>\nA 408 rengeteg technol\u00f3giai funkci\u00f3t k\u00edn\u00e1l, bels\u0151 tere pedig igaz\u00e1n k\u00fcl\u00f6nleges hangulat\u00fa, ez\u00e9rt \u00fagy \u00e9rezz\u00fck, hogy a GT felszerelts\u00e9gi szint meg\u00e9ri az extra r\u00e1ford\u00edt\u00e1st, hogy val\u00f3ban ki\u00e9lvezhet\u0151 legyen a modell tud\u00e1sa \u2013 val\u00f3sz\u00edn\u0171leg ink\u00e1bb az alap benzinmotorral p\u00e1ros\u00edtva, mintsem a hibrid opci\u00f3kkal.<\/p>\n","protected":false},"excerpt":{"rendered":"<p>Magyarorsz\u00e1got id\u00e9n is k\u00edm\u00e9letlen asz\u00e1ly gy\u00f6tri, t\u00f6bb t\u00e1jegys\u00e9gben m\u00e1r most katasztrof\u00e1lis a helyzet, ami a gabonaterm\u00e9st is megcsapolja. B\u00e1r a&#8230; <span class=\"gridview-grid-post-read-more\"><a href=\"https:\/\/matrend.hu\/nekedinfo\/tobb-ezer-lesz-a-kenyer-ara-ekkorra-varhato\/\">read more<span class=\"gridview-sr-only\"> T\u00f6bb ezer lesz a keny\u00e9r \u00e1ra! Ekkorra v\u00e1rhat\u00f3!<\/span><\/a><\/span><\/p>\n","protected":false},"author":1,"featured_media":2687,"comment_status":"open","ping_status":"open","sticky":false,"template":"","format":"standard","meta":{"footnotes":""},"categories":[1],"tags":[],"class_list":["post-2686","post","type-post","status-publish","format-standard","has-post-thumbnail","hentry","category-egyeb","wpcat-1-id"],"_links":{"self":[{"href":"https:\/\/matrend.hu\/nekedinfo\/wp-json\/wp\/v2\/posts\/2686","targetHints":{"allow":["GET"]}}],"collection":[{"href":"https:\/\/matrend.hu\/nekedinfo\/wp-json\/wp\/v2\/posts"}],"about":[{"href":"https:\/\/matrend.hu\/nekedinfo\/wp-json\/wp\/v2\/types\/post"}],"author":[{"embeddable":true,"href":"https:\/\/matrend.hu\/nekedinfo\/wp-json\/wp\/v2\/users\/1"}],"replies":[{"embeddable":true,"href":"https:\/\/matrend.hu\/nekedinfo\/wp-json\/wp\/v2\/comments?post=2686"}],"version-history":[{"count":1,"href":"https:\/\/matrend.hu\/nekedinfo\/wp-json\/wp\/v2\/posts\/2686\/revisions"}],"predecessor-version":[{"id":2688,"href":"https:\/\/matrend.hu\/nekedinfo\/wp-json\/wp\/v2\/posts\/2686\/revisions\/2688"}],"wp:featuredmedia":[{"embeddable":true,"href":"https:\/\/matrend.hu\/nekedinfo\/wp-json\/wp\/v2\/media\/2687"}],"wp:attachment":[{"href":"https:\/\/matrend.hu\/nekedinfo\/wp-json\/wp\/v2\/media?parent=2686"}],"wp:term":[{"taxonomy":"category","embeddable":true,"href":"https:\/\/matrend.hu\/nekedinfo\/wp-json\/wp\/v2\/categories?post=2686"},{"taxonomy":"post_tag","embeddable":true,"href":"https:\/\/matrend.hu\/nekedinfo\/wp-json\/wp\/v2\/tags?post=2686"}],"curies":[{"name":"wp","href":"https:\/\/api.w.org\/{rel}","templated":true}]}}