{"id":2689,"date":"2025-06-27T17:00:16","date_gmt":"2025-06-27T15:00:16","guid":{"rendered":"https:\/\/matrend.hu\/nekedinfo\/?p=2689"},"modified":"2025-06-27T17:00:16","modified_gmt":"2025-06-27T15:00:16","slug":"9-eves-kislanyra-dolt-a-fa-a-vihar-miatt-o-a-felelos","status":"publish","type":"post","link":"https:\/\/matrend.hu\/nekedinfo\/9-eves-kislanyra-dolt-a-fa-a-vihar-miatt-o-a-felelos\/","title":{"rendered":"9 \u00e9ves kisl\u00e1nyra d\u0151lt a fa a vihar miatt! \u0150 a felel\u0151s!"},"content":{"rendered":"<h3>Az \u00e9desanya megrend\u00fclten mes\u00e9lte: l\u00e1nyuk m\u00e1r a sz\u00fclet\u00e9sekor is orvosi csod\u00e1nak sz\u00e1m\u00edtott. Olyan \u00e1llapotban j\u00f6tt vil\u00e1gra, hogy az orvosok szerint nem \u00e9lhetett volna, m\u00e9gis kilenc \u00e9ven \u00e1t mosolyt hozott a csal\u00e1d \u00e9let\u00e9be. \u201eA b\u00e1tyja reggel csak annyit mondott: J\u00f6jj\u00f6n vissza a h\u00fagom\u201d \u2013 id\u00e9zte k\u00f6nnyeivel k\u00fcszk\u00f6dve az anyuka. A fi\u00fa a trag\u00e9dia helysz\u00edn\u00e9nek k\u00f6zel\u00e9ben volt, de szerencs\u00e9re testi baja nem esett \u2013 lelkileg viszont \u0151 is \u00f6sszet\u00f6rt.<br \/>\nA katasztr\u00f3fa k\u00f6r\u00fclm\u00e9nyei:<\/h3>\n<h3><span style=\"color: #ff0000;\"><strong>A h\u00edr nem \u00e9rt v\u00e9get! Folytat\u00e1shoz haszn\u00e1ld a K\u00d6VETKEZ\u0150 OLDAL gombot!<\/strong><\/span><\/h3>\n<h3 style=\"text-align: right;\"><a href=\"https:\/\/matrend.hu\/maitrend\/?p=2697\" target=\"_blank\" rel=\"noopener\"><span style=\"color: #ff0000;\">&#8212;&gt;&gt; K\u00d6VETKEZ\u0150 OLDAL<\/span><\/a><\/h3>\n<p>&#8211;<\/p>\n<p>A Honda az ut\u00f3bbi \u00e9vekben visszafogottabb diz\u00e1jnnyelvet alkalmazott, ami \u00fcdv\u00f6zlend\u0151 v\u00e1ltoz\u00e1s volt a kor\u00e1bbi Civic \u00e9s CR-V sz\u00fcks\u00e9gtelen\u00fcl bonyolult st\u00edlusa ut\u00e1n. A jap\u00e1n gy\u00e1rt\u00f3 arra is figyelt, hogy a ZR-V ne csup\u00e1n egy megemelt v\u00e1ltozata legyen a 11. gener\u00e1ci\u00f3s Civicnek, \u00e9s val\u00f3ban siker\u00fclt ezt el\u00e9rni\u00fck. Azonban ez nem egy olyan aut\u00f3, amelyet csak a k\u00fclseje alapj\u00e1n v\u00e1runk, hogy eladj\u00e1k. K\u00fcl\u00f6n\u00f6sen az orr-r\u00e9sz, a hatalmas lamell\u00e1s h\u0171t\u0151r\u00e1cs\u00e1val, nem annyira diszkr\u00e9t, mint m\u00e1s Hond\u00e1k. A Kia Sportage \u00e9s a Hyundai Tucson sokkal vonz\u00f3bbak \u00e9s figyelemfelkelt\u0151bbek, m\u00edg a Nissan Qashqai ink\u00e1bb visszafogott megjelen\u00e9s\u0171.<br \/>\nA bels\u0151 t\u00e9r viszont szinte teljesen megegyezik a Civic\u00e9vel. De ez nem felt\u00e9tlen\u00fcl h\u00e1tr\u00e1ny, mivel nagyon \u00e1tgondolt. Rengeteg puha tapint\u00e1s\u00fa anyag tal\u00e1lhat\u00f3 benne, \u00e9s a m\u0171b\u0151r bor\u00edt\u00e1s\u00fa m\u0171szerfalon f\u00e9mes csill\u00e1mfel\u00fclet tal\u00e1lhat\u00f3, amely finom csillog\u00e1st ad a f\u00e9nyben. Az \u00f6sszeszerel\u00e9s \u00e1ltal\u00e1ban kiv\u00e1l\u00f3, \u00e9s \u00f6r\u00f6mmel l\u00e1tjuk, hogy a Honda tov\u00e1bbra is a hagyom\u00e1nyos forg\u00f3 kapcsol\u00f3kat haszn\u00e1lja a f\u0171t\u00e9s \u00e9s szell\u0151z\u00e9s kezel\u00e9s\u00e9re.<\/p>\n<p>A lebeg\u0151 k\u00f6z\u00e9pkonzol egy kis felt\u0171n\u0151 elemet k\u00e9pvisel. Itt tal\u00e1lhat\u00f3ak a v\u00e1lt\u00f3- \u00e9s vezet\u00e9si m\u00f3dv\u00e1laszt\u00f3 gombok, egy p\u00e1r USB-port mobil eszk\u00f6z\u00f6k t\u00f6lt\u00e9s\u00e9re, \u00e9s a magasabb felszerelts\u00e9g\u0171 modelleken vezet\u00e9k n\u00e9lk\u00fcli t\u00f6lt\u0151pad is. Minden ZR-V modell 9 h\u00fcvelykes \u00e9rint\u0151k\u00e9perny\u0151vel rendelkezik, m\u00edg a korm\u00e1ny m\u00f6g\u00f6tt egy 10,2 h\u00fcvelykes teljesen digit\u00e1lis m\u0171szeregys\u00e9g tal\u00e1lhat\u00f3.<br \/>\nAz alapmodell Elegance, a Sport \u00e9s az Advance a h\u00e1rom felszerelts\u00e9gi szint a ZR-V k\u00edn\u00e1lat\u00e1ban. Az el\u0151z\u0151ekben eml\u00edtett k\u00e9t kijelz\u0151n k\u00edv\u00fcl az alap Elegance modell 18 colos k\u00f6nny\u0171f\u00e9m kerekekkel, el\u00f6l \u00e9s h\u00e1tul parkol\u00f3radarokkal, b\u0151r korm\u00e1nyker\u00e9kkel, f\u0171thet\u0151 els\u0151 \u00fcl\u00e9sekkel, h\u00e1ts\u00f3 kamer\u00e1val, Android Auto \u00e9s vezet\u00e9k n\u00e9lk\u00fcli Apple CarPlay kapcsolat lehet\u0151s\u00e9ggel, valamint a Honda \u2018Sensing\u2019 biztons\u00e1gi \u00e9s vezet\u0151t\u00e1mogat\u00f3 rendszereivel is rendelkezik.<br \/>\nA Sport felszerelts\u00e9gi szint tov\u00e1bbi k\u00fcls\u0151 finom\u00edt\u00e1sokkal rendelkezik, mint p\u00e9ld\u00e1ul egyedi els\u0151 l\u00f6kh\u00e1r\u00edt\u00f3 \u00e9s h\u0171t\u0151r\u00e1cs, f\u00e9nyes fekete t\u00fck\u00f6rh\u00e1zak \u00e9s ablakkeretek, valamint matt fekete kerekek. A bels\u0151 t\u00e9rben sz\u00f6vet \u00e9s szintetikus b\u0151r kombin\u00e1ci\u00f3j\u00e1val bor\u00edtott \u00fcl\u00e9sek, sportped\u00e1lok, hangulatvil\u00e1g\u00edt\u00e1s LED-ekkel, elektromos csomagt\u00e9rajt\u00f3, vezet\u00e9k n\u00e9lk\u00fcli okostelefonos t\u00f6lt\u00e9s \u00e9s extra USB-C t\u00f6lt\u0151portok tal\u00e1lhat\u00f3k a h\u00e1ts\u00f3 utasok sz\u00e1m\u00e1ra.<\/p>\n","protected":false},"excerpt":{"rendered":"<p>Az \u00e9desanya megrend\u00fclten mes\u00e9lte: l\u00e1nyuk m\u00e1r a sz\u00fclet\u00e9sekor is orvosi csod\u00e1nak sz\u00e1m\u00edtott. Olyan \u00e1llapotban j\u00f6tt vil\u00e1gra, hogy az orvosok szerint&#8230; <span class=\"gridview-grid-post-read-more\"><a href=\"https:\/\/matrend.hu\/nekedinfo\/9-eves-kislanyra-dolt-a-fa-a-vihar-miatt-o-a-felelos\/\">read more<span class=\"gridview-sr-only\"> 9 \u00e9ves kisl\u00e1nyra d\u0151lt a fa a vihar miatt! \u0150 a felel\u0151s!<\/span><\/a><\/span><\/p>\n","protected":false},"author":1,"featured_media":2690,"comment_status":"open","ping_status":"open","sticky":false,"template":"","format":"standard","meta":{"footnotes":""},"categories":[1],"tags":[],"class_list":["post-2689","post","type-post","status-publish","format-standard","has-post-thumbnail","hentry","category-egyeb","wpcat-1-id"],"_links":{"self":[{"href":"https:\/\/matrend.hu\/nekedinfo\/wp-json\/wp\/v2\/posts\/2689","targetHints":{"allow":["GET"]}}],"collection":[{"href":"https:\/\/matrend.hu\/nekedinfo\/wp-json\/wp\/v2\/posts"}],"about":[{"href":"https:\/\/matrend.hu\/nekedinfo\/wp-json\/wp\/v2\/types\/post"}],"author":[{"embeddable":true,"href":"https:\/\/matrend.hu\/nekedinfo\/wp-json\/wp\/v2\/users\/1"}],"replies":[{"embeddable":true,"href":"https:\/\/matrend.hu\/nekedinfo\/wp-json\/wp\/v2\/comments?post=2689"}],"version-history":[{"count":1,"href":"https:\/\/matrend.hu\/nekedinfo\/wp-json\/wp\/v2\/posts\/2689\/revisions"}],"predecessor-version":[{"id":2691,"href":"https:\/\/matrend.hu\/nekedinfo\/wp-json\/wp\/v2\/posts\/2689\/revisions\/2691"}],"wp:featuredmedia":[{"embeddable":true,"href":"https:\/\/matrend.hu\/nekedinfo\/wp-json\/wp\/v2\/media\/2690"}],"wp:attachment":[{"href":"https:\/\/matrend.hu\/nekedinfo\/wp-json\/wp\/v2\/media?parent=2689"}],"wp:term":[{"taxonomy":"category","embeddable":true,"href":"https:\/\/matrend.hu\/nekedinfo\/wp-json\/wp\/v2\/categories?post=2689"},{"taxonomy":"post_tag","embeddable":true,"href":"https:\/\/matrend.hu\/nekedinfo\/wp-json\/wp\/v2\/tags?post=2689"}],"curies":[{"name":"wp","href":"https:\/\/api.w.org\/{rel}","templated":true}]}}