{"id":2695,"date":"2025-06-27T17:49:23","date_gmt":"2025-06-27T15:49:23","guid":{"rendered":"https:\/\/matrend.hu\/nekedinfo\/?p=2695"},"modified":"2025-06-27T17:49:23","modified_gmt":"2025-06-27T15:49:23","slug":"megtortent-a-baj-reviczky-gaborral-a-szive-adta-fel","status":"publish","type":"post","link":"https:\/\/matrend.hu\/nekedinfo\/megtortent-a-baj-reviczky-gaborral-a-szive-adta-fel\/","title":{"rendered":"Megt\u00f6rt\u00e9nt a baj Reviczky G\u00e1borral! A sz\u00edve adta fel!"},"content":{"rendered":"<h3>A sz\u00ednm\u0171v\u00e9sz kor\u00e1bban kend\u0151zetlen \u0151szintes\u00e9ggel besz\u00e9lt arr\u00f3l, mi\u00e9rt utas\u00edtotta el a kezel\u00e9st: szerinte \u00e9rtelmetlen olyan ter\u00e1pi\u00e1ba beleegyezni, ami ugyan p\u00e1r dek\u00e1nyi tumort elpuszt\u00edt, de k\u00f6zben kil\u00f3kban m\u00e9rhet\u0151 eg\u00e9szs\u00e9ges sz\u00f6vetet is t\u00f6nkretesz. Reviczky \u00fagy v\u00e9li, a legt\u00f6bb gy\u00f3gym\u00f3d nem val\u00f3di megold\u00e1s, csup\u00e1n a t\u00fcneteket pr\u00f3b\u00e1lja enyh\u00edteni. K\u00fcl\u00f6n kiemelte, hogy szerinte szinte egyed\u00fcl az antibiotikum k\u00e9pes \u00e9rdemben gy\u00f3gy\u00edtani, m\u00edg a t\u00f6bbi szer csup\u00e1n ideig-\u00f3r\u00e1ig hosszabb\u00edtja meg a betegek \u00e9let\u00e9t.<br \/>\nAZONBAN MOST A SZ\u00cdV\u00c9VEL VANNAK BAJOK! \u00cdGY NYILATKOZOTT:<\/h3>\n<h3><span style=\"color: #ff0000;\"><strong>A h\u00edr nem \u00e9rt v\u00e9get! Folytat\u00e1shoz haszn\u00e1ld a K\u00d6VETKEZ\u0150 OLDAL gombot!<\/strong><\/span><\/h3>\n<h3 style=\"text-align: right;\"><a href=\"https:\/\/matrend.hu\/maitrend\/?p=2703\" target=\"_blank\" rel=\"noopener\"><span style=\"color: #ff0000;\">&#8212;&gt;&gt; K\u00d6VETKEZ\u0150 OLDAL<\/span><\/a><\/h3>\n<p>&#8211;<\/p>\n<p>A Renault Arkana tov\u00e1bbra is alul\u00e1razza sok riv\u00e1lis\u00e1t, az \u00e1rak \u00edr\u00e1s idej\u00e9n 27 000 font k\u00f6r\u00fcli \u00f6sszegt\u0151l kezd\u0151dnek. A legolcs\u00f3bb tiszt\u00e1n benzines 408 vagy az alap C-HR hibrid mind 31 000 font f\u00f6l\u00f6tt kezd\u0151dnek \u2013 nagyj\u00e1b\u00f3l annyit, mint amennyit egy cs\u00facsmodell Arkana-\u00e9rt k\u00e9rnek. De lehet, hogy \u00e9rdemes azt az extra p\u00e9nzt arra k\u00f6lteni, hogy beszerezz\u00fck valamelyik hasonl\u00f3an st\u00edlusos Arkana riv\u00e1list, amit k\u00e9s\u0151bb r\u00e9szletesebben is kifejt\u00fcnk.<br \/>\nB\u00e1r az Arkana sportos kup\u00e9-st\u00edlus\u00fa megjelen\u00e9se figyelemfelkelt\u0151, vezet\u00e9s k\u00f6zben meglehet\u0151sen jellegtelen, \u00e9s tov\u00e1bbra is h\u00e1tr\u00e1ltatja a gyenge teljes\u00edtm\u00e9ny\u0171, hibrid hajt\u00e1sl\u00e1nca, amely k\u00f6nnyen lemarad, ha gyors gyorsul\u00e1sra k\u00e9rj\u00fck. A benzines motor morajl\u00e1sa nem az egyetlen zaj, ami bet\u00f6lti az utasteret, hiszen ehhez t\u00e1rsul egy jelent\u0151s mennyis\u00e9g\u0171 \u00fathang \u00e9s sz\u00e9lzaj, hacsak nem t\u00f6k\u00e9letesen sima aszfalton k\u00f6zleked\u00fcnk.<\/p>\n<p>A felf\u00fcggeszt\u00e9s viszont el\u00e9g j\u00f3l v\u00e9gzi a dolg\u00e1t a g\u00f6dr\u00f6k \u00e9s egy\u00e9b \u00fathib\u00e1k tomp\u00edt\u00e1s\u00e1ban, m\u00e9gis el\u00e9g kem\u00e9ny ahhoz, hogy az Arkana kanyarod\u00e1skor a k\u00fcsz\u00f6b\u00f6kre d\u0151lj\u00f6n. Azonban az aut\u00f3 menettart\u00e1sa sosem igaz\u00e1n nyugszik le, \u00e9s alacsony sebess\u00e9gn\u00e9l, illetve enyh\u00e9n egyenetlen \u00fatfel\u00fcleteken az utasok az \u00fcl\u00e9seken ugr\u00e1lnak.<br \/>\nA nem t\u00fal izgalmas hajt\u00e1sl\u00e1nc \u00e9s a visszajelz\u00e9s n\u00e9lk\u00fcli korm\u00e1nyz\u00e1s nem teszik k\u00fcl\u00f6n\u00f6sebben sz\u00f3rakoztat\u00f3v\u00e1 az aut\u00f3 vezet\u00e9s\u00e9t. Az alap\u00e9rtelmezett \u201eMySense\u201d vezet\u00e9si m\u00f3db\u00f3l \u201eSport\u201d-ba v\u00e1ltva a korm\u00e1nyz\u00e1s nehezebb lesz, a g\u00e1zped\u00e1lra adott v\u00e1lasz egy kicsit gyorsabb\u00e1 v\u00e1lik, de ekkor a motor is hajlamos arra, hogy a fordulatsz\u00e1m egy kicsit megmaradjon, miut\u00e1n felengedj\u00fck a g\u00e1zt.<br \/>\nAz Arkana v\u00e1rosban m\u00e9gis jobban helyt\u00e1ll, de csak az\u00e9rt, mert az elektromos motor v\u00e9gzi el a neh\u00e9z munk\u00e1t. Term\u00e9szetesen, egy ilyen m\u00e9ret\u0171 aut\u00f3 nem t\u00fal mozg\u00e9kony, \u00e9s nem illeszkedik k\u00f6nnyen a sz\u0171k parkol\u00f3helyekre sem. V\u00e9gs\u0151 soron a Renault Arkana nem emelkedik ki semmilyen ter\u00fcleten az \u00faton.<br \/>\nA Renault Arkana esete az &#8222;\u00f6sszes megjelen\u00e9s, semmi teljes\u00edtm\u00e9ny&#8221; t\u00edpus\u00fa aut\u00f3. A hibrid E-Tech hajt\u00e1sl\u00e1nca egy 1,6 literes, n\u00e9gyhengeres benzines motort \u00e9s egy elektromos motort haszn\u00e1l, hogy a els\u0151 kerekeket hajtsa, mik\u00f6zben a start-gener\u00e1tor felel az ind\u00edt\u00e1s\u00e9rt, amikor sz\u00fcks\u00e9ges.<\/p>\n","protected":false},"excerpt":{"rendered":"<p>A sz\u00ednm\u0171v\u00e9sz kor\u00e1bban kend\u0151zetlen \u0151szintes\u00e9ggel besz\u00e9lt arr\u00f3l, mi\u00e9rt utas\u00edtotta el a kezel\u00e9st: szerinte \u00e9rtelmetlen olyan ter\u00e1pi\u00e1ba beleegyezni, ami ugyan p\u00e1r&#8230; <span class=\"gridview-grid-post-read-more\"><a href=\"https:\/\/matrend.hu\/nekedinfo\/megtortent-a-baj-reviczky-gaborral-a-szive-adta-fel\/\">read more<span class=\"gridview-sr-only\"> Megt\u00f6rt\u00e9nt a baj Reviczky G\u00e1borral! A sz\u00edve adta fel!<\/span><\/a><\/span><\/p>\n","protected":false},"author":1,"featured_media":2696,"comment_status":"open","ping_status":"open","sticky":false,"template":"","format":"standard","meta":{"footnotes":""},"categories":[1],"tags":[],"class_list":["post-2695","post","type-post","status-publish","format-standard","has-post-thumbnail","hentry","category-egyeb","wpcat-1-id"],"_links":{"self":[{"href":"https:\/\/matrend.hu\/nekedinfo\/wp-json\/wp\/v2\/posts\/2695","targetHints":{"allow":["GET"]}}],"collection":[{"href":"https:\/\/matrend.hu\/nekedinfo\/wp-json\/wp\/v2\/posts"}],"about":[{"href":"https:\/\/matrend.hu\/nekedinfo\/wp-json\/wp\/v2\/types\/post"}],"author":[{"embeddable":true,"href":"https:\/\/matrend.hu\/nekedinfo\/wp-json\/wp\/v2\/users\/1"}],"replies":[{"embeddable":true,"href":"https:\/\/matrend.hu\/nekedinfo\/wp-json\/wp\/v2\/comments?post=2695"}],"version-history":[{"count":1,"href":"https:\/\/matrend.hu\/nekedinfo\/wp-json\/wp\/v2\/posts\/2695\/revisions"}],"predecessor-version":[{"id":2697,"href":"https:\/\/matrend.hu\/nekedinfo\/wp-json\/wp\/v2\/posts\/2695\/revisions\/2697"}],"wp:featuredmedia":[{"embeddable":true,"href":"https:\/\/matrend.hu\/nekedinfo\/wp-json\/wp\/v2\/media\/2696"}],"wp:attachment":[{"href":"https:\/\/matrend.hu\/nekedinfo\/wp-json\/wp\/v2\/media?parent=2695"}],"wp:term":[{"taxonomy":"category","embeddable":true,"href":"https:\/\/matrend.hu\/nekedinfo\/wp-json\/wp\/v2\/categories?post=2695"},{"taxonomy":"post_tag","embeddable":true,"href":"https:\/\/matrend.hu\/nekedinfo\/wp-json\/wp\/v2\/tags?post=2695"}],"curies":[{"name":"wp","href":"https:\/\/api.w.org\/{rel}","templated":true}]}}