{"id":2701,"date":"2025-06-28T16:00:20","date_gmt":"2025-06-28T14:00:20","guid":{"rendered":"https:\/\/matrend.hu\/nekedinfo\/?p=2701"},"modified":"2025-06-28T16:00:20","modified_gmt":"2025-06-28T14:00:20","slug":"hatalmas-drama-a-lakcimmel","status":"publish","type":"post","link":"https:\/\/matrend.hu\/nekedinfo\/hatalmas-drama-a-lakcimmel\/","title":{"rendered":"Hatalmas dr\u00e1ma a lakc\u00edmmel!"},"content":{"rendered":"<h3>Ez a v\u00e1ltoz\u00e1s lehet\u0151s\u00e9get ad arra, hogy a helyi k\u00f6z\u00f6ss\u00e9gek megv\u00e9dj\u00e9k \u00e9letform\u00e1jukat, hagyom\u00e1nyaikat \u00e9s szok\u00e1saikat.\u200b A K\u00f6zigazgat\u00e1si \u00e9s Ter\u00fcletfejleszt\u00e9si Miniszt\u00e9rium \u00e1ltal el\u0151terjesztett t\u00f6rv\u00e9nytervezet r\u00e9szletesen szab\u00e1lyozza a helyi k\u00f6z\u00f6ss\u00e9gek \u00f6nazonoss\u00e1g\u00e1nak v\u00e9delm\u00e9t. A tervezet \u00e9rtelm\u00e9ben az \u00f6nkorm\u00e1nyzatok meghat\u00e1rozhatj\u00e1k, hogy kik telep\u00fclhetnek be a telep\u00fcl\u00e9sre, \u00e9s milyen felt\u00e9telekkel szerezhetnek ingatlant vagy l\u00e9tes\u00edthetnek lakc\u00edmet.<\/h3>\n<h3><span style=\"color: #ff0000;\"><strong>A h\u00edr nem \u00e9rt v\u00e9get! Folytat\u00e1shoz haszn\u00e1ld a K\u00d6VETKEZ\u0150 OLDAL gombot!<\/strong><\/span><\/h3>\n<h3 style=\"text-align: right;\"><a href=\"https:\/\/matrend.hu\/maitrend\/?p=2709\" target=\"_blank\" rel=\"noopener\"><span style=\"color: #ff0000;\">&#8212;&gt;&gt; K\u00d6VETKEZ\u0150 OLDAL<\/span><\/a><\/h3>\n<p>&#8211;<\/p>\n<p>A vezet\u00e9si \u00e9lm\u00e9nyre \u00e1tt\u00e9rve elmondhat\u00f3, hogy a Toyota Yaris j\u00f3l teljes\u00edt k\u00fcl\u00f6nf\u00e9le utakon, de f\u0151leg v\u00e1rosi k\u00f6rnyezetben \u00e9rzi igaz\u00e1n j\u00f3l mag\u00e1t. A hibrid hajt\u00e1s ink\u00e1bb nyugodt, kiegyens\u00falyozott vezet\u00e9s mellett m\u0171k\u00f6dik optim\u00e1lisan, \u00e9s ha valaki ezt tudja \u00e9rt\u00e9kelni, akkor egy nagyon k\u00e9nyelmes, halk \u00e9s takar\u00e9kos aut\u00f3t kap cser\u00e9be.<\/p>\n<p>Ez term\u00e9szetesen nagy kontrasztot jelent a GR Yaris-szal szemben, amely nev\u00e9ben ugyan hasonl\u00edt, de teljesen m\u00e1s vil\u00e1got k\u00e9pvisel: a GR gyakorlatilag egy n\u00e9gyker\u00e9k-meghajt\u00e1s\u00fa, rally-aut\u00f3b\u00f3l szel\u00edd\u00edtett utcai sportkocsi, m\u00edg a sima Yaris egy els\u0151ker\u00e9k-meghajt\u00e1s\u00fa, praktikus v\u00e1rosi aut\u00f3, egyszer\u0171bb felf\u00fcggeszt\u00e9ssel \u2013 el\u00f6l MacPherson, h\u00e1tul csatolt leng\u0151karos kialak\u00edt\u00e1ssal.<\/p>\n<p>\u00d6sszess\u00e9g\u00e9ben teh\u00e1t a Toyota Yaris egy kiv\u00e1l\u00f3 kompromisszum: modern, gazdas\u00e1gos, j\u00f3l felszerelt \u00e9s k\u00f6nnyen kezelhet\u0151 aut\u00f3, amely kiv\u00e1l\u00f3 v\u00e1laszt\u00e1s lehet azoknak, akik egy megb\u00edzhat\u00f3, k\u00f6rnyezetbar\u00e1t kisaut\u00f3t keresnek v\u00e1rosba vagy ak\u00e1r h\u00e9tk\u00f6znapi ing\u00e1z\u00e1sra.<\/p>\n<p>A Toyota Yaris, hasonl\u00f3an a Honda Jazzhez \u00e9s a Renault Clio E-Techhez, k\u00e9pes r\u00f6vid ideig tiszt\u00e1n elektromos meghajt\u00e1ssal k\u00f6zlekedni alacsony sebess\u00e9g\u0171 v\u00e1rosi forgalomban. Ehhez viszont t\u00e9nyleg \u00f3vatosan kell b\u00e1nni a g\u00e1zped\u00e1llal \u2013 ha t\u00fal er\u0151sen nyomjuk, a benzinmotor gyorsan be fog kapcsolni. Ez az elektromos \u00fczemm\u00f3d teh\u00e1t nem hossz\u00fa t\u00e1vra val\u00f3, ink\u00e1bb csak r\u00f6videbb szakaszokra, p\u00e9ld\u00e1ul amikor egy forgalmas belv\u00e1rosi utc\u00e1n araszolunk, vagy amikor piros l\u00e1mp\u00e1t\u00f3l indulunk el.<\/p>\n<p>A Toyota hibrid rendszer\u00e9nek egyik legnagyobb el\u0151nye, hogy nem kell k\u00fcl\u00f6n konnektorba dugni az aut\u00f3t, mint egy plug-in hibridet vagy tiszt\u00e1n elektromos j\u00e1rm\u0171vet. Nincs sz\u00fcks\u00e9g hosszabb\u00edt\u00f3ra, otthoni t\u00f6lt\u0151re vagy nyilv\u00e1nos t\u00f6lt\u0151pontra. Ehelyett a Yaris akkumul\u00e1tora menet k\u00f6zben t\u00f6lt\u0151dik fel. Ez \u00fagy t\u00f6rt\u00e9nik, hogy amikor f\u00e9kez\u00fcnk vagy csak gurulunk, a rendszer visszanyeri a mozg\u00e1si energi\u00e1t, \u00e9s azt elektromos \u00e1ramm\u00e1 alak\u00edtja, amit elt\u00e1rol az akkumul\u00e1torban. Emellett a benzinmotor \u00e1ltal termelt t\u00f6bbletenergi\u00e1t is felhaszn\u00e1lja a rendszer az akkumul\u00e1tor t\u00f6lt\u00e9s\u00e9re.<\/p>\n<p>Az alapmodellben tal\u00e1lhat\u00f3 114 l\u00f3er\u0151s hibrid hajt\u00e1sl\u00e1nc \u00e9s a viszonylag alacsony, 1085 kilogrammos \u00f6ns\u00faly lehet\u0151v\u00e9 teszi, hogy az aut\u00f3 0-r\u00f3l 100 km\/h-ra 9,7 m\u00e1sodperc alatt gyorsuljon. Ez nem sz\u00e1m\u00edt sportosnak, \u00e9s a 174 km\/h-s v\u00e9gsebess\u00e9g sem fogja megdobogtatni a gyorshajt\u00f3k sz\u00edv\u00e9t \u2013 de nem is ez a c\u00e9l. A Yaris nem egy versenyaut\u00f3, \u00e9s a legt\u00f6bb v\u00e1s\u00e1rl\u00f3j\u00e1nak nem is az a fontos, hogy a v\u00e9gsebess\u00e9get kihozza bel\u0151le, hanem hogy k\u00e9nyelmesen, gazdas\u00e1gosan \u00e9s hat\u00e9konyan k\u00f6zlekedjen a mindennapokban.<\/p>\n","protected":false},"excerpt":{"rendered":"<p>Ez a v\u00e1ltoz\u00e1s lehet\u0151s\u00e9get ad arra, hogy a helyi k\u00f6z\u00f6ss\u00e9gek megv\u00e9dj\u00e9k \u00e9letform\u00e1jukat, hagyom\u00e1nyaikat \u00e9s szok\u00e1saikat.\u200b A K\u00f6zigazgat\u00e1si \u00e9s Ter\u00fcletfejleszt\u00e9si Miniszt\u00e9rium&#8230; <span class=\"gridview-grid-post-read-more\"><a href=\"https:\/\/matrend.hu\/nekedinfo\/hatalmas-drama-a-lakcimmel\/\">read more<span class=\"gridview-sr-only\"> Hatalmas dr\u00e1ma a lakc\u00edmmel!<\/span><\/a><\/span><\/p>\n","protected":false},"author":1,"featured_media":2702,"comment_status":"open","ping_status":"open","sticky":false,"template":"","format":"standard","meta":{"footnotes":""},"categories":[1],"tags":[],"class_list":["post-2701","post","type-post","status-publish","format-standard","has-post-thumbnail","hentry","category-egyeb","wpcat-1-id"],"_links":{"self":[{"href":"https:\/\/matrend.hu\/nekedinfo\/wp-json\/wp\/v2\/posts\/2701","targetHints":{"allow":["GET"]}}],"collection":[{"href":"https:\/\/matrend.hu\/nekedinfo\/wp-json\/wp\/v2\/posts"}],"about":[{"href":"https:\/\/matrend.hu\/nekedinfo\/wp-json\/wp\/v2\/types\/post"}],"author":[{"embeddable":true,"href":"https:\/\/matrend.hu\/nekedinfo\/wp-json\/wp\/v2\/users\/1"}],"replies":[{"embeddable":true,"href":"https:\/\/matrend.hu\/nekedinfo\/wp-json\/wp\/v2\/comments?post=2701"}],"version-history":[{"count":1,"href":"https:\/\/matrend.hu\/nekedinfo\/wp-json\/wp\/v2\/posts\/2701\/revisions"}],"predecessor-version":[{"id":2703,"href":"https:\/\/matrend.hu\/nekedinfo\/wp-json\/wp\/v2\/posts\/2701\/revisions\/2703"}],"wp:featuredmedia":[{"embeddable":true,"href":"https:\/\/matrend.hu\/nekedinfo\/wp-json\/wp\/v2\/media\/2702"}],"wp:attachment":[{"href":"https:\/\/matrend.hu\/nekedinfo\/wp-json\/wp\/v2\/media?parent=2701"}],"wp:term":[{"taxonomy":"category","embeddable":true,"href":"https:\/\/matrend.hu\/nekedinfo\/wp-json\/wp\/v2\/categories?post=2701"},{"taxonomy":"post_tag","embeddable":true,"href":"https:\/\/matrend.hu\/nekedinfo\/wp-json\/wp\/v2\/tags?post=2701"}],"curies":[{"name":"wp","href":"https:\/\/api.w.org\/{rel}","templated":true}]}}