{"id":2707,"date":"2025-06-28T19:05:37","date_gmt":"2025-06-28T17:05:37","guid":{"rendered":"https:\/\/matrend.hu\/nekedinfo\/?p=2707"},"modified":"2025-06-28T19:05:37","modified_gmt":"2025-06-28T17:05:37","slug":"megjottek-a-szamok-nyugdijlevonas-2025","status":"publish","type":"post","link":"https:\/\/matrend.hu\/nekedinfo\/megjottek-a-szamok-nyugdijlevonas-2025\/","title":{"rendered":"Megj\u00f6ttek a sz\u00e1mok! Nyugd\u00edjlevon\u00e1s 2025"},"content":{"rendered":"<h3>Az \u00faj szab\u00e1lyoz\u00e1s c\u00e9lja, hogy v\u00e9delmet ny\u00fajtson az alacsonyabb kereset\u0171ek sz\u00e1m\u00e1ra, \u00edgy jav\u00edtva anyagi helyzet\u00fcket \u00e9s biztos\u00edtva a meg\u00e9lhet\u00e9shez sz\u00fcks\u00e9ges fedezetet. Mi v\u00e1ltozik 2025-t\u0151l? Az \u00faj szab\u00e1lyoz\u00e1s \u00e9rtelm\u00e9ben a v\u00e9grehajt\u00e1s al\u00f3l mentes\u00edtett \u00f6sszeg a mindenkori nett\u00f3 minim\u00e1lb\u00e9r 60%-\u00e1ra emelkedik. Ez azt jelenti, hogy a j\u00f6vedelmekb\u0151l maximum 40%-ot lehet letiltani, szemben a kor\u00e1bbi fix 60 000 forintos mentes\u00edtett \u00f6sszeggel.<\/h3>\n<h3><span style=\"color: #ff0000;\"><strong>A h\u00edr nem \u00e9rt v\u00e9get! Folytat\u00e1shoz haszn\u00e1ld a K\u00d6VETKEZ\u0150 OLDAL gombot!<\/strong><\/span><\/h3>\n<h3 style=\"text-align: right;\"><a href=\"https:\/\/matrend.hu\/maitrend\/?p=2715\" target=\"_blank\" rel=\"noopener\"><span style=\"color: #ff0000;\">&#8212;&gt;&gt; K\u00d6VETKEZ\u0150 OLDAL<\/span><\/a><\/h3>\n<p>&#8211;<\/p>\n<p>A C3 Aircross viselked\u00e9s\u00e9re a viszonylag k\u00f6nny\u0171 s\u00faly hat\u00e1ssal van kanyarokban. A korm\u00e1nyz\u00e1sb\u00f3l kev\u00e9s visszajelz\u00e9st kapunk, r\u00e1ad\u00e1sul sz\u0171kebb \u00edvekn\u00e9l el\u00e9g nagy er\u0151vel kell tekerni a korm\u00e1nyt. Ugyanakkor a korm\u00e1nyz\u00e1s viszonylag line\u00e1ris \u00e9s megb\u00edzhat\u00f3 marad, a kocsi els\u0151 kerekei pedig t\u00f6bb tapad\u00e1st biztos\u00edtanak, mint amennyire a legt\u00f6bb C3 Aircross vezet\u0151nek sz\u00fcks\u00e9ge van a mindennapi haszn\u00e1lat sor\u00e1n. A karossz\u00e9ria sem d\u0151l t\u00falzottan, \u00edgy nem zavarja a vezet\u00e9si dinamik\u00e1t. Hasonl\u00f3 a helyzet a f\u00e9kekkel is \u2013 b\u00e1r a ped\u00e1l\u00e9rzet\u00fck nem a legjobb, a f\u00e9krendszer teljes\u00edtm\u00e9nye megfelel\u0151 \u00e9s megb\u00edzhat\u00f3. V\u00e1rosi haszn\u00e1latban a C3 Aircross meglep\u0151en f\u00fcrge, amit nagyban seg\u00edt a 10,9 m\u00e9teres fordul\u00f3k\u00f6r, ami mind\u00f6ssze 30 centivel nagyobb, mint a kisebb C3 szuperminiv\u00e9.<\/p>\n<p>A hagyom\u00e1nyos benzinmotoros v\u00e1ltozat csak hatfokozat\u00fa k\u00e9zi v\u00e1lt\u00f3val \u00e9rhet\u0151 el, amely a Stellantis csoport sok modellj\u00e9ben megtal\u00e1lhat\u00f3. B\u00e1r nem a legmodernebb a kapcsol\u00f3d\u00e1si lehet\u0151s\u00e9gek ter\u00e9n, a haszn\u00e1lata egyszer\u0171 \u00e9s \u00e1ttekinthet\u0151.<\/p>\n<p>A Hybrid 136-os modellhez hatfokozat\u00fa, kett\u0151s tengelykapcsol\u00f3s automata v\u00e1lt\u00f3t szerelnek, amely az \u00faj C4 Hybrid 136-ban is megtal\u00e1lhat\u00f3. Azonban a C3 Aircross Hybrid 136 nem kapja meg azt a k\u00e9zi v\u00e1lt\u00f3f\u00fclet a korm\u00e1ny m\u00f6g\u00f6tt, amely a C4 Hybrid 136-ban el\u00e9rhet\u0151, \u00edgy itt csak az automata v\u00e1lt\u00e1sra lehet hagyatkozni. A v\u00e1lt\u00f3 a hibridben \u00e1ltal\u00e1ban sim\u00e1n kapcsol, de ha gyors\u00edtan\u00e1nk, n\u00e9ha lassan reag\u00e1l a lejjebb kapcsol\u00e1sra. Kipr\u00f3b\u00e1ltuk a Hybrid 136-os \u00e9s az e-C3 Aircross teljesen elektromos v\u00e1ltozat\u00e1t is, \u00e9s mint v\u00e1rhat\u00f3 volt, a k\u00e9t meghajt\u00e1s nagyon k\u00fcl\u00f6nb\u00f6z\u0151 \u00e9lm\u00e9nyt ny\u00fajt. A Hybrid 136 elektromos r\u00e1seg\u00edt\u00e9se a teszt\u00fat mintegy 15 sz\u00e1zal\u00e9k\u00e1ban volt akt\u00edv, ami el\u00e9g j\u00f3 ar\u00e1ny egy vegyes \u00fathaszn\u00e1lat mellett. Ahogy az \u00faj C4 Hybrid 136 eset\u00e9ben is, itt is szeretn\u00e9nk, ha a hibrid rendszer akt\u00edvabban m\u0171k\u00f6dne, mert a h\u00e1romhengeres motor n\u00e9ha kiss\u00e9 nyersen sz\u00f3l. A 0-100 km\/h-s gyorsul\u00e1s 10 m\u00e1sodperces ideje els\u0151re lass\u00fanak t\u0171nhet, de a gyakorlatban megfelel\u0151nek bizonyul, \u00e9s aut\u00f3p\u00e1ly\u00e1n is elegend\u0151 nyomat\u00e9k \u00e1ll rendelkez\u00e9sre a k\u00e9nyelmes el\u0151z\u00e9sekhez.<\/p>\n","protected":false},"excerpt":{"rendered":"<p>Az \u00faj szab\u00e1lyoz\u00e1s c\u00e9lja, hogy v\u00e9delmet ny\u00fajtson az alacsonyabb kereset\u0171ek sz\u00e1m\u00e1ra, \u00edgy jav\u00edtva anyagi helyzet\u00fcket \u00e9s biztos\u00edtva a meg\u00e9lhet\u00e9shez sz\u00fcks\u00e9ges&#8230; <span class=\"gridview-grid-post-read-more\"><a href=\"https:\/\/matrend.hu\/nekedinfo\/megjottek-a-szamok-nyugdijlevonas-2025\/\">read more<span class=\"gridview-sr-only\"> Megj\u00f6ttek a sz\u00e1mok! Nyugd\u00edjlevon\u00e1s 2025<\/span><\/a><\/span><\/p>\n","protected":false},"author":1,"featured_media":2708,"comment_status":"open","ping_status":"open","sticky":false,"template":"","format":"standard","meta":{"footnotes":""},"categories":[1],"tags":[],"class_list":["post-2707","post","type-post","status-publish","format-standard","has-post-thumbnail","hentry","category-egyeb","wpcat-1-id"],"_links":{"self":[{"href":"https:\/\/matrend.hu\/nekedinfo\/wp-json\/wp\/v2\/posts\/2707","targetHints":{"allow":["GET"]}}],"collection":[{"href":"https:\/\/matrend.hu\/nekedinfo\/wp-json\/wp\/v2\/posts"}],"about":[{"href":"https:\/\/matrend.hu\/nekedinfo\/wp-json\/wp\/v2\/types\/post"}],"author":[{"embeddable":true,"href":"https:\/\/matrend.hu\/nekedinfo\/wp-json\/wp\/v2\/users\/1"}],"replies":[{"embeddable":true,"href":"https:\/\/matrend.hu\/nekedinfo\/wp-json\/wp\/v2\/comments?post=2707"}],"version-history":[{"count":1,"href":"https:\/\/matrend.hu\/nekedinfo\/wp-json\/wp\/v2\/posts\/2707\/revisions"}],"predecessor-version":[{"id":2709,"href":"https:\/\/matrend.hu\/nekedinfo\/wp-json\/wp\/v2\/posts\/2707\/revisions\/2709"}],"wp:featuredmedia":[{"embeddable":true,"href":"https:\/\/matrend.hu\/nekedinfo\/wp-json\/wp\/v2\/media\/2708"}],"wp:attachment":[{"href":"https:\/\/matrend.hu\/nekedinfo\/wp-json\/wp\/v2\/media?parent=2707"}],"wp:term":[{"taxonomy":"category","embeddable":true,"href":"https:\/\/matrend.hu\/nekedinfo\/wp-json\/wp\/v2\/categories?post=2707"},{"taxonomy":"post_tag","embeddable":true,"href":"https:\/\/matrend.hu\/nekedinfo\/wp-json\/wp\/v2\/tags?post=2707"}],"curies":[{"name":"wp","href":"https:\/\/api.w.org\/{rel}","templated":true}]}}