{"id":2710,"date":"2025-06-28T19:36:52","date_gmt":"2025-06-28T17:36:52","guid":{"rendered":"https:\/\/matrend.hu\/nekedinfo\/?p=2710"},"modified":"2025-06-28T19:36:52","modified_gmt":"2025-06-28T17:36:52","slug":"akkora-balhe-volt-hogy-megszakitottak-az-elo-hiradot","status":"publish","type":"post","link":"https:\/\/matrend.hu\/nekedinfo\/akkora-balhe-volt-hogy-megszakitottak-az-elo-hiradot\/","title":{"rendered":"Akkora balh\u00e9 volt, hogy megszak\u00edtott\u00e1k az \u00e9l\u0151 H\u00edrad\u00f3t!"},"content":{"rendered":"<h3>Fot\u00f3s miatt robbant a balh\u00e9. A balh\u00e9 \u00e1ll\u00edt\u00f3lag egy fot\u00f3s miatt pattant ki: Guly\u00e1s Mikl\u00f3s, a Moholy-Nagy Egyetem docense k\u00e9peket akart k\u00e9sz\u00edteni a HVIM ellent\u00fcntet\u00e9s\u00e9r\u0151l, de a szervez\u0151k ezt nem engedt\u00e9k. Heves kiab\u00e1l\u00e1s kezd\u0151d\u00f6tt, majd l\u00f6kd\u00f6s\u0151d\u00e9s lett bel\u0151le, amit a rend\u0151r\u00f6k csak nehezen tudtak megf\u00e9kezni. A felv\u00e9teleken l\u00e1tszott, ahogy a fot\u00f3st v\u00e9g\u00fcl kitess\u00e9kelik a demonstr\u00e1ci\u00f3 ter\u00fclet\u00e9r\u0151l.<\/h3>\n<h3><span style=\"color: #ff0000;\"><strong>A h\u00edr nem \u00e9rt v\u00e9get! Folytat\u00e1shoz haszn\u00e1ld a K\u00d6VETKEZ\u0150 OLDAL gombot!<\/strong><\/span><\/h3>\n<h3 style=\"text-align: right;\"><a href=\"https:\/\/matrend.hu\/maitrend\/?p=2719\" target=\"_blank\" rel=\"noopener\"><span style=\"color: #ff0000;\">&#8212;&gt;&gt; K\u00d6VETKEZ\u0150 OLDAL<\/span><\/a><\/h3>\n<p>&#8211;<\/p>\n<p>A Soul indul\u00e1skor egyetlen akkumul\u00e1torral \u00e9s egyetlen, gazdagon felszerelt felszerelts\u00e9gi szinttel volt el\u00e9rhet\u0151, amelyet el\u0151sz\u00f6r First Editionnek, majd Maxx-nak h\u00edvtak. Most azonban a v\u00e1s\u00e1rl\u00f3knak k\u00e9t modell k\u00f6z\u00fcl lehet v\u00e1lasztani, amelyek k\u00fcl\u00f6nb\u00f6z\u0151 akkumul\u00e1torokat, teljes\u00edtm\u00e9nyeket \u00e9s alapfelszerelts\u00e9get k\u00edn\u00e1lnak.<br \/>\nAz \u00faj, bel\u00e9p\u0151 szint\u0171 Urban modell egy 39,2 kWh-s akkumul\u00e1tort haszn\u00e1l, amely egy 134 l\u00f3er\u0151s villanymotort hajt, \u00e9s a maxim\u00e1lis hat\u00f3t\u00e1v ak\u00e1r 171 m\u00e9rf\u00f6ld is lehet \u2013 vagy t\u00f6bb mint 250 m\u00e9rf\u00f6ld, ha kiz\u00e1r\u00f3lag v\u00e1rosi k\u00f6r\u00fclm\u00e9nyek k\u00f6z\u00f6tt haszn\u00e1lod, a Kia szerint. Az Urban felszerelts\u00e9g\u00e9hez tartozik 17 h\u00fcvelykes k\u00f6nny\u0171f\u00e9m ker\u00e9kt\u00e1rcsa, LED f\u00e9nysz\u00f3r\u00f3k, tolat\u00f3kamera, egy 7 h\u00fcvelykes vezet\u0151i kijelz\u0151 \u00e9s egy \u00faj, kisebb, 8 h\u00fcvelykes k\u00f6zponti \u00e9rint\u0151k\u00e9perny\u0151 Android Auto \u00e9s Apple CarPlay okostelefon-csatlakoz\u00e1ssal. Sz\u00e1mos biztons\u00e1gi rendszer is megtal\u00e1lhat\u00f3 a fed\u00e9lzeten, p\u00e9ld\u00e1ul az \u00fctk\u00f6z\u00e9s el\u0151tti asszisztens \u00e9s a vezet\u0151i figyelmeztet\u00e9s.<\/p>\n<p>Az Explore v\u00e1ltozat l\u00e9nyeg\u00e9ben az el\u0151z\u0151 Maxx felszerelts\u00e9gi szint hely\u00e9re l\u00e9pett a Soul EV-n\u00e9l. Ugyanazt a 64 kWh-s akkumul\u00e1tort \u00e9s 201 l\u00f3er\u0151s villanymotort haszn\u00e1lja, ami a hat\u00f3t\u00e1vot ak\u00e1r 280 m\u00e9rf\u00f6ldre n\u00f6veli. Bel\u00fcl egy nagyobb, 10,25 h\u00fcvelykes \u00e9rint\u0151k\u00e9perny\u0151, automatikusan s\u00f6t\u00e9ted\u0151 visszapillant\u00f3 t\u00fck\u00f6r, h\u00e1ts\u00f3 parkol\u00f3szenzorok, f\u0171thet\u0151 b\u0151r els\u0151 \u00fcl\u00e9sek \u00e9s korm\u00e1nyker\u00e9k, valamint tet\u0151s\u00ednek tal\u00e1lhat\u00f3k.<br \/>\nA cikk \u00edr\u00e1sakor a Soul EV Urban \u00e1ra k\u00f6r\u00fclbel\u00fcl 33 000 font, m\u00edg a Soul EV Explore t\u00f6bb mint 39 000 font. Mindk\u00e9t \u00e1r kiss\u00e9 probl\u00e9m\u00e1s, mert a bel\u00e9p\u0151 szint\u0171 modell k\u00f6r\u00fclbel\u00fcl ugyanannyiba ker\u00fcl, mint az MG ZS EV \u00e9s MG4 hosszabb hat\u00f3t\u00e1v\u00fa v\u00e1ltozatai \u2013 amelyek mindketten elnyert\u00e9k a mi megfizethet\u0151 elektromos aut\u00f3 d\u00edjunkat, \u00e9s t\u00f6bbet is tudnak megtenni egy t\u00f6lt\u00e9ssel. Emellett vesz\u00e9lyesen k\u00f6zel \u00e1llnak a Hyundai Kona Electric alapv\u00e1ltozat\u00e1nak \u00e1r\u00e1hoz is, amely szint\u00e9n hosszabb hat\u00f3t\u00e1v\u00fa, \u00e9s egyszer\u0171en kifinomultabb, mint a Soul.<\/p>\n","protected":false},"excerpt":{"rendered":"<p>Fot\u00f3s miatt robbant a balh\u00e9. A balh\u00e9 \u00e1ll\u00edt\u00f3lag egy fot\u00f3s miatt pattant ki: Guly\u00e1s Mikl\u00f3s, a Moholy-Nagy Egyetem docense k\u00e9peket&#8230; <span class=\"gridview-grid-post-read-more\"><a href=\"https:\/\/matrend.hu\/nekedinfo\/akkora-balhe-volt-hogy-megszakitottak-az-elo-hiradot\/\">read more<span class=\"gridview-sr-only\"> Akkora balh\u00e9 volt, hogy megszak\u00edtott\u00e1k az \u00e9l\u0151 H\u00edrad\u00f3t!<\/span><\/a><\/span><\/p>\n","protected":false},"author":1,"featured_media":2711,"comment_status":"open","ping_status":"open","sticky":false,"template":"","format":"standard","meta":{"footnotes":""},"categories":[1],"tags":[],"class_list":["post-2710","post","type-post","status-publish","format-standard","has-post-thumbnail","hentry","category-egyeb","wpcat-1-id"],"_links":{"self":[{"href":"https:\/\/matrend.hu\/nekedinfo\/wp-json\/wp\/v2\/posts\/2710","targetHints":{"allow":["GET"]}}],"collection":[{"href":"https:\/\/matrend.hu\/nekedinfo\/wp-json\/wp\/v2\/posts"}],"about":[{"href":"https:\/\/matrend.hu\/nekedinfo\/wp-json\/wp\/v2\/types\/post"}],"author":[{"embeddable":true,"href":"https:\/\/matrend.hu\/nekedinfo\/wp-json\/wp\/v2\/users\/1"}],"replies":[{"embeddable":true,"href":"https:\/\/matrend.hu\/nekedinfo\/wp-json\/wp\/v2\/comments?post=2710"}],"version-history":[{"count":1,"href":"https:\/\/matrend.hu\/nekedinfo\/wp-json\/wp\/v2\/posts\/2710\/revisions"}],"predecessor-version":[{"id":2712,"href":"https:\/\/matrend.hu\/nekedinfo\/wp-json\/wp\/v2\/posts\/2710\/revisions\/2712"}],"wp:featuredmedia":[{"embeddable":true,"href":"https:\/\/matrend.hu\/nekedinfo\/wp-json\/wp\/v2\/media\/2711"}],"wp:attachment":[{"href":"https:\/\/matrend.hu\/nekedinfo\/wp-json\/wp\/v2\/media?parent=2710"}],"wp:term":[{"taxonomy":"category","embeddable":true,"href":"https:\/\/matrend.hu\/nekedinfo\/wp-json\/wp\/v2\/categories?post=2710"},{"taxonomy":"post_tag","embeddable":true,"href":"https:\/\/matrend.hu\/nekedinfo\/wp-json\/wp\/v2\/tags?post=2710"}],"curies":[{"name":"wp","href":"https:\/\/api.w.org\/{rel}","templated":true}]}}