{"id":2714,"date":"2025-06-29T18:21:01","date_gmt":"2025-06-29T16:21:01","guid":{"rendered":"https:\/\/matrend.hu\/nekedinfo\/?p=2714"},"modified":"2025-06-29T18:21:01","modified_gmt":"2025-06-29T16:21:01","slug":"most-jott-a-vegzetes-hir-dudas-miki-edesanyjarol","status":"publish","type":"post","link":"https:\/\/matrend.hu\/nekedinfo\/most-jott-a-vegzetes-hir-dudas-miki-edesanyjarol\/","title":{"rendered":"Most j\u00f6tt a v\u00e9gzetes h\u00edr Dud\u00e1s Miki \u00e9desanyj\u00e1r\u00f3l!"},"content":{"rendered":"<h3>A vil\u00e1gbajnok kajakos \u00e9desapj\u00e1t tavaly egy f\u0151v\u00e1rosi benzink\u00faton t\/madt\u00e1k meg, amikor csak tiszt\u00e1zni akart egy f\u00e9lre\u00e9rt\u00e9st. Ehelyett br*t\u00e1lis \u00fct\u00e9seket kapott, azonnal \u00f6sszeesett \u00e9s beverte a fej\u00e9t. H\u00f3napokig fek\u00fcdt k\u00f3m\u00e1ban, miel\u0151tt szervezete feladta volna a harcot. Febru\u00e1rban v\u00e9gleg elragadta a hal\u00e1l, darabokra t\u00f6rve a csal\u00e1dot.<br \/>\nEZ\u00c9RT KER\u00dcLT EKKORA BAJBA MIKI \u00c9DESANYJA!<\/h3>\n<h3><span style=\"color: #ff0000;\"><strong>A h\u00edr nem \u00e9rt v\u00e9get! Folytat\u00e1shoz haszn\u00e1ld a K\u00d6VETKEZ\u0150 OLDAL gombot!<\/strong><\/span><\/h3>\n<h3 style=\"text-align: right;\"><a href=\"https:\/\/matrend.hu\/maitrend\/?p=2723\" target=\"_blank\" rel=\"noopener\"><span style=\"color: #ff0000;\">&#8212;&gt;&gt; K\u00d6VETKEZ\u0150 OLDAL<\/span><\/a><\/h3>\n<p>&#8211;<\/p>\n<p>\u00d6sszehasonl\u00edt\u00e1sk\u00e9pp: az i30 N k\u00f6zvetlen riv\u00e1lisa, a nyolcadik gener\u00e1ci\u00f3s Volkswagen Golf GTI 242 l\u00f3er\u0151t tud, m\u00edg a Ford Focus ST \u2013 amelyet nemr\u00e9g k\u00f6zvetlen\u00fcl vetett\u00fcnk \u00f6ssze a Hyundai-jal \u2013 276 l\u00f3er\u0151t teljes\u00edt. Az i30 N azonban j\u00f3val gyeng\u00e9bb, mint a leg\u00fajabb Honda Civic Type R, amely 324 l\u00f3er\u0151vel rendelkezik.<\/p>\n<p>Az \u00e1rak jelenleg valamivel 35 000 font f\u00f6l\u00f6tt kezd\u0151dnek, \u00e9s az alapfelszerelts\u00e9gben megtal\u00e1lhat\u00f3 a LED-es f\u00e9nysz\u00f3r\u00f3, 19 colos kov\u00e1csolt k\u00f6nny\u0171f\u00e9m ker\u00e9kt\u00e1rcs\u00e1k, s\u00f6t\u00e9t\u00edtett h\u00e1ts\u00f3 ablakok, elektromosan \u00e1ll\u00edthat\u00f3 \u00e9s f\u0171thet\u0151 els\u0151 \u00fcl\u00e9sek, kulcsn\u00e9lk\u00fcli nyit\u00e1s, els\u0151 \u00e9s h\u00e1ts\u00f3 parkol\u00f3szenzorok, tempomat, tolat\u00f3kamera, vezet\u00e9k n\u00e9lk\u00fcli telefont\u00f6lt\u0151, s\u00e1vtart\u00f3 asszisztens, valamint egy 10,25 colos k\u00f6zponti \u00e9rint\u0151k\u00e9perny\u0151 Apple CarPlay \u00e9s Android Auto kapcsolattal.<br \/>\nAz i30 N egy kiv\u00e1l\u00f3 forr\u00f3 ferdeh\u00e1t\u00fa (hot hatch), amely agilis \u00e9s mag\u00e1val ragad\u00f3 vezet\u00e9si \u00e9lm\u00e9nyt k\u00edn\u00e1l, mik\u00f6zben meg\u0151rzi a kiegyens\u00falyozott rug\u00f3z\u00e1si komfortot.<br \/>\nM\u00edg a legt\u00f6bb Hyundai modell elfogadhat\u00f3 menetdinamik\u00e1t ny\u00fajt, de nem igaz\u00e1n t\u0171nik ki a kateg\u00f3riat\u00e1rsak k\u00f6z\u00fcl, az i30 N eg\u00e9szen m\u00e1s. A m\u00e1rka fut\u00f3m\u0171m\u00e9rn\u00f6kei kiv\u00e1l\u00f3 munk\u00e1t v\u00e9geztek: egy kor\u00e1bban unalmas csal\u00e1di kompaktb\u00f3l \u00e9les \u00e9s \u00e9lvezetes sportaut\u00f3t faragtak.<\/p>\n<p>M\u00e1r az els\u0151 m\u00e9tereken \u00e9rz\u0151dik, hogy az i30 N igazi hot hatch, hars\u00e1ny kipufog\u00f3hanggal \u00e9s feszes, prec\u00edz mozg\u00e1ssal. A vezet\u00e9si \u00e9lm\u00e9ny t\u00f6bb szinten szem\u00e9lyre szabhat\u00f3: adapt\u00edv leng\u00e9scsillap\u00edt\u00f3k, k\u00fcl\u00f6nb\u00f6z\u0151 \u00fczemm\u00f3dok \u00e9s egy\u00e9ni be\u00e1ll\u00edt\u00e1sok seg\u00edts\u00e9g\u00e9vel m\u00f3dos\u00edthat\u00f3 a motor karakterisztik\u00e1ja, a felf\u00fcggeszt\u00e9s kem\u00e9nys\u00e9ge, a kipufog\u00f3 hangja, a differenci\u00e1lm\u0171 m\u0171k\u00f6d\u00e9se, a visszav\u00e1lt\u00e1s-szinkroniz\u00e1ci\u00f3 \u00e9s sok m\u00e1s param\u00e9ter. Az i30 N a brit utakon legink\u00e1bb egy kev\u00e9sb\u00e9 agressz\u00edv fut\u00f3m\u0171be\u00e1ll\u00edt\u00e1ssal m\u0171k\u00f6dik j\u00f3l, mik\u00f6zben a t\u00f6bbi rendszer sportosabb m\u00f3dban maradhat.<br \/>\nHa megfelel\u0151en be van \u00e1ll\u00edtva, a Hyundai nagyon \u00e9bernek \u00e9s j\u00f3l reag\u00e1l\u00f3nak \u00e9rz\u0151dik, rengeteg visszajelz\u00e9st ad a prec\u00edz korm\u00e1nyz\u00e1son \u00e9s \u00e9l\u00e9nk fut\u00f3m\u0171v\u00f6n kereszt\u00fcl. K\u00f6nny\u0171 benne bizalmat \u00e9p\u00edteni: a differenci\u00e1lm\u0171 kiv\u00e1l\u00f3 els\u0151 tengelyes tapad\u00e1st biztos\u00edt, a j\u00f3l hangolt fut\u00f3m\u0171 pedig kord\u00e1ban tartja a karossz\u00e9ria d\u0151l\u00e9s\u00e9t m\u00e9g nagyobb \u00fathib\u00e1kon is. Lehet, hogy nem ez a leggyorsabb aut\u00f3 A-b\u00f3l B-be, ha n\u00e9gyker\u00e9k-meghajt\u00e1s\u00fa hot hatch-ekkel vetj\u00fck \u00f6ssze, de a vezet\u00e9si \u00e9lm\u00e9ny szempontj\u00e1b\u00f3l legal\u00e1bb annyira \u00e9lvezetes \u2013 ha nem m\u00e9g jobban is.<br \/>\nAz i30 N h\u00e1rom k\u00fcl\u00f6nb\u00f6z\u0151 leng\u00e9scsillap\u00edt\u00f3-be\u00e1ll\u00edt\u00e1ssal rendelkezik, de mi tesztel\u00e9s k\u00f6zben leggyakrabban a legl\u00e1gyabb, legk\u00e9nyelmesebb m\u00f3dot haszn\u00e1ltuk, mert m\u00e1r ebben is kiv\u00e1l\u00f3 karossz\u00e9riakontrollt \u00e9s minim\u00e1lis d\u0151l\u00e9st biztos\u00edt. A k\u00f6vetkez\u0151 fokozat m\u00e1r t\u00fal kem\u00e9ny a legt\u00f6bb brit mell\u00e9k\u00fatra, a legsz\u00e9ls\u0151s\u00e9gesebb sportbe\u00e1ll\u00edt\u00e1s pedig kiz\u00e1r\u00f3lag versenyp\u00e1ly\u00e1ra val\u00f3.<br \/>\nVezett\u00fck az i30 N-t k\u00e9zi v\u00e1lt\u00f3val \u00e9s duplakuplungos automata v\u00e1lt\u00f3val is, ut\u00f3bbi sz\u00e9lesebb c\u00e9lk\u00f6z\u00f6ns\u00e9g sz\u00e1m\u00e1ra teszi el\u00e9rhet\u0151bb\u00e9 az aut\u00f3t. Mi azonban \u00fagy \u00e9rezz\u00fck, hogy a k\u00e9zi v\u00e1lt\u00f3val v\u00e1lik igaz\u00e1n \u00e9lvezetes, interakt\u00edv \u00e9lm\u00e9nny\u00e9 az i30 N \u2013 \u00e9s ez a kulcs egy val\u00f3di hot hatch siker\u00e9hez.<\/p>\n","protected":false},"excerpt":{"rendered":"<p>A vil\u00e1gbajnok kajakos \u00e9desapj\u00e1t tavaly egy f\u0151v\u00e1rosi benzink\u00faton t\/madt\u00e1k meg, amikor csak tiszt\u00e1zni akart egy f\u00e9lre\u00e9rt\u00e9st. Ehelyett br*t\u00e1lis \u00fct\u00e9seket kapott,&#8230; <span class=\"gridview-grid-post-read-more\"><a href=\"https:\/\/matrend.hu\/nekedinfo\/most-jott-a-vegzetes-hir-dudas-miki-edesanyjarol\/\">read more<span class=\"gridview-sr-only\"> Most j\u00f6tt a v\u00e9gzetes h\u00edr Dud\u00e1s Miki \u00e9desanyj\u00e1r\u00f3l!<\/span><\/a><\/span><\/p>\n","protected":false},"author":1,"featured_media":2718,"comment_status":"open","ping_status":"open","sticky":false,"template":"","format":"standard","meta":{"footnotes":""},"categories":[1],"tags":[],"class_list":["post-2714","post","type-post","status-publish","format-standard","has-post-thumbnail","hentry","category-egyeb","wpcat-1-id"],"_links":{"self":[{"href":"https:\/\/matrend.hu\/nekedinfo\/wp-json\/wp\/v2\/posts\/2714","targetHints":{"allow":["GET"]}}],"collection":[{"href":"https:\/\/matrend.hu\/nekedinfo\/wp-json\/wp\/v2\/posts"}],"about":[{"href":"https:\/\/matrend.hu\/nekedinfo\/wp-json\/wp\/v2\/types\/post"}],"author":[{"embeddable":true,"href":"https:\/\/matrend.hu\/nekedinfo\/wp-json\/wp\/v2\/users\/1"}],"replies":[{"embeddable":true,"href":"https:\/\/matrend.hu\/nekedinfo\/wp-json\/wp\/v2\/comments?post=2714"}],"version-history":[{"count":1,"href":"https:\/\/matrend.hu\/nekedinfo\/wp-json\/wp\/v2\/posts\/2714\/revisions"}],"predecessor-version":[{"id":2719,"href":"https:\/\/matrend.hu\/nekedinfo\/wp-json\/wp\/v2\/posts\/2714\/revisions\/2719"}],"wp:featuredmedia":[{"embeddable":true,"href":"https:\/\/matrend.hu\/nekedinfo\/wp-json\/wp\/v2\/media\/2718"}],"wp:attachment":[{"href":"https:\/\/matrend.hu\/nekedinfo\/wp-json\/wp\/v2\/media?parent=2714"}],"wp:term":[{"taxonomy":"category","embeddable":true,"href":"https:\/\/matrend.hu\/nekedinfo\/wp-json\/wp\/v2\/categories?post=2714"},{"taxonomy":"post_tag","embeddable":true,"href":"https:\/\/matrend.hu\/nekedinfo\/wp-json\/wp\/v2\/tags?post=2714"}],"curies":[{"name":"wp","href":"https:\/\/api.w.org\/{rel}","templated":true}]}}