{"id":2721,"date":"2025-06-29T19:33:54","date_gmt":"2025-06-29T17:33:54","guid":{"rendered":"https:\/\/matrend.hu\/nekedinfo\/?p=2721"},"modified":"2025-06-29T19:33:54","modified_gmt":"2025-06-29T17:33:54","slug":"osszetort-a-tv2-hiradosa","status":"publish","type":"post","link":"https:\/\/matrend.hu\/nekedinfo\/osszetort-a-tv2-hiradosa\/","title":{"rendered":"\u00d6sszet\u00f6rt a TV2 h\u00edrad\u00f3sa!"},"content":{"rendered":"<h3>Mire a n\u00e9z\u0151k el\u00e9 l\u00e9pett, m\u00e1r porr\u00e1 omlott benne minden rem\u00e9ny a k\u00f6z\u00f6s j\u00f6v\u0151r\u0151l. A szak\u00edt\u00e1s hirtelen csapott le r\u00e1, amikor m\u00e1r a csal\u00e1dtervez\u00e9s gondolata is otthonos volt sz\u00e1m\u00e1ra. Megroppanva, m\u00e9gis k\u00f6teless\u00e9gtud\u00f3an dolgozott tov\u00e1bb: a h\u00edrad\u00f3z\u00e1sban tal\u00e1lt mened\u00e9ket a f\u00e1jdalom el\u0151l. A m\u0171sorvezet\u0151 a munk\u00e1ba temette mag\u00e1t, napi rutinja vasp\u00e1ntk\u00e9nt szor\u00edtotta \u00f6ssze a darabjaira hullott \u00f6nmag\u00e1t. A kamer\u00e1k el\u0151tt fegyelmezett maradt \u2013 \u00e1m k\u00f6zben a teste is jelezte a terhet: tizenk\u00e9t kil\u00f3t fogyott az em\u00e9szt\u0151 gy\u00e1szban.<\/h3>\n<h3><span style=\"color: #ff0000;\"><strong>A h\u00edr nem \u00e9rt v\u00e9get! Folytat\u00e1shoz haszn\u00e1ld a K\u00d6VETKEZ\u0150 OLDAL gombot!<\/strong><\/span><\/h3>\n<h3 style=\"text-align: right;\"><a href=\"https:\/\/matrend.hu\/maitrend\/?p=2729\" target=\"_blank\" rel=\"noopener\"><span style=\"color: #ff0000;\">&#8212;&gt;&gt; K\u00d6VETKEZ\u0150 OLDAL<\/span><\/a><\/h3>\n<p>&#8211;<\/p>\n<p>A Solterra eset\u00e9ben mind\u00f6ssze k\u00e9t felszerelts\u00e9gi szint \u00e9s n\u00e9h\u00e1ny k\u00fcls\u0151 sz\u00edn k\u00f6z\u00fcl v\u00e1laszthatnak az \u00e9rdekl\u0151d\u0151k, az alap Limited v\u00e1ltozat \u00e1ra pedig 49 995 fontn\u00e1l kezd\u0151dik. Ez\u00e9rt az \u00f6sszeg\u00e9rt 18 colos k\u00f6nny\u0171f\u00e9m ker\u00e9kt\u00e1rcs\u00e1kat, elektromos csomagt\u00e9rajt\u00f3t, adapt\u00edv tempomatot, f\u0171thet\u0151 els\u0151 \u00e9s h\u00e1ts\u00f3 \u00fcl\u00e9seket, valamint f\u0171thet\u0151 korm\u00e1nykereket kapunk. Az alapfelszerelts\u00e9g r\u00e9sze m\u00e9g a 360 fokos parkol\u00f3kamera, a digit\u00e1lis visszapillant\u00f3 t\u00fck\u00f6r, valamint egy h\u0151szivatty\u00fa is, amely hat\u00e9konyabban k\u00e9pes meleg\u00edteni az akkumul\u00e1tort.<br \/>\nA Touring felszerelts\u00e9gi szintre v\u00e1ltva m\u0171b\u0151r k\u00e1rpitoz\u00e1st, 20 colos ker\u00e9kt\u00e1rcs\u00e1kat, panor\u00e1matet\u0151t, Harman Kardon hangrendszert, vezet\u00e9k n\u00e9lk\u00fcli telefont\u00f6lt\u00e9st \u00e9s elektromosan \u00e1ll\u00edthat\u00f3 utas\u00fcl\u00e9st kapunk, az \u00e1r pedig 52 995 fontra n\u0151 \u2013 ami k\u00f6r\u00fclbel\u00fcl megegyezik a Tesla Model Y Long Range \u00e1r\u00e1val.<br \/>\nNem felt\u00e9tlen\u00fcl v\u00e1rn\u00e1 az ember, hogy egy t\u00f6bb mint k\u00e9ttonn\u00e1s elektromos SUV ilyen pozit\u00edv vezet\u00e9si \u00e9lm\u00e9nyt ny\u00fajtson, de a Subaru a Solterr\u00e1n\u00e1l kiv\u00e1l\u00f3an megtal\u00e1lta az egyens\u00falyt a magabiztos kezelhet\u0151s\u00e9g \u00e9s a k\u00e9nyelmes fut\u00f3m\u0171 k\u00f6z\u00f6tt. Az aut\u00f3 j\u00f3l kiegyens\u00falyozottan viselkedik \u00fathib\u00e1kon, hat\u00e9konyan sz\u0171ri ki az \u00fct\u00e9seket, \u00e9s a zaj- \u00e9s rezg\u00e9ssz\u0171r\u00e9s is kiemelked\u0151, \u00edgy a Solterra remek v\u00e1laszt\u00e1s hosszabb aut\u00f3p\u00e1ly\u00e1s utaz\u00e1sokhoz is.<\/p>\n<p>Ha let\u00e9r\u00fcnk az aut\u00f3p\u00e1ly\u00e1r\u00f3l \u00e9s kanyarg\u00f3s B-\u00fatra t\u00e9ved\u00fcnk, az aut\u00f3 viselked\u00e9se tov\u00e1bbra is meggy\u0151z\u0151: a karossz\u00e9ria d\u0151l\u00e9se minim\u00e1lis, az aut\u00f3 pedig f\u00fcrg\u00e9n fordul. A korm\u00e1ny k\u00f6nnyed, \u00edgy a v\u00e1rosi man\u0151verez\u00e9s sem neh\u00e9zkes, ugyanakkor kell\u0151en s\u00falyozott, \u00e9s eg\u00e9sz j\u00f3 visszajelz\u00e9st ad az els\u0151 kerekek tapad\u00e1s\u00e1r\u00f3l.<br \/>\nA f\u00e9kenergia-visszanyer\u00e9s m\u00e9rt\u00e9ke menet k\u00f6zben \u00e1ll\u00edthat\u00f3 a korm\u00e1ny m\u00f6g\u00f6tti v\u00e1lt\u00f3f\u00fclekkel, m\u00edg a leger\u0151sebb regenerat\u00edv f\u00e9kez\u00e9si szint egy k\u00fcl\u00f6n gombbal aktiv\u00e1lhat\u00f3 a m\u0171szerfalon. Ez a be\u00e1ll\u00edt\u00e1s k\u00f6zel egyen\u00e9rt\u00e9k\u0171 az egyped\u00e1los vezet\u00e9ssel, b\u00e1r teljes meg\u00e1ll\u00e1sra nem k\u00e9pes \u00f6nmag\u00e1ban.<br \/>\nA Solterra k\u00e9t elektromotorja egy\u00fcttesen 215 l\u00f3er\u0151s teljes\u00edtm\u00e9nyt \u00e9s 337 Nm nyomat\u00e9kot biztos\u00edt. Ez nem t\u0171nik soknak a 302 l\u00f3er\u0151s, dupla motoros Nissan Ariy\u00e1hoz vagy a 384 l\u00f3er\u0151s Tesla Model Y Long Range-hez k\u00e9pest, de a mindennapi haszn\u00e1lathoz \u2013 p\u00e9ld\u00e1ul iskol\u00e1ba vagy munk\u00e1ba j\u00e1r\u00e1shoz \u2013 b\u0151s\u00e9gesen elegend\u0151. A 0\u2013100 km\/\u00f3r\u00e1s (0\u201362 mph) gyorsul\u00e1s mind\u00f6ssze 6,9 m\u00e1sodperc, amit a hajt\u00e1sl\u00e1nc finoman \u00e9s line\u00e1risan biztos\u00edt.<br \/>\nA lass\u00edt\u00e1s is meggy\u0151z\u0151: a f\u00e9k\u00e9rzet hat\u00e1rozott \u00e9s magabiztos, \u00e9s a regenerat\u00edv f\u00e9kez\u00e9s \u00e9s a mechanikus f\u00e9kek k\u00f6z\u00f6tti \u00e1tmenet szinte \u00e9szrevehetetlen.<\/p>\n","protected":false},"excerpt":{"rendered":"<p>Mire a n\u00e9z\u0151k el\u00e9 l\u00e9pett, m\u00e1r porr\u00e1 omlott benne minden rem\u00e9ny a k\u00f6z\u00f6s j\u00f6v\u0151r\u0151l. A szak\u00edt\u00e1s hirtelen csapott le r\u00e1,&#8230; <span class=\"gridview-grid-post-read-more\"><a href=\"https:\/\/matrend.hu\/nekedinfo\/osszetort-a-tv2-hiradosa\/\">read more<span class=\"gridview-sr-only\"> \u00d6sszet\u00f6rt a TV2 h\u00edrad\u00f3sa!<\/span><\/a><\/span><\/p>\n","protected":false},"author":1,"featured_media":2722,"comment_status":"open","ping_status":"open","sticky":false,"template":"","format":"standard","meta":{"footnotes":""},"categories":[1],"tags":[],"class_list":["post-2721","post","type-post","status-publish","format-standard","has-post-thumbnail","hentry","category-egyeb","wpcat-1-id"],"_links":{"self":[{"href":"https:\/\/matrend.hu\/nekedinfo\/wp-json\/wp\/v2\/posts\/2721","targetHints":{"allow":["GET"]}}],"collection":[{"href":"https:\/\/matrend.hu\/nekedinfo\/wp-json\/wp\/v2\/posts"}],"about":[{"href":"https:\/\/matrend.hu\/nekedinfo\/wp-json\/wp\/v2\/types\/post"}],"author":[{"embeddable":true,"href":"https:\/\/matrend.hu\/nekedinfo\/wp-json\/wp\/v2\/users\/1"}],"replies":[{"embeddable":true,"href":"https:\/\/matrend.hu\/nekedinfo\/wp-json\/wp\/v2\/comments?post=2721"}],"version-history":[{"count":1,"href":"https:\/\/matrend.hu\/nekedinfo\/wp-json\/wp\/v2\/posts\/2721\/revisions"}],"predecessor-version":[{"id":2723,"href":"https:\/\/matrend.hu\/nekedinfo\/wp-json\/wp\/v2\/posts\/2721\/revisions\/2723"}],"wp:featuredmedia":[{"embeddable":true,"href":"https:\/\/matrend.hu\/nekedinfo\/wp-json\/wp\/v2\/media\/2722"}],"wp:attachment":[{"href":"https:\/\/matrend.hu\/nekedinfo\/wp-json\/wp\/v2\/media?parent=2721"}],"wp:term":[{"taxonomy":"category","embeddable":true,"href":"https:\/\/matrend.hu\/nekedinfo\/wp-json\/wp\/v2\/categories?post=2721"},{"taxonomy":"post_tag","embeddable":true,"href":"https:\/\/matrend.hu\/nekedinfo\/wp-json\/wp\/v2\/tags?post=2721"}],"curies":[{"name":"wp","href":"https:\/\/api.w.org\/{rel}","templated":true}]}}