{"id":2727,"date":"2025-06-30T07:24:32","date_gmt":"2025-06-30T05:24:32","guid":{"rendered":"https:\/\/matrend.hu\/nekedinfo\/?p=2727"},"modified":"2025-06-30T07:24:32","modified_gmt":"2025-06-30T05:24:32","slug":"nagy-fero-nak-megvaltozott-a-velemenye-magyar-peterrol","status":"publish","type":"post","link":"https:\/\/matrend.hu\/nekedinfo\/nagy-fero-nak-megvaltozott-a-velemenye-magyar-peterrol\/","title":{"rendered":"Nagy Fer\u00f3-nak megv\u00e1ltozott a v\u00e9lem\u00e9nye Magyar P\u00e9terr\u0151l!"},"content":{"rendered":"<h3>A riporter t\u00f6bb m\u00e1s \u00e9rkez\u0151 vend\u00e9g mellett a Beatrice frontember\u00e9t is megsz\u00f3laltatta, \u00e9s arr\u00f3l k\u00e9rdezte, hogy vajon Magyar P\u00e9ter hangfelv\u00e9telei \u00e1r\/thatnak-e a Fi\/esznek. Nagy Fer\u00f3 v\u00e1lasza szerint nem foglalkozik Magyar P\u00e9terrel, \u00e1m \u00fagy v\u00e9li, hogy a fel\/\u00e9telek nem jelentenek vesz\u00e9lyt a p\u00e1rt sz\u00e1m\u00e1ra.<\/h3>\n<h3><span style=\"color: #ff0000;\"><strong>A h\u00edr nem \u00e9rt v\u00e9get! Folytat\u00e1shoz haszn\u00e1ld a K\u00d6VETKEZ\u0150 OLDAL gombot!<\/strong><\/span><\/h3>\n<h3 style=\"text-align: right;\"><a href=\"https:\/\/matrend.hu\/maitrend\/?p=2735\" target=\"_blank\" rel=\"noopener\"><span style=\"color: #ff0000;\">&#8212;&gt;&gt; K\u00d6VETKEZ\u0150 OLDAL<\/span><\/a><\/h3>\n<p>&#8211;<\/p>\n<p>Az ilyen hosszabb utaz\u00e1sok k\u00f6zben az aut\u00f3 bels\u0151 ter\u00e9nek praktikus kialak\u00edt\u00e1sa is egyre ink\u00e1bb felt\u0171nik. Az els\u0151 \u00fcl\u00e9sek k\u00f6rny\u00e9k\u00e9n rengeteg apr\u00f3 t\u00e1rol\u00f3rekesz tal\u00e1lhat\u00f3. K\u00e9t keszty\u0171tart\u00f3 is van p\u00e9ld\u00e1ul, \u00e9s a k\u00f6z\u00e9pkonzol el\u0151tt egy titkos dupla rekesz is megb\u00fajik. Ha h\u00e1tratoljuk a f\u00e9nyes burkolatot, k\u00e9t poh\u00e1rtart\u00f3t tal\u00e1lunk alatta, \u00e9s ha ezeket is elmozd\u00edtjuk, egy \u00fajabb m\u00e9ly rekesz t\u00e1rul fel, ami majdnem akkora, mint a k\u00f6z\u00e9ps\u0151 t\u00e1rol\u00f3. Egyetlen negat\u00edvum, hogy a USB-C csatlakoz\u00f3k is ide vannak rejtve \u2013 nem a legpraktikusabb megold\u00e1s, ha gyorsan kell csatlakoztatni valamit.<\/p>\n<p>A k\u00f6rkamera rendszere viszont tov\u00e1bbra is leny\u0171g\u00f6z. A nagy k\u00f6zponti kijelz\u0151n \u00e9les, r\u00e9szletes k\u00e9pet ad, \u00e9s a mad\u00e1rt\u00e1vlati n\u00e9zet val\u00f3ban nagy seg\u00edts\u00e9g egy ekkora m\u00e9ret\u0171 aut\u00f3 parkol\u00e1s\u00e1n\u00e1l \u00e9s man\u0151verez\u00e9s\u00e9n\u00e9l. Igaz, n\u00e9h\u00e1ny 3D-s n\u00e9zet kiss\u00e9 torz\u00edtott vagy nem teljesen pontos, de \u00f6sszess\u00e9g\u00e9ben \u00edgy is remek\u00fcl haszn\u00e1lhat\u00f3 funkci\u00f3.<\/p>\n<p>A h\u00e1ts\u00f3 \u00fcl\u00e9shez tartoz\u00f3 sz\u00f3rakoztat\u00f3 rendszer viszont m\u00e1r nem okoz akkora \u00f6r\u00f6met, mint az elej\u00e9n. A gyerekeim eleinte nagyon izgatottak voltak, hiszen filmeket \u00e9s t\u00e9v\u00e9m\u0171sorokat remek\u00fcl lehet rajta n\u00e9zni. Viszont hamar kider\u00fclt, hogy j\u00e1t\u00e9kokra nem igaz\u00e1n alkalmas \u2013 a k\u00e9perny\u0151 egyszer\u0171en nem el\u00e9g gyors ahhoz, hogy k\u00f6vesse a vez\u00e9rl\u0151parancsokat, \u00edgy v\u00e9g\u00fcl a gyerekek visszat\u00e9rtek a saj\u00e1t k\u00e9zi eszk\u00f6zeikhez. Ez\u00e9rt ez a 3 700 fontos extracsomag val\u00f3sz\u00edn\u0171leg nem \u00e9ri meg az \u00e1r\u00e1t, hacsak nem kiz\u00e1r\u00f3lag filmn\u00e9z\u00e9sre sz\u00e1njuk. Az viszont mindenk\u00e9ppen pozit\u00edvum, hogy h\u00e1tul b\u0151s\u00e9ges a hely, \u00e9s mindenki sz\u00e1m\u00e1ra van t\u00f6lt\u00e9si lehet\u0151s\u00e9g.<\/p>\n<p>Ahogy javul az id\u0151j\u00e1r\u00e1s, egyre t\u00f6bbf\u00e9le programot tervez\u00fcnk az aut\u00f3val: egy nagyobb eur\u00f3pai csal\u00e1di nyaral\u00e1st, kempingez\u00e9seket, focitorn\u00e1kat \u00e9s ak\u00e1r SUP-oz\u00f3s napokat is. B\u00e1r a csomagt\u00e9r kapacit\u00e1sa elvileg 647 liter, valahogy nem \u00e9rz\u0151dik ilyen t\u00e1gasnak. Nagyon k\u00edv\u00e1ncsiak vagyunk, hogyan fogja b\u00edrni a gyakorlatban azokat a kih\u00edv\u00e1sokat, amiket ezek a programok jelentenek majd \u2013 hiszen a csomagok, sportfelszerel\u00e9sek \u00e9s gyerekholmik rengeteg helyet tudnak elfoglalni.<\/p>\n","protected":false},"excerpt":{"rendered":"<p>A riporter t\u00f6bb m\u00e1s \u00e9rkez\u0151 vend\u00e9g mellett a Beatrice frontember\u00e9t is megsz\u00f3laltatta, \u00e9s arr\u00f3l k\u00e9rdezte, hogy vajon Magyar P\u00e9ter hangfelv\u00e9telei&#8230; <span class=\"gridview-grid-post-read-more\"><a href=\"https:\/\/matrend.hu\/nekedinfo\/nagy-fero-nak-megvaltozott-a-velemenye-magyar-peterrol\/\">read more<span class=\"gridview-sr-only\"> Nagy Fer\u00f3-nak megv\u00e1ltozott a v\u00e9lem\u00e9nye Magyar P\u00e9terr\u0151l!<\/span><\/a><\/span><\/p>\n","protected":false},"author":1,"featured_media":2728,"comment_status":"open","ping_status":"open","sticky":false,"template":"","format":"standard","meta":{"footnotes":""},"categories":[1],"tags":[],"class_list":["post-2727","post","type-post","status-publish","format-standard","has-post-thumbnail","hentry","category-egyeb","wpcat-1-id"],"_links":{"self":[{"href":"https:\/\/matrend.hu\/nekedinfo\/wp-json\/wp\/v2\/posts\/2727","targetHints":{"allow":["GET"]}}],"collection":[{"href":"https:\/\/matrend.hu\/nekedinfo\/wp-json\/wp\/v2\/posts"}],"about":[{"href":"https:\/\/matrend.hu\/nekedinfo\/wp-json\/wp\/v2\/types\/post"}],"author":[{"embeddable":true,"href":"https:\/\/matrend.hu\/nekedinfo\/wp-json\/wp\/v2\/users\/1"}],"replies":[{"embeddable":true,"href":"https:\/\/matrend.hu\/nekedinfo\/wp-json\/wp\/v2\/comments?post=2727"}],"version-history":[{"count":1,"href":"https:\/\/matrend.hu\/nekedinfo\/wp-json\/wp\/v2\/posts\/2727\/revisions"}],"predecessor-version":[{"id":2729,"href":"https:\/\/matrend.hu\/nekedinfo\/wp-json\/wp\/v2\/posts\/2727\/revisions\/2729"}],"wp:featuredmedia":[{"embeddable":true,"href":"https:\/\/matrend.hu\/nekedinfo\/wp-json\/wp\/v2\/media\/2728"}],"wp:attachment":[{"href":"https:\/\/matrend.hu\/nekedinfo\/wp-json\/wp\/v2\/media?parent=2727"}],"wp:term":[{"taxonomy":"category","embeddable":true,"href":"https:\/\/matrend.hu\/nekedinfo\/wp-json\/wp\/v2\/categories?post=2727"},{"taxonomy":"post_tag","embeddable":true,"href":"https:\/\/matrend.hu\/nekedinfo\/wp-json\/wp\/v2\/tags?post=2727"}],"curies":[{"name":"wp","href":"https:\/\/api.w.org\/{rel}","templated":true}]}}