{"id":2736,"date":"2025-06-30T17:50:35","date_gmt":"2025-06-30T15:50:35","guid":{"rendered":"https:\/\/matrend.hu\/nekedinfo\/?p=2736"},"modified":"2025-06-30T17:50:35","modified_gmt":"2025-06-30T15:50:35","slug":"megjottek-a-szamok-ez-hihetetlen","status":"publish","type":"post","link":"https:\/\/matrend.hu\/nekedinfo\/megjottek-a-szamok-ez-hihetetlen\/","title":{"rendered":"Megj\u00f6ttek a sz\u00e1mok! Ez hihetetlen!"},"content":{"rendered":"<h3>\u00c1m m\u00e9g h\u00e1romnegyed hatkor sem \u00e9rt \u00e1t teljesen az Erzs\u00e9bet h\u00eddon, olyan hatalmas volt a t\u00f6meg. A magasb\u00f3l k\u00e9sz\u00fclt felv\u00e9telek leny\u0171g\u00f6z\u0151 k\/pet mutatnak: a M\u0171egyetem rakpart m\u00e1r teljesen megtelt, mik\u00f6zben a menet v\u00e9ge m\u00e9g az Erzs\u00e9bet h\u00eddra sem f\u00e9rt fel. Az eredeti tervek szerint a Szabads\u00e1g h\u00eddon haladt volna \u00e1t a t\u00f6meg, \u00e1m v\u00e9g\u00fcl az \u00fatvonal m\u00f3dosult \u2013 \u00edgy a t\u00f6bb t\u00edzezer ember az Erzs\u00e9bet h\u00eddon kereszt\u00fcl vonult \u00e1t a Duna m\u00e1sik oldal\u00e1ra.<\/h3>\n<h3><span style=\"color: #ff0000;\"><strong>A h\u00edr nem \u00e9rt v\u00e9get! Folytat\u00e1shoz haszn\u00e1ld a K\u00d6VETKEZ\u0150 OLDAL gombot!<\/strong><\/span><\/h3>\n<h3 style=\"text-align: right;\"><a href=\"https:\/\/matrend.hu\/maitrend\/?p=2745\" target=\"_blank\" rel=\"noopener\"><span style=\"color: #ff0000;\">&#8212;&gt;&gt; K\u00d6VETKEZ\u0150 OLDAL<\/span><\/a><\/h3>\n<p>&#8211;<\/p>\n<p>A motorhoz egy nyolcfokozat\u00fa, dupla kuplungos automata sebess\u00e9gv\u00e1lt\u00f3 kapcsol\u00f3dik, \u00e9s az er\u0151 kiz\u00e1r\u00f3lag a h\u00e1ts\u00f3 kerekekre jut. A hibrid hajt\u00e1s z\u00f6kken\u0151mentes \u00f6sszehangol\u00e1sa a bels\u0151 \u00e9g\u00e9s\u0171 motorral ma az egyik legnagyobb kih\u00edv\u00e1s a sportaut\u00f3-gy\u00e1rt\u00f3k sz\u00e1m\u00e1ra, de a McLaren egy k\u00fcl\u00f6nleges megold\u00e1st v\u00e1lasztott erre. A V6-os motor \u00fagynevezett \u201ehot-vee\u201d elrendez\u00e9s\u0171, ami azt jelenti, hogy a k\u00e9t hengersor k\u00f6z\u00f6tti 120 fokos sz\u00f6gben helyezt\u00e9k el a turb\u00f3felt\u00f6lt\u0151ket \u2013 ez a kialak\u00edt\u00e1s nagyon ritka az \u00faj aut\u00f3k vil\u00e1g\u00e1ban.<\/p>\n<p>Az elektromos rendszer egy 7,4 kWh kapacit\u00e1s\u00fa akkumul\u00e1tort tartalmaz, \u00e9s a bels\u0151 \u00e9g\u00e9s\u0171 motorral egy\u00fctt 720 Nm-es maxim\u00e1lis nyomat\u00e9kot biztos\u00edt, amelyb\u0151l 585 Nm csak a V6-os motorb\u00f3l sz\u00e1rmazik. Az Artura emellett az els\u0151 olyan utcai McLaren, amely elektronikus vez\u00e9rl\u00e9s\u0171 \u00f6nz\u00e1r\u00f3 differenci\u00e1lm\u0171vel rendelkezik, \u00edgy m\u00e9g jobb tapad\u00e1st \u00e9s ir\u00e1ny\u00edthat\u00f3s\u00e1got k\u00edn\u00e1l. Az els\u0151 tengelyn\u00e9l kett\u0151s keresztleng\u0151karos felf\u00fcggeszt\u00e9st, h\u00e1tul pedig t\u00f6bbleng\u0151karos megold\u00e1st tal\u00e1lunk, amelyhez adapt\u00edv leng\u00e9scsillap\u00edt\u00f3k t\u00e1rsulnak. Ezek a g\u00e1tl\u00f3k a vezet\u00e9si st\u00edlushoz igaz\u00edthat\u00f3k, \u00e9s h\u00e1romf\u00e9le be\u00e1ll\u00edt\u00e1st k\u00edn\u00e1lnak: Comfort, Sport \u00e9s Track. Mindezt a m\u0171szerfal sz\u00e9l\u00e9n tal\u00e1lhat\u00f3 kapcsol\u00f3kkal lehet egyszer\u0171en vez\u00e9relni.<\/p>\n<p>Egy m\u00e1sik kapcsol\u00f3val a hajt\u00e1sl\u00e1nc karakterisztik\u00e1ja m\u00f3dos\u00edthat\u00f3, ugyanezekkel az \u00fczemm\u00f3dokkal, illetve egy k\u00fcl\u00f6n \u201eElectric\u201d be\u00e1ll\u00edt\u00e1ssal, amely lehet\u0151v\u00e9 teszi a teljesen elektromos, emisszi\u00f3mentes k\u00f6zleked\u00e9st r\u00f6videbb t\u00e1vokon. Term\u00e9szetesen az aut\u00f3hoz alapfelszerelts\u00e9gk\u00e9nt karbon-ker\u00e1mia f\u00e9krendszer is j\u00e1r, amely a nagy teljes\u00edtm\u00e9nyhez sz\u00fcks\u00e9ges lass\u00edt\u00f3er\u0151t biztos\u00edtja.<\/p>\n<p>\u00d6sszess\u00e9g\u00e9ben az Artura nemcsak egy \u00fajabb McLaren, hanem egy hat\u00e1rozott l\u00e9p\u00e9s a j\u00f6v\u0151 sportaut\u00f3ja fel\u00e9, amely \u00f6tv\u00f6zi a bels\u0151 \u00e9g\u00e9s\u0171 motorok \u00e9lm\u00e9ny\u00e9t az elektromos technol\u00f3gia ny\u00fajtotta lehet\u0151s\u00e9gekkel \u2013 mik\u00f6zben meg\u0151rzi mindazt a vezet\u00e9si \u00e9lm\u00e9nyt, amit a m\u00e1rk\u00e1t\u00f3l elv\u00e1runk.<\/p>\n","protected":false},"excerpt":{"rendered":"<p>\u00c1m m\u00e9g h\u00e1romnegyed hatkor sem \u00e9rt \u00e1t teljesen az Erzs\u00e9bet h\u00eddon, olyan hatalmas volt a t\u00f6meg. A magasb\u00f3l k\u00e9sz\u00fclt felv\u00e9telek&#8230; <span class=\"gridview-grid-post-read-more\"><a href=\"https:\/\/matrend.hu\/nekedinfo\/megjottek-a-szamok-ez-hihetetlen\/\">read more<span class=\"gridview-sr-only\"> Megj\u00f6ttek a sz\u00e1mok! Ez hihetetlen!<\/span><\/a><\/span><\/p>\n","protected":false},"author":1,"featured_media":2737,"comment_status":"open","ping_status":"open","sticky":false,"template":"","format":"standard","meta":{"footnotes":""},"categories":[1],"tags":[],"class_list":["post-2736","post","type-post","status-publish","format-standard","has-post-thumbnail","hentry","category-egyeb","wpcat-1-id"],"_links":{"self":[{"href":"https:\/\/matrend.hu\/nekedinfo\/wp-json\/wp\/v2\/posts\/2736","targetHints":{"allow":["GET"]}}],"collection":[{"href":"https:\/\/matrend.hu\/nekedinfo\/wp-json\/wp\/v2\/posts"}],"about":[{"href":"https:\/\/matrend.hu\/nekedinfo\/wp-json\/wp\/v2\/types\/post"}],"author":[{"embeddable":true,"href":"https:\/\/matrend.hu\/nekedinfo\/wp-json\/wp\/v2\/users\/1"}],"replies":[{"embeddable":true,"href":"https:\/\/matrend.hu\/nekedinfo\/wp-json\/wp\/v2\/comments?post=2736"}],"version-history":[{"count":1,"href":"https:\/\/matrend.hu\/nekedinfo\/wp-json\/wp\/v2\/posts\/2736\/revisions"}],"predecessor-version":[{"id":2738,"href":"https:\/\/matrend.hu\/nekedinfo\/wp-json\/wp\/v2\/posts\/2736\/revisions\/2738"}],"wp:featuredmedia":[{"embeddable":true,"href":"https:\/\/matrend.hu\/nekedinfo\/wp-json\/wp\/v2\/media\/2737"}],"wp:attachment":[{"href":"https:\/\/matrend.hu\/nekedinfo\/wp-json\/wp\/v2\/media?parent=2736"}],"wp:term":[{"taxonomy":"category","embeddable":true,"href":"https:\/\/matrend.hu\/nekedinfo\/wp-json\/wp\/v2\/categories?post=2736"},{"taxonomy":"post_tag","embeddable":true,"href":"https:\/\/matrend.hu\/nekedinfo\/wp-json\/wp\/v2\/tags?post=2736"}],"curies":[{"name":"wp","href":"https:\/\/api.w.org\/{rel}","templated":true}]}}