{"id":2745,"date":"2025-06-30T21:28:37","date_gmt":"2025-06-30T19:28:37","guid":{"rendered":"https:\/\/matrend.hu\/nekedinfo\/?p=2745"},"modified":"2025-06-30T21:28:37","modified_gmt":"2025-06-30T19:28:37","slug":"ez-var-azokra-akik-reszt-vettek","status":"publish","type":"post","link":"https:\/\/matrend.hu\/nekedinfo\/ez-var-azokra-akik-reszt-vettek\/","title":{"rendered":"Ez v\u00e1r azokra, akik r\u00e9szt vettek!"},"content":{"rendered":"<h3>A rend\u0151rs\u00e9g a menet idej\u00e9re ideiglenes kamer\u00e1kat telep\u00edtett a k\u00f6rny\u00e9kre! B\u00e1r a rend\u0151rs\u00e9g el\u0151zetes hat\u00e1rozat\u00e1ban be\/ilt\/tta a rendezv\u00e9nyt \u2013 hivatalos indokk\u00e9nt k\u00f6zrend- \u00e9s k\u00f6zbiztons\u00e1gi vesz\u00e9lyt eml\u00edtve \u2013, a szervez\u0151k sz\u00e1zezres r\u00e9szv\u00e9telt regisztr\u00e1ltak. A szak\u00e9rt\u0151k megsz\u00f3laltak ez v\u00e1rhat a r\u00e9szvev\u0151kre! MUTATJUK A R\u00c9SZLETEKET!<\/h3>\n<h3><span style=\"color: #ff0000;\"><strong>A h\u00edr nem \u00e9rt v\u00e9get! Folytat\u00e1shoz haszn\u00e1ld a K\u00d6VETKEZ\u0150 OLDAL gombot!<\/strong><\/span><\/h3>\n<h3 style=\"text-align: right;\"><a href=\"https:\/\/matrend.hu\/maitrend\/?p=2754\" target=\"_blank\" rel=\"noopener\"><span style=\"color: #ff0000;\">&#8212;&gt;&gt; K\u00d6VETKEZ\u0150 OLDAL<\/span><\/a><\/h3>\n<p>&#8211;<\/p>\n<p>A biztos\u00edt\u00e1si besorol\u00e1s szempontj\u00e1b\u00f3l a Junior bel\u00e9p\u0151 szint\u0171, enyh\u00e9n hibrid hajt\u00e1s\u00fa, \u201eIbrida\u201d nev\u0171 v\u00e1ltozata a 26-os csoportba tartozik. Ez viszonylag magasnak sz\u00e1m\u00edt, k\u00fcl\u00f6n\u00f6sen annak f\u00e9ny\u00e9ben, hogy p\u00e9ld\u00e1ul a sokkal er\u0151sebb, 153 l\u00f3er\u0151s Ford Puma, annak is a sportos ST-Line S kivitele csak a 17-es csoportba esik. Enn\u00e9l m\u00e9g kedvez\u0151bb p\u00e9ld\u00e1t is tal\u00e1lunk, p\u00e9ld\u00e1ul a Renault Captur eset\u00e9ben, amely m\u00e1r a biztos\u00edt\u00e1si sk\u00e1la 11-es kateg\u00f3ri\u00e1j\u00e1ban kezd\u0151dik, teh\u00e1t j\u00f3val olcs\u00f3bban biztos\u00edthat\u00f3.<\/p>\n<p>Az elektromos Junior, vagyis az Elettrica v\u00e1ltozat a 23-as biztos\u00edt\u00e1si csoportba esik, ami valamivel kedvez\u0151bb, mint p\u00e9ld\u00e1ul a konkurens Kia EV3, amely a 33-as csoportba van besorolva. Az Elettrica teh\u00e1t jobb aj\u00e1nlat ebb\u0151l a szempontb\u00f3l is, r\u00e1ad\u00e1sul nagyj\u00e1b\u00f3l egy szinten van a bel\u00e9p\u0151 szint\u0171 Skoda Elroq modellel, amely a 22-es kateg\u00f3ri\u00e1ban szerepel. A dr\u00e1g\u00e1bb \u00e9s j\u00f3val er\u0151sebb \u201eVeloce\u201d kivitel viszont m\u00e1r a 34-es biztos\u00edt\u00e1si csoportba tartozik. Ez m\u00e9g \u00edgy is egy kateg\u00f3ri\u00e1val alacsonyabb, mint a nagyobb, 81,4 kWh-s akkumul\u00e1torral felszerelt Kia EV3, teh\u00e1t az Elettrica Veloce teljes\u00edtm\u00e9nye ellen\u00e9re sem sz\u00e1m\u00edt kiemelked\u0151en dr\u00e1g\u00e1nak biztos\u00edt\u00e1s szempontj\u00e1b\u00f3l.<\/p>\n<p>A Junior elektromos v\u00e1ltozata nemcsak biztos\u00edt\u00e1si szempontb\u00f3l lehet el\u0151ny\u00f6s, hanem c\u00e9gaut\u00f3k\u00e9nt is ide\u00e1lis v\u00e1laszt\u00e1s lehet, mivel alacsony az \u00fagynevezett Benefit-in-Kind (BiK) ad\u00f3kulcsa, amely az Egyes\u00fclt Kir\u00e1lys\u00e1gban az alkalmazotti juttat\u00e1sk\u00e9nt kapott aut\u00f3k ut\u00e1n fizetend\u0151. Ez k\u00fcl\u00f6n\u00f6sen fontos lehet azok sz\u00e1m\u00e1ra, akik magasabb j\u00f6vedelemad\u00f3-kateg\u00f3ri\u00e1ba esnek: a 2025\/26-os p\u00e9nz\u00fcgyi \u00e9vben p\u00e9ld\u00e1ul 428 font levon\u00e1ssal kell sz\u00e1molniuk \u00e9vente, m\u00edg a k\u00f6vetkez\u0151 \u00e9vben ez az \u00f6sszeg 570 fontra emelkedik.<\/p>\n<p>Ugyanakkor fontos tudni, hogy az elektromos aut\u00f3k 2025-t\u0151l m\u00e1r nem mentes\u00fclnek a szok\u00e1sos \u00e9ves g\u00e9pj\u00e1rm\u0171ad\u00f3 (VED) al\u00f3l, teh\u00e1t az Alfa Junior Elettrica eset\u00e9ben is meg kell fizetni ezt a d\u00edjat. Hasonl\u00f3an, a hibrid Ibrida v\u00e1ltozat sem \u00e9lvez kedvezm\u00e9nyt a hibrid hajt\u00e1sl\u00e1nca miatt \u2013 teh\u00e1t ugyan\u00fagy a norm\u00e1l ad\u00f3kulcs vonatkozik r\u00e1 is.<\/p>\n","protected":false},"excerpt":{"rendered":"<p>A rend\u0151rs\u00e9g a menet idej\u00e9re ideiglenes kamer\u00e1kat telep\u00edtett a k\u00f6rny\u00e9kre! B\u00e1r a rend\u0151rs\u00e9g el\u0151zetes hat\u00e1rozat\u00e1ban be\/ilt\/tta a rendezv\u00e9nyt \u2013 hivatalos&#8230; <span class=\"gridview-grid-post-read-more\"><a href=\"https:\/\/matrend.hu\/nekedinfo\/ez-var-azokra-akik-reszt-vettek\/\">read more<span class=\"gridview-sr-only\"> Ez v\u00e1r azokra, akik r\u00e9szt vettek!<\/span><\/a><\/span><\/p>\n","protected":false},"author":1,"featured_media":2746,"comment_status":"open","ping_status":"open","sticky":false,"template":"","format":"standard","meta":{"footnotes":""},"categories":[1],"tags":[],"class_list":["post-2745","post","type-post","status-publish","format-standard","has-post-thumbnail","hentry","category-egyeb","wpcat-1-id"],"_links":{"self":[{"href":"https:\/\/matrend.hu\/nekedinfo\/wp-json\/wp\/v2\/posts\/2745","targetHints":{"allow":["GET"]}}],"collection":[{"href":"https:\/\/matrend.hu\/nekedinfo\/wp-json\/wp\/v2\/posts"}],"about":[{"href":"https:\/\/matrend.hu\/nekedinfo\/wp-json\/wp\/v2\/types\/post"}],"author":[{"embeddable":true,"href":"https:\/\/matrend.hu\/nekedinfo\/wp-json\/wp\/v2\/users\/1"}],"replies":[{"embeddable":true,"href":"https:\/\/matrend.hu\/nekedinfo\/wp-json\/wp\/v2\/comments?post=2745"}],"version-history":[{"count":1,"href":"https:\/\/matrend.hu\/nekedinfo\/wp-json\/wp\/v2\/posts\/2745\/revisions"}],"predecessor-version":[{"id":2747,"href":"https:\/\/matrend.hu\/nekedinfo\/wp-json\/wp\/v2\/posts\/2745\/revisions\/2747"}],"wp:featuredmedia":[{"embeddable":true,"href":"https:\/\/matrend.hu\/nekedinfo\/wp-json\/wp\/v2\/media\/2746"}],"wp:attachment":[{"href":"https:\/\/matrend.hu\/nekedinfo\/wp-json\/wp\/v2\/media?parent=2745"}],"wp:term":[{"taxonomy":"category","embeddable":true,"href":"https:\/\/matrend.hu\/nekedinfo\/wp-json\/wp\/v2\/categories?post=2745"},{"taxonomy":"post_tag","embeddable":true,"href":"https:\/\/matrend.hu\/nekedinfo\/wp-json\/wp\/v2\/tags?post=2745"}],"curies":[{"name":"wp","href":"https:\/\/api.w.org\/{rel}","templated":true}]}}