{"id":2769,"date":"2025-07-02T13:42:18","date_gmt":"2025-07-02T11:42:18","guid":{"rendered":"https:\/\/matrend.hu\/nekedinfo\/?p=2769"},"modified":"2025-07-02T13:42:18","modified_gmt":"2025-07-02T11:42:18","slug":"kapu-tibor-kiborult-szegyelld-magad","status":"publish","type":"post","link":"https:\/\/matrend.hu\/nekedinfo\/kapu-tibor-kiborult-szegyelld-magad\/","title":{"rendered":"Kapu Tibor kiborult: \u201eSz\u00e9gyelld magad&#8221;"},"content":{"rendered":"<h3>Kapu Tibornak ugyanis van egy zenekara. A zenekaruk neve egy spont\u00e1n vit\u00e1b\u00f3l sz\u00fcletett: egy k\u00f6z\u00f6s iszogat\u00e1s sor\u00e1n Kata bevallotta, hogy nem szereti a Red Hot Chili Peppers-t, mire Tibor indulatosan a szem\u00e9be v\u00e1gta: \u201eSz\u00e9gyelld magad Kata!\u201d. A csapat ezzel a n\u00e9vvel indult el, \u00e9s b\u00e1r most Tibor t\u00e1voll\u00e9te miatt ritk\u00e1bban pr\u00f3b\u00e1lnak, mindannyian b\u00edznak benne, hogy a visszat\u00e9r\u00e9se ut\u00e1n folytatni fogj\u00e1k a k\u00f6z\u00f6s munk\u00e1t.<br \/>\nSOK\u00c1IG BUJK\u00c1LT TIBOR:<\/h3>\n<h3><span style=\"color: #ff0000;\"><strong>A h\u00edr nem \u00e9rt v\u00e9get! Folytat\u00e1shoz haszn\u00e1ld a K\u00d6VETKEZ\u0150 OLDAL gombot!<\/strong><\/span><\/h3>\n<h3 style=\"text-align: right;\"><a href=\"https:\/\/matrend.hu\/maitrend\/?p=2778\" target=\"_blank\" rel=\"noopener\"><span style=\"color: #ff0000;\">&#8212;&gt;&gt; K\u00d6VETKEZ\u0150 OLDAL<\/span><\/a><\/h3>\n<p>&#8211;<\/p>\n<p>A mez\u0151ny k\u00f6zep\u00e9n helyezkedik el az RX 450h+, amely a Lexus v\u00e1rakoz\u00e1sai szerint az RX elad\u00e1sainak t\u00f6bb mint fel\u00e9t fogja kitenni. Az els\u0151 plug-in hibrid RX egy 2,5 literes, n\u00e9gyhengeres benzinmotort \u00e9s k\u00e9t elektromos motort haszn\u00e1l, ez\u00fattal egy j\u00f3val nagyobb, 18,1 kWh-s akkumul\u00e1torral kieg\u00e9sz\u00edtve. Az el\u0151ny\u00f6k k\u00f6z\u00e9 tartozik a mintegy 64 kilom\u00e9teres elektromos hat\u00f3t\u00e1v, jelent\u0151sen cs\u00f6kkentett CO\u2082-kibocs\u00e1t\u00e1s, valamint a hivatalos 256,7 mpg (kb. 1,1 l\/100 km) fogyaszt\u00e1s \u2013 szemben a \u201e\u00f6nt\u00f6lt\u0151\u201d hibridek k\u00f6r\u00fclbel\u00fcl 5,9 l\/100 km-es \u00e9rt\u00e9k\u00e9vel.<br \/>\nAz RX 350h \u00e9s 450h+ v\u00e1ltozatok Premium, Premium Plus \u00e9s Takumi felszerelts\u00e9ggel el\u00e9rhet\u0151k, m\u00edg az RX 500h kiz\u00e1r\u00f3lag F Sport kivitelben kaphat\u00f3 \u2013 b\u00e1r minden v\u00e1ltozat rendk\u00edv\u00fcl gazdag alapfelszerelts\u00e9ggel b\u00edr. A sz\u00e9riafelszerelts\u00e9ghez tartozik egy 14 colos k\u00f6zponti \u00e9rint\u0151k\u00e9perny\u0151 Android Auto-val \u00e9s vezet\u00e9k n\u00e9lk\u00fcli Apple CarPlay kapcsolattal, vezet\u00e9k n\u00e9lk\u00fcli telefont\u00f6lt\u0151, f\u0171thet\u0151 \u00e9s elektromosan \u00e1ll\u00edthat\u00f3 els\u0151 \u00fcl\u00e9sek, h\u00e1romz\u00f3n\u00e1s kl\u00edmaberendez\u00e9s, valamint a Lexus Safety System +3 biztons\u00e1gi csomag.<br \/>\nA motorok, teljes\u00edtm\u00e9ny \u00e9s vezethet\u0151s\u00e9g szempontj\u00e1b\u00f3l a bel\u00e9p\u0151szint\u0171 RX 350h-t egy 2,5 literes, n\u00e9gyhengeres Atkinson-ciklus\u00fa benzinmotor hajtja, amely egy e-CVT v\u00e1lt\u00f3n kereszt\u00fcl juttatja a hajt\u00e1st a kerekekhez, \u00e9s k\u00e9t elektromotor seg\u00edti, egy kis akkumul\u00e1torral megt\u00e1pl\u00e1lva. Ez a Toyota \u00e9s Lexus negyedik gener\u00e1ci\u00f3s \u201e\u00f6nt\u00f6lt\u0151\u201d hibridtechnol\u00f3gi\u00e1ja, \u00e9s sok \u00faj alkatr\u00e9szt tartalmaz, bele\u00e9rtve a kompaktabb \u00e9s k\u00f6nnyebb hibrid v\u00e1lt\u00f3motor-egys\u00e9get is. Vezet\u00e9s k\u00f6zben azonban nagyon hasonl\u00f3 \u00e9lm\u00e9nyt ny\u00fajt, mint a kor\u00e1bbi Lexus SUV-k a 350h hajt\u00e1sl\u00e1nccal.<\/p>\n<p>Az RX 350h eset\u00e9ben a vezet\u00e9si st\u00edlust \u00e9rdemes az aut\u00f3 er\u0151ss\u00e9geihez igaz\u00edtani, vagyis a finom g\u00e1zped\u00e1l-kezel\u00e9s seg\u00edt a lehet\u0151 legt\u00f6bbet kihozni az elektromos hajt\u00e1sb\u00f3l, cs\u00f6kkentve a motor zaj\u00e1t \u00e9s n\u00f6velve a kifinomults\u00e1got. Az e-CVT v\u00e1lt\u00f3 is ink\u00e1bb a nyugodtabb vezet\u00e9si st\u00edlust kedveli \u2013 v\u00e1rosi forgalomban vagy aut\u00f3p\u00e1ly\u00e1n haladva az RX kifejezetten nyugodt \u00e9s k\u00e9nyelmes.<br \/>\nAz RX 500h nagyon hasonl\u00f3 rendszert haszn\u00e1l, \u00e1m a motorh\u00e1ztet\u0151 alatt egy turb\u00f3felt\u00f6lt\u0151s 2,4 literes, n\u00e9gyhengeres benzinmotor dolgozik, amelyhez egy hatfokozat\u00fa automata v\u00e1lt\u00f3 t\u00e1rsul, valamint egy-egy elektromotor a k\u00e9t tengelyen \u2013 ak\u00e1rcsak a 350h eset\u00e9ben. Ez a Lexus els\u0151 turb\u00f3s hibridje, amely ink\u00e1bb sima \u00e9s kultur\u00e1lt, mint sportos, b\u00e1r a Direct4 nyomat\u00e9kmegoszt\u00f3 rendszer (amit az elektromos RZ 450e modellb\u0151l is ismer\u00fcnk) hat\u00e9konyan cs\u00f6kkenti a karossz\u00e9ria d\u0151l\u00e9s\u00e9t \u00e9s billeg\u00e9s\u00e9t kanyarod\u00e1skor vagy f\u00e9kez\u00e9skor.<br \/>\nA Lexus szerint az RX 450h+ plug-in hibrid v\u00e1ltozat adja majd az RX sorozat elad\u00e1sainak 55 sz\u00e1zal\u00e9k\u00e1t. Ebben a modellben a 2,5 literes benzinmotorhoz ugyanaz a k\u00e9t elektromotor kapcsol\u00f3dik, de egy l\u00e9nyegesen nagyobb, 18,1 kWh-s akkumul\u00e1tor t\u00e1pl\u00e1lja \u0151ket.<br \/>\nHasonl\u00f3an a 350h-hoz, a 450h+ hajt\u00e1sl\u00e1nca is a nyugodt vezet\u00e9si st\u00edlust jutalmazza. Ha azonban padl\u00f3g\u00e1zt adunk, az e-CVT v\u00e1lt\u00f3 azonnal felp\u00f6rgeti a benzinmotort, \u00e9s az er\u0151forr\u00e1s ilyenkor nyers, b\u00e1nt\u00f3 hangon sz\u00f3lal meg. A teljes\u00edtm\u00e9ny lead\u00e1sa egy\u00e9bk\u00e9nt nagyon egyenletes \u00e9s finom, m\u00e9g ha kiss\u00e9 visszafogottnak is t\u0171nik a gyorsul\u00e1s \u00e9rzete.<\/p>\n","protected":false},"excerpt":{"rendered":"<p>Kapu Tibornak ugyanis van egy zenekara. A zenekaruk neve egy spont\u00e1n vit\u00e1b\u00f3l sz\u00fcletett: egy k\u00f6z\u00f6s iszogat\u00e1s sor\u00e1n Kata bevallotta, hogy&#8230; <span class=\"gridview-grid-post-read-more\"><a href=\"https:\/\/matrend.hu\/nekedinfo\/kapu-tibor-kiborult-szegyelld-magad\/\">read more<span class=\"gridview-sr-only\"> Kapu Tibor kiborult: \u201eSz\u00e9gyelld magad&#8221;<\/span><\/a><\/span><\/p>\n","protected":false},"author":1,"featured_media":2770,"comment_status":"open","ping_status":"open","sticky":false,"template":"","format":"standard","meta":{"footnotes":""},"categories":[1],"tags":[],"class_list":["post-2769","post","type-post","status-publish","format-standard","has-post-thumbnail","hentry","category-egyeb","wpcat-1-id"],"_links":{"self":[{"href":"https:\/\/matrend.hu\/nekedinfo\/wp-json\/wp\/v2\/posts\/2769","targetHints":{"allow":["GET"]}}],"collection":[{"href":"https:\/\/matrend.hu\/nekedinfo\/wp-json\/wp\/v2\/posts"}],"about":[{"href":"https:\/\/matrend.hu\/nekedinfo\/wp-json\/wp\/v2\/types\/post"}],"author":[{"embeddable":true,"href":"https:\/\/matrend.hu\/nekedinfo\/wp-json\/wp\/v2\/users\/1"}],"replies":[{"embeddable":true,"href":"https:\/\/matrend.hu\/nekedinfo\/wp-json\/wp\/v2\/comments?post=2769"}],"version-history":[{"count":1,"href":"https:\/\/matrend.hu\/nekedinfo\/wp-json\/wp\/v2\/posts\/2769\/revisions"}],"predecessor-version":[{"id":2771,"href":"https:\/\/matrend.hu\/nekedinfo\/wp-json\/wp\/v2\/posts\/2769\/revisions\/2771"}],"wp:featuredmedia":[{"embeddable":true,"href":"https:\/\/matrend.hu\/nekedinfo\/wp-json\/wp\/v2\/media\/2770"}],"wp:attachment":[{"href":"https:\/\/matrend.hu\/nekedinfo\/wp-json\/wp\/v2\/media?parent=2769"}],"wp:term":[{"taxonomy":"category","embeddable":true,"href":"https:\/\/matrend.hu\/nekedinfo\/wp-json\/wp\/v2\/categories?post=2769"},{"taxonomy":"post_tag","embeddable":true,"href":"https:\/\/matrend.hu\/nekedinfo\/wp-json\/wp\/v2\/tags?post=2769"}],"curies":[{"name":"wp","href":"https:\/\/api.w.org\/{rel}","templated":true}]}}