{"id":2772,"date":"2025-07-02T14:07:39","date_gmt":"2025-07-02T12:07:39","guid":{"rendered":"https:\/\/matrend.hu\/nekedinfo\/?p=2772"},"modified":"2025-07-02T14:07:39","modified_gmt":"2025-07-02T12:07:39","slug":"osszeomlott-schmuck-andor-szervezete","status":"publish","type":"post","link":"https:\/\/matrend.hu\/nekedinfo\/osszeomlott-schmuck-andor-szervezete\/","title":{"rendered":"\u00d6sszeomlott Schmuck Andor szervezete!"},"content":{"rendered":"<h3>A diagn\u00f3zis ut\u00e1n Andor napokra elt\u0171nt a vil\u00e1gb\u00f3l \u2013 saj\u00e1t elmond\u00e1sa szerint a \u201ehal\u00e1lh\u00f6rg\u00e9s \u00e9s siralom\u201d hangulata uralkodott el rajta. Teljesen mag\u00e1ba zuhant, s egy h\u00e9tig \u00fagy \u00e9rezte, nincs tov\u00e1bb. M\u00e9gis, ahogy kor\u00e1bban oly sokszor, most is pr\u00f3b\u00e1l fel\u00e1llni. \u201eL\u00e1tom a f\u00e9nyt, csak m\u00e9g nem tudom, hogy j\u00f6n-e vele egy vonat\u201d \u2013 fogalmazott keser\u0171 ir\u00f3ni\u00e1val. Kezel\u00e9se tov\u00e1bbra is Magyarorsz\u00e1gon zajlik, \u00e9s augusztus elej\u00e9n \u00fajabb kulcsfontoss\u00e1g\u00fa vizsg\u00e1lat v\u00e1r r\u00e1 \u2013 tal\u00e1n ez hozza el a fordulatot. Addig k\u00fczd. Minden erej\u00e9vel.<br \/>\nA h\u00edr megr\u00e1zta a k\u00f6zv\u00e9lem\u00e9nyt:<\/h3>\n<h3><span style=\"color: #ff0000;\"><strong>A h\u00edr nem \u00e9rt v\u00e9get! Folytat\u00e1shoz haszn\u00e1ld a K\u00d6VETKEZ\u0150 OLDAL gombot!<\/strong><\/span><\/h3>\n<h3 style=\"text-align: right;\"><a href=\"https:\/\/matrend.hu\/maitrend\/?p=2781\" target=\"_blank\" rel=\"noopener\"><span style=\"color: #ff0000;\">&#8212;&gt;&gt; K\u00d6VETKEZ\u0150 OLDAL<\/span><\/a><\/h3>\n<p>&#8211;<\/p>\n<p>Az \u00faj\u00edtott Corolla er\u0151sebb villanymotorja \u00e9l\u00e9nkebb vezet\u00e9si \u00e9lm\u00e9nyt ny\u00fajt EV m\u00f3dban, \u00e9s alacsony sebess\u00e9gn\u00e9l is k\u00f6nnyebb\u00e9, sim\u00e1bb\u00e1 teszi a vezet\u00e9st az el\u0151z\u0151 verzi\u00f3hoz k\u00e9pest. Ez azonban megv\u00e1ltozik, amint aktiv\u00e1lod az adapt\u00edv f\u00e9kenergia-visszanyer\u0151 rendszert, amely a g\u00e1zped\u00e1l elenged\u00e9sekor a forgalmi viszonyok \u00e9s az \u00fat adotts\u00e1gai alapj\u00e1n \u00e1ll\u00edtja be a lass\u00edt\u00e1s m\u00e9rt\u00e9k\u00e9t. Hasonl\u00f3 rendszereket m\u00e1r tapasztaltunk m\u00e1s elektromos aut\u00f3kban is, de sajnos a Corolla rendszere n\u00e9ha kisz\u00e1m\u00edthatatlannak bizonyult, ami megnehez\u00edti a vele val\u00f3 egy\u00fcttm\u0171k\u00f6d\u00e9st.<br \/>\nA dinamikus teljes\u00edtm\u00e9ny nagyon hasonl\u00f3 a h\u00e1romajt\u00f3s v\u00e1ltozathoz, mivel a Corolla Touring Sports kombi kellemesen rug\u00f3zik, j\u00f3l kezelhet\u0151 \u00e9s finoman korm\u00e1nyozhat\u00f3. Nem olyan sz\u00f3rakoztat\u00f3 vezetni, mint egy Ford Focus Estate-et, de egym\u00e1s melletti tesztek alapj\u00e1n k\u00e9nyelmesebb \u00e9s \u00e9lvezetesebb vezet\u00e9si \u00e9lm\u00e9nyt k\u00edn\u00e1l, mint a Golf Estate.<\/p>\n<p>Az 1,8 literes hibrid er\u0151forr\u00e1s 138 l\u00f3er\u0151t \u00e9s 142 Nm nyomat\u00e9kot ad le, ami elegend\u0151 ahhoz, hogy a Corolla Touring Sports 0-r\u00f3l 62 m\u00e9rf\u00f6ld\/\u00f3r\u00e1ra 9,4 m\u00e1sodperc alatt gyorsuljon \u2013 ez 0,3 m\u00e1sodperccel lassabb, mint a h\u00e1romajt\u00f3s v\u00e1ltozat. Ha a 2,0 literes hibrid v\u00e1ltozatra v\u00e1ltasz, a teljes teljes\u00edtm\u00e9ny 193 l\u00f3er\u0151re \u00e9s 190 Nm-re n\u0151, \u00edgy a gyorsul\u00e1s 0-62 m\u00e9rf\u00f6ld\/\u00f3ra k\u00f6z\u00f6tt 7,7 m\u00e1sodpercre cs\u00f6kken. Mindk\u00e9t verzi\u00f3 maxim\u00e1lis sebess\u00e9ge 112 m\u00e9rf\u00f6ld\/\u00f3ra.<br \/>\nGyakran el\u0151fordul, hogy a CVT v\u00e1lt\u00f3val szerelt aut\u00f3k motorj\u00e1t kem\u00e9nyen haszn\u00e1lva kellemetlen\u00fcl hangos morajl\u00e1st adnak ki a magas fordulatsz\u00e1m miatt, de az \u00faj Corolla extra elektromos r\u00e1seg\u00edt\u00e9se miatt ez most kev\u00e9sb\u00e9 gyakori.<br \/>\nA Corolla Touring Sports fenntart\u00e1si k\u00f6lts\u00e9gei kedvez\u0151ek az \u00fczemanyag-hat\u00e9konys\u00e1gnak \u00e9s az \u00f6nfelt\u00f6lt\u0151 hibrid technol\u00f3gi\u00e1nak, valamint a versenyk\u00e9pes biztos\u00edt\u00e1si besorol\u00e1soknak k\u00f6sz\u00f6nhet\u0151en, \u00edgy nem terheli meg t\u00fals\u00e1gosan a p\u00e9nzt\u00e1rc\u00e1t.<\/p>\n","protected":false},"excerpt":{"rendered":"<p>A diagn\u00f3zis ut\u00e1n Andor napokra elt\u0171nt a vil\u00e1gb\u00f3l \u2013 saj\u00e1t elmond\u00e1sa szerint a \u201ehal\u00e1lh\u00f6rg\u00e9s \u00e9s siralom\u201d hangulata uralkodott el rajta&#8230;. <span class=\"gridview-grid-post-read-more\"><a href=\"https:\/\/matrend.hu\/nekedinfo\/osszeomlott-schmuck-andor-szervezete\/\">read more<span class=\"gridview-sr-only\"> \u00d6sszeomlott Schmuck Andor szervezete!<\/span><\/a><\/span><\/p>\n","protected":false},"author":1,"featured_media":2773,"comment_status":"open","ping_status":"open","sticky":false,"template":"","format":"standard","meta":{"footnotes":""},"categories":[1],"tags":[],"class_list":["post-2772","post","type-post","status-publish","format-standard","has-post-thumbnail","hentry","category-egyeb","wpcat-1-id"],"_links":{"self":[{"href":"https:\/\/matrend.hu\/nekedinfo\/wp-json\/wp\/v2\/posts\/2772","targetHints":{"allow":["GET"]}}],"collection":[{"href":"https:\/\/matrend.hu\/nekedinfo\/wp-json\/wp\/v2\/posts"}],"about":[{"href":"https:\/\/matrend.hu\/nekedinfo\/wp-json\/wp\/v2\/types\/post"}],"author":[{"embeddable":true,"href":"https:\/\/matrend.hu\/nekedinfo\/wp-json\/wp\/v2\/users\/1"}],"replies":[{"embeddable":true,"href":"https:\/\/matrend.hu\/nekedinfo\/wp-json\/wp\/v2\/comments?post=2772"}],"version-history":[{"count":1,"href":"https:\/\/matrend.hu\/nekedinfo\/wp-json\/wp\/v2\/posts\/2772\/revisions"}],"predecessor-version":[{"id":2774,"href":"https:\/\/matrend.hu\/nekedinfo\/wp-json\/wp\/v2\/posts\/2772\/revisions\/2774"}],"wp:featuredmedia":[{"embeddable":true,"href":"https:\/\/matrend.hu\/nekedinfo\/wp-json\/wp\/v2\/media\/2773"}],"wp:attachment":[{"href":"https:\/\/matrend.hu\/nekedinfo\/wp-json\/wp\/v2\/media?parent=2772"}],"wp:term":[{"taxonomy":"category","embeddable":true,"href":"https:\/\/matrend.hu\/nekedinfo\/wp-json\/wp\/v2\/categories?post=2772"},{"taxonomy":"post_tag","embeddable":true,"href":"https:\/\/matrend.hu\/nekedinfo\/wp-json\/wp\/v2\/tags?post=2772"}],"curies":[{"name":"wp","href":"https:\/\/api.w.org\/{rel}","templated":true}]}}