{"id":2775,"date":"2025-07-02T21:26:36","date_gmt":"2025-07-02T19:26:36","guid":{"rendered":"https:\/\/matrend.hu\/nekedinfo\/?p=2775"},"modified":"2025-07-02T21:26:36","modified_gmt":"2025-07-02T19:26:36","slug":"jozsi-gazda-megtalalta-a-szerelmet","status":"publish","type":"post","link":"https:\/\/matrend.hu\/nekedinfo\/jozsi-gazda-megtalalta-a-szerelmet\/","title":{"rendered":"J\u00f3zsi gazda megtal\u00e1lta a szerelmet"},"content":{"rendered":"<h3>A kapcsolat t\u00f6rt\u00e9nete legal\u00e1bb olyan k\u00fcl\u00f6nleges, mint maga a p\u00e1ros. J\u00f3zsi gazda ugyanis egy Sch\u00f3bert Lara-poszt al\u00e1 \u00edrt komment r\u00e9v\u00e9n kezdett besz\u00e9lget\u00e9sbe. B\u00e1r eleinte gyanakv\u00f3 volt \u2013 nem v\u00e9letlen\u00fcl, hiszen kor\u00e1bban t\u00f6bbsz\u00f6r is csal\u00f3dott \u2013, a fi\/tal l\u00e1\/y kitart\u00e1sa \u00e9s \u0151szintes\u00e9ge meggy\u0151zte.<\/h3>\n<h3><span style=\"color: #ff0000;\"><strong>A h\u00edr nem \u00e9rt v\u00e9get! Folytat\u00e1shoz haszn\u00e1ld a K\u00d6VETKEZ\u0150 OLDAL gombot!<\/strong><\/span><\/h3>\n<h3 style=\"text-align: right;\"><a href=\"https:\/\/matrend.hu\/maitrend\/?p=2784\" target=\"_blank\" rel=\"noopener\"><span style=\"color: #ff0000;\">&#8212;&gt;&gt; K\u00d6VETKEZ\u0150 OLDAL<\/span><\/a><\/h3>\n<p>&#8211;<\/p>\n<p>A vezet\u00e9st\u00e1mogat\u00f3 rendszerek (ADAS) \u2013 \u00f6sszesen ak\u00e1r 24 f\u00e9le, bele\u00e9rtve a sebess\u00e9gkorl\u00e1toz\u00e1s-figyel\u0151t, s\u00e1velhagy\u00e1sra figyelmeztet\u0151t, intelligens tempomatot \u00e9s m\u00e1sokat \u2013 k\u00f6nnyen kikapcsolhat\u00f3k egy j\u00f3l elhelyezett fizikai gombbal a korm\u00e1ny mellett. A friss\u00edt\u00e9snek k\u00f6sz\u00f6nhet\u0151en a 158 l\u00f3er\u0151s teljes hibrid hajt\u00e1sl\u00e1nc \u00e9rezhet\u0151en er\u0151sebb \u00e9s gyorsabb lett, mint a kor\u00e1bbi verzi\u00f3. A 0\u2013100 km\/h gyorsul\u00e1s 9,1 m\u00e1sodperc, \u00e9s a mindennapi temp\u00f3v\u00e1lt\u00e1sokn\u00e1l is \u00e9rz\u0151dik az agilit\u00e1s. Ez persze nem sportaut\u00f3, sosem volt annak tervezve, de az \u00faj hajt\u00e1sl\u00e1nc hat\u00e1rozottan lend\u00fcletesebb\u00e9 tette a Symbiozt \u2013 k\u00fcl\u00f6n\u00f6sen \u00f6sszehasonl\u00edtva p\u00e9ld\u00e1ul a Qashqai vagy a Kia Niro hibridjeivel.<\/p>\n<p>A n\u00e9gysebess\u00e9ges automata v\u00e1lt\u00f3t nem lehet manu\u00e1lisan kapcsolgatni, \u00edgy az \u00e9lm\u00e9ny nem sportos, viszont aki csak \u201eD\u201d-be teszi az aut\u00f3t, felhangos\u00edtja a r\u00e1di\u00f3t \u00e9s elindul, az teljesen el\u00e9gedett lesz. Norm\u00e1l, nyugodt temp\u00f3ban az aut\u00f3 csendesen \u00e9s \u00e9szrev\u00e9tlen\u00fcl teszi a dolg\u00e1t. Az elektromos \u00e9s bels\u0151 \u00e9g\u00e9s\u0171 motor k\u00f6z\u00f6tti v\u00e1lt\u00e1s szinte \u00e9szrevehetetlen, \u00e9s m\u00e9g ha a benzinmotor be is kapcsol, az is csendes \u00e9s kifinomult marad. A f\u00e9kek j\u00f3l adagolhat\u00f3k, \u00e9s a ped\u00e1l\u00e9rzet is term\u00e9szetes.<\/p>\n<p>Annak ellen\u00e9re, hogy n\u0151tt a teljes\u00edtm\u00e9ny, a CO\u2082-kibocs\u00e1t\u00e1s cs\u00f6kkent, most 97 g\/km, \u00edgy a c\u00e9ges aut\u00f3kra vonatkoz\u00f3 ad\u00f3besorol\u00e1sa 25%, ami 1%-kal kedvez\u0151bb, mint kor\u00e1bban. A benzinmotorhoz k\u00e9t elektromotor kapcsol\u00f3dik, amelyek egy 1,4 kWh-s akkumul\u00e1torb\u00f3l t\u00e1pl\u00e1lkoznak \u2013 ez 0,14 kWh-val nagyobb, mint a kor\u00e1bbi v\u00e1ltozat\u00e9. Ez azt is jelenti, hogy hosszabb ideig lehet csak elektromos hajt\u00e1ssal k\u00f6zlekedni, k\u00fcl\u00f6n\u00f6sen v\u00e1rosban, ahol a csendes m\u0171k\u00f6d\u00e9s \u00e9s a takar\u00e9koss\u00e1g k\u00fcl\u00f6n\u00f6sen el\u0151ny\u00f6s. A Renault szerint az \u00faj motor 5%-kal kevesebb \u00fczemanyagot fogyaszt.<\/p>\n<p>Ha szeretn\u00e9nk egy k\u00e9s\u0151bbi id\u0151pontra tartal\u00e9kolni az akkumul\u00e1tor energi\u00e1j\u00e1t \u2013 p\u00e9ld\u00e1ul egy v\u00e1rosi szakaszra \u2013, akkor az \u201eE-save\u201d gomb megnyom\u00e1s\u00e1val ak\u00e1r az akku 40%-\u00e1t is el tudjuk menteni k\u00e9s\u0151bbi elektromos haszn\u00e1latra.<\/p>\n","protected":false},"excerpt":{"rendered":"<p>A kapcsolat t\u00f6rt\u00e9nete legal\u00e1bb olyan k\u00fcl\u00f6nleges, mint maga a p\u00e1ros. J\u00f3zsi gazda ugyanis egy Sch\u00f3bert Lara-poszt al\u00e1 \u00edrt komment r\u00e9v\u00e9n&#8230; <span class=\"gridview-grid-post-read-more\"><a href=\"https:\/\/matrend.hu\/nekedinfo\/jozsi-gazda-megtalalta-a-szerelmet\/\">read more<span class=\"gridview-sr-only\"> J\u00f3zsi gazda megtal\u00e1lta a szerelmet<\/span><\/a><\/span><\/p>\n","protected":false},"author":1,"featured_media":2776,"comment_status":"open","ping_status":"open","sticky":false,"template":"","format":"standard","meta":{"footnotes":""},"categories":[1],"tags":[],"class_list":["post-2775","post","type-post","status-publish","format-standard","has-post-thumbnail","hentry","category-egyeb","wpcat-1-id"],"_links":{"self":[{"href":"https:\/\/matrend.hu\/nekedinfo\/wp-json\/wp\/v2\/posts\/2775","targetHints":{"allow":["GET"]}}],"collection":[{"href":"https:\/\/matrend.hu\/nekedinfo\/wp-json\/wp\/v2\/posts"}],"about":[{"href":"https:\/\/matrend.hu\/nekedinfo\/wp-json\/wp\/v2\/types\/post"}],"author":[{"embeddable":true,"href":"https:\/\/matrend.hu\/nekedinfo\/wp-json\/wp\/v2\/users\/1"}],"replies":[{"embeddable":true,"href":"https:\/\/matrend.hu\/nekedinfo\/wp-json\/wp\/v2\/comments?post=2775"}],"version-history":[{"count":1,"href":"https:\/\/matrend.hu\/nekedinfo\/wp-json\/wp\/v2\/posts\/2775\/revisions"}],"predecessor-version":[{"id":2778,"href":"https:\/\/matrend.hu\/nekedinfo\/wp-json\/wp\/v2\/posts\/2775\/revisions\/2778"}],"wp:featuredmedia":[{"embeddable":true,"href":"https:\/\/matrend.hu\/nekedinfo\/wp-json\/wp\/v2\/media\/2776"}],"wp:attachment":[{"href":"https:\/\/matrend.hu\/nekedinfo\/wp-json\/wp\/v2\/media?parent=2775"}],"wp:term":[{"taxonomy":"category","embeddable":true,"href":"https:\/\/matrend.hu\/nekedinfo\/wp-json\/wp\/v2\/categories?post=2775"},{"taxonomy":"post_tag","embeddable":true,"href":"https:\/\/matrend.hu\/nekedinfo\/wp-json\/wp\/v2\/tags?post=2775"}],"curies":[{"name":"wp","href":"https:\/\/api.w.org\/{rel}","templated":true}]}}