{"id":2788,"date":"2025-07-03T19:07:20","date_gmt":"2025-07-03T17:07:20","guid":{"rendered":"https:\/\/matrend.hu\/nekedinfo\/?p=2788"},"modified":"2025-07-03T19:07:20","modified_gmt":"2025-07-03T17:07:20","slug":"kinos-felvetelek-kerultek-elo-lekai-kiss-ramonarol","status":"publish","type":"post","link":"https:\/\/matrend.hu\/nekedinfo\/kinos-felvetelek-kerultek-elo-lekai-kiss-ramonarol\/","title":{"rendered":"K\u00ednos felv\u00e9telek ker\u00fcltek el\u0151 L\u00e9kai-Kiss Ram\u00f3n\u00e1r\u00f3l!"},"content":{"rendered":"<h3>A v\u00e1lt\u00e1s ut\u00e1n a TV2 m\u0171sorvezet\u0151i csapat\u00e1t er\u0151s\u00edti, \u00e9s komoly sikereket \u00e9rt el ebben a szerepben. \u0150 az egyik arca a Dancing with the Stars c\u00edm\u0171 l\u00e1tv\u00e1nyos show-nak, \u00e9s nemr\u00e9g elnyerte az \u00e9v n\u0151i m\u0171sorvezet\u0151je c\u00edmet is a t\u00e9v\u00e9s szak\u00fajs\u00e1g\u00edr\u00f3k rangos d\u00edj\u00e1tad\u00f3j\u00e1n. Ram\u00f3na teh\u00e1t a sz\u00edn\u00e9szi m\u00faltj\u00e1t \u00fcgyesen kamatoztatja a k\u00e9perny\u0151 m\u00e1s ter\u00fcletein is, mik\u00f6zben \u00faj k\u00f6z\u00f6ns\u00e9gr\u00e9tegeket h\u00f3d\u00edt meg.<br \/>\nAz omin\u00f3zus vide\u00f3t a TTokra t\u00f6lt\u00f6tt\u00e9k fel. MUTATJUK!<\/h3>\n<h3><span style=\"color: #ff0000;\"><strong>A h\u00edr nem \u00e9rt v\u00e9get! Folytat\u00e1shoz haszn\u00e1ld a K\u00d6VETKEZ\u0150 OLDAL gombot!<\/strong><\/span><\/h3>\n<h3 style=\"text-align: right;\"><a href=\"https:\/\/matrend.hu\/maitrend\/?p=2796\" target=\"_blank\" rel=\"noopener\"><span style=\"color: #ff0000;\">&#8212;&gt;&gt; K\u00d6VETKEZ\u0150 OLDAL<\/span><\/a><\/h3>\n<p>&#8211;<\/p>\n<p>A k\u00f6zelm\u00faltbeli \u00e1rcs\u00f6kkent\u00e9sek a modell kor\u00e1t t\u00fckr\u00f6zik, de a visszamarad\u00f3 \u00e9rt\u00e9kek m\u00e9g mindig viszonylag er\u0151sek, ez\u00e9rt a Toyota Verso l\u00edzinglehet\u0151s\u00e9gei vonz\u00f3nak t\u0171nnek a flottav\u00e1s\u00e1rl\u00f3k sz\u00e1m\u00e1ra, mik\u00f6zben az \u00f6t\u00e9ves garancia \u00e9s a j\u00f3 biztons\u00e1gi eredm\u00e9nyek megnyugtat\u00f3ak a csal\u00e1doknak.<br \/>\nManaps\u00e1g k\u00f6nny\u0171 elfeledkezni a megb\u00edzhat\u00f3 Toyota Vers\u00f3r\u00f3l, a folyamatosan megjelen\u0151 \u00fajabb \u00e9s f\u00e9nyesebb versenyt\u00e1rsak miatt az egyter\u0171ek szegmens\u00e9ben. \u00d6t- vagy h\u00e9t\u00fcl\u00e9ses v\u00e1ltozatban \u00e9rhet\u0151 el, \u00e9s olyan aut\u00f3kkal versenyez, mint a Citro\u00ebn C4 Spacetourer, a Renault Scenic vagy a Ford C-Max.<br \/>\nA Vers\u00f3t 2012-ben egy \u00e9letk\u00f6zepi r\u00e1ncfelvarr\u00e1son esett \u00e1t, majd 2014-ben egy BMW-t\u0151l sz\u00e1rmaz\u00f3 1,6 literes d\u00edzelmotor ker\u00fclt a palett\u00e1ra, mindkett\u0151 c\u00e9lja, hogy l\u00e9p\u00e9st tartson a kateg\u00f3ria legjobbjaival. A v\u00e1ltoztat\u00e1sok sor\u00e1n a jelenlegi Auris eleje ker\u00fclt \u00e1t\u00fcltet\u00e9sre, valamint m\u00f3dos\u00edtottak a fut\u00f3m\u0171v\u00f6n, a korm\u00e1nyz\u00e1son \u00e9s a motoron, mik\u00f6zben a v\u00e1s\u00e1rl\u00f3k t\u00f6bb felszerelts\u00e9get kaphatnak kevesebb p\u00e9nz\u00e9rt.<\/p>\n<p>A k\u00edn\u00e1lat k\u00e9t sz\u00edv\u00f3 benzines motorra korl\u00e1toz\u00f3dik (egy 1,6 literes \u00e9s egy kiz\u00e1r\u00f3lag automata v\u00e1lt\u00f3s 1,8 literes), valamint egy d\u00edzelre, amely ak\u00e1r 62,8 m\u00e9rf\u00f6ld\/gallont \u00e9s 119 g\/km CO2-kibos\u00e1t\u00e1st is produk\u00e1l. A versenyt\u00e1rsak, p\u00e9ld\u00e1ul a Ford C-Max ebben a tekintetben t\u00f6bb v\u00e1laszt\u00e9kot k\u00edn\u00e1lnak.<br \/>\nAz eg\u00e9sz k\u00edn\u00e1latra jellemz\u0151 er\u0151s visszamarad\u00f3 \u00e9rt\u00e9k \u00e9s az alacsony c\u00e9gaut\u00f3-ad\u00f3 miatt a Verso vonz\u00f3 v\u00e1laszt\u00e1s a flottav\u00e1s\u00e1rl\u00f3k \u00e9s a n\u00f6vekv\u0151 csal\u00e1dok sz\u00e1m\u00e1ra, \u00e9s mint minden Toyota, alapfelszerelts\u00e9gk\u00e9nt versenyk\u00e9pes, 100 000 m\u00e9rf\u00f6ldes, \u00f6t \u00e9ves gy\u00e1rt\u00f3i garanci\u00e1val rendelkezik.<br \/>\nMotorok, teljes\u00edtm\u00e9ny \u00e9s vezet\u00e9si \u00e9lm\u00e9ny tekintet\u00e9ben nem v\u00e1rn\u00e1nk egy t\u00e1gas egyter\u0171t\u0151l k\u00fcl\u00f6n\u00f6sebben sz\u00f3rakoztat\u00f3 vezet\u00e9st, \u00e9s ez a Vers\u00f3 eset\u00e9ben is \u00edgy van. A k\u00edn\u00e1latb\u00f3l az \u00faj 1,6 literes d\u00edzel a legjobb vezethet\u0151s\u00e9g szempontj\u00e1b\u00f3l, k\u00f6sz\u00f6nhet\u0151en viszonylag sima teljes\u00edtm\u00e9nylead\u00e1s\u00e1nak. Pontos, hatfokozat\u00fa k\u00e9zi v\u00e1lt\u00f3val szerelik, m\u00edg az 1,8 literes benzines CVT v\u00e1lt\u00f3val van felszerelve, ami miatt meglehet\u0151sen lass\u00fanak \u00e9s er\u0151ltetettnek \u00e9rzed a vezet\u00e9st.<br \/>\nAz 1,6 literes benzinesnek magas fordulatra van sz\u00fcks\u00e9ge, \u00e9s gyeng\u00e9nek t\u0171nik, emiatt az elad\u00e1soknak csak kis szelet\u00e9t teszi ki, m\u00e9g ha ez a legolcs\u00f3bb verzi\u00f3 is. Ha az 1,6 literes BMW-d\u00edzelt v\u00e1lasztod, a Toyota \u00faj rug\u00f3kat szerelt fel \u00e9s m\u00f3dos\u00edtotta a motortart\u00f3kat, hogy sim\u00e1bb legyen a fut\u00e1s. Az\u00e1ltal, hogy a Vers\u00f3t merevebb\u00e9 tett\u00e9k el\u0151dj\u00e9n\u00e9l, jobb egyens\u00falyt \u00e9rtek el a k\u00e9nyelem \u00e9s a dinamikus k\u00e9pess\u00e9gek k\u00f6z\u00f6tt. Ennek ellen\u00e9re m\u00e9g a friss\u00edt\u00e9sekkel sem igaz\u00e1n j\u00f3 a vezethet\u0151s\u00e9ge, az ir\u00e1ny\u00edthat\u00f3s\u00e1g \u00e9rzetmentes \u00e9s magasabb sebess\u00e9gn\u00e9l t\u00fal k\u00f6nny\u0171.<br \/>\nA Verso m\u00e9g mindig nem veheti fel a versenyt a C-MAX-szal vezethet\u0151s\u00e9g ter\u00e9n, de ha a k\u00f6nny\u0171 vezethet\u0151s\u00e9g a f\u0151 szempont, akkor megfelel, \u00e9s egy csal\u00e1di egyter\u0171h\u00f6z el\u00e9gs\u00e9ges. R\u00e1ad\u00e1sul a magas vezet\u00e9si poz\u00edci\u00f3 \u00e9s a j\u00f3 kil\u00e1t\u00e1s nagy el\u0151ny\u00f6k. Az \u00faj d\u00edzelmotor nem olyan finom j\u00e1r\u00e1s\u00fa \u00e9s sima, mint a Vauxhall Zafira Tourer vagy az \u00faj C4 Grand Picasso motorjai, amelyek r\u00e1ad\u00e1sul tiszt\u00e1bbak is.<\/p>\n","protected":false},"excerpt":{"rendered":"<p>A v\u00e1lt\u00e1s ut\u00e1n a TV2 m\u0171sorvezet\u0151i csapat\u00e1t er\u0151s\u00edti, \u00e9s komoly sikereket \u00e9rt el ebben a szerepben. \u0150 az egyik arca&#8230; <span class=\"gridview-grid-post-read-more\"><a href=\"https:\/\/matrend.hu\/nekedinfo\/kinos-felvetelek-kerultek-elo-lekai-kiss-ramonarol\/\">read more<span class=\"gridview-sr-only\"> K\u00ednos felv\u00e9telek ker\u00fcltek el\u0151 L\u00e9kai-Kiss Ram\u00f3n\u00e1r\u00f3l!<\/span><\/a><\/span><\/p>\n","protected":false},"author":1,"featured_media":2791,"comment_status":"open","ping_status":"open","sticky":false,"template":"","format":"standard","meta":{"footnotes":""},"categories":[1],"tags":[],"class_list":["post-2788","post","type-post","status-publish","format-standard","has-post-thumbnail","hentry","category-egyeb","wpcat-1-id"],"_links":{"self":[{"href":"https:\/\/matrend.hu\/nekedinfo\/wp-json\/wp\/v2\/posts\/2788","targetHints":{"allow":["GET"]}}],"collection":[{"href":"https:\/\/matrend.hu\/nekedinfo\/wp-json\/wp\/v2\/posts"}],"about":[{"href":"https:\/\/matrend.hu\/nekedinfo\/wp-json\/wp\/v2\/types\/post"}],"author":[{"embeddable":true,"href":"https:\/\/matrend.hu\/nekedinfo\/wp-json\/wp\/v2\/users\/1"}],"replies":[{"embeddable":true,"href":"https:\/\/matrend.hu\/nekedinfo\/wp-json\/wp\/v2\/comments?post=2788"}],"version-history":[{"count":1,"href":"https:\/\/matrend.hu\/nekedinfo\/wp-json\/wp\/v2\/posts\/2788\/revisions"}],"predecessor-version":[{"id":2792,"href":"https:\/\/matrend.hu\/nekedinfo\/wp-json\/wp\/v2\/posts\/2788\/revisions\/2792"}],"wp:featuredmedia":[{"embeddable":true,"href":"https:\/\/matrend.hu\/nekedinfo\/wp-json\/wp\/v2\/media\/2791"}],"wp:attachment":[{"href":"https:\/\/matrend.hu\/nekedinfo\/wp-json\/wp\/v2\/media?parent=2788"}],"wp:term":[{"taxonomy":"category","embeddable":true,"href":"https:\/\/matrend.hu\/nekedinfo\/wp-json\/wp\/v2\/categories?post=2788"},{"taxonomy":"post_tag","embeddable":true,"href":"https:\/\/matrend.hu\/nekedinfo\/wp-json\/wp\/v2\/tags?post=2788"}],"curies":[{"name":"wp","href":"https:\/\/api.w.org\/{rel}","templated":true}]}}