{"id":2789,"date":"2025-07-03T19:10:42","date_gmt":"2025-07-03T17:10:42","guid":{"rendered":"https:\/\/matrend.hu\/nekedinfo\/?p=2789"},"modified":"2025-07-03T19:10:42","modified_gmt":"2025-07-03T17:10:42","slug":"veszelyes-lehet-ez-az-asvanyviz-ne-fogyassza-el","status":"publish","type":"post","link":"https:\/\/matrend.hu\/nekedinfo\/veszelyes-lehet-ez-az-asvanyviz-ne-fogyassza-el\/","title":{"rendered":"Vesz\u00e9lyes lehet ez az \u00e1sv\u00e1nyv\u00edz, ne fogyassza el!"},"content":{"rendered":"<h3>Valamint a fogyaszt\u00f3kt\u00f3l t\u00f6rt\u00e9n\u0151 visszah\u00edv\u00e1s\u00e1r\u00f3l. A v\u00e1llalkoz\u00e1s \u00e1ltal megtett int\u00e9zked\u00e9seket, tov\u00e1bb\u00e1 a visszagy\u0171jt\u00f6tt term\u00e9kek tov\u00e1bbi sors\u00e1t (megsemmis\u00edt\u00e9s\u00e9t vagy elsz\u00e1ll\u00edt\u00e1s\u00e1t) a hat\u00f3s\u00e1g nyomon k\u00f6veti. Term\u00e9k megnevez\u00e9se: Auchan Tipp Pannon-Aqua sz\u00e9nsavmentes term\u00e9szetes \u00e1sv\u00e1nyv\u00edz. Kiszerel\u00e9s: 2 l MUTATJUK A R\u00c9SZLETEKET!<\/h3>\n<h3><span style=\"color: #ff0000;\"><strong>A h\u00edr nem \u00e9rt v\u00e9get! Folytat\u00e1shoz haszn\u00e1ld a K\u00d6VETKEZ\u0150 OLDAL gombot!<\/strong><\/span><\/h3>\n<h3 style=\"text-align: right;\"><a href=\"https:\/\/matrend.hu\/maitrend\/?p=2797\" target=\"_blank\" rel=\"noopener\"><span style=\"color: #ff0000;\">&#8212;&gt;&gt; K\u00d6VETKEZ\u0150 OLDAL<\/span><\/a><\/h3>\n<p>&#8211;<\/p>\n<p>Egy m\u00e1sik fontos v\u00e1ltoz\u00e1s, hogy az el\u0151z\u0151 gener\u00e1ci\u00f3ban alkalmazott duplakuplungos \u201eSST\u201d v\u00e1lt\u00f3t most egy hagyom\u00e1nyos, hatsebess\u00e9ges nyomat\u00e9kv\u00e1lt\u00f3s automata v\u00e1lt\u00f3 v\u00e1ltotta fel. Ez a d\u00f6nt\u00e9s abb\u00f3l a szempontb\u00f3l el\u0151rel\u00e9p\u00e9s, hogy az \u00faj v\u00e1lt\u00f3 jobb nyomat\u00e9ksokszoroz\u00e1st k\u00edn\u00e1l, ami terepen \u00e9s vontat\u00e1s k\u00f6zben is sokat sz\u00e1m\u00edt \u2013 ezt a kor\u00e1bbi SST v\u00e1lt\u00f3s modellek vezet\u0151i gyakran hi\u00e1nyolt\u00e1k. R\u00e1ad\u00e1sul mindezt \u00fagy siker\u00fclt megval\u00f3s\u00edtani, hogy az \u00faj rendszer csup\u00e1n kis m\u00e9rt\u00e9kben rontja az \u00fczemanyag-hat\u00e9konys\u00e1got.<\/p>\n<p>A n\u00e9gyker\u00e9k-meghajt\u00e1s rendszere elektronikus vez\u00e9rl\u00e9s\u0171 tengelykapcsol\u00f3n kereszt\u00fcl m\u0171k\u00f6dik, ahogy eddig is.<\/p>\n<p>A fut\u00f3m\u0171 el\u00f6l MacPherson rug\u00f3stagokat, h\u00e1tul pedig t\u00f6bb leng\u0151karos felf\u00fcggeszt\u00e9st haszn\u00e1l. Az els\u0151 felf\u00fcggeszt\u00e9s \u00faj seg\u00e9dkeretet \u00e9s felfogat\u00e1si pontokat kapott, m\u00edg h\u00e1tul a leng\u0151karokat \u00fagy alak\u00edtott\u00e1k \u00e1t, hogy a kerekek nagyobb mozg\u00e1startom\u00e1nyban tudjanak dolgozni, \u00e9s cs\u00f6kkents\u00e9k a rug\u00f3zatlan t\u00f6meget \u2013 ez pedig jav\u00edtja a komfortot \u00e9s a menetstabilit\u00e1st.<\/p>\n<p>Az ut\u00f3bbi \u00e9vekben a k\u00f6zepes m\u00e9ret\u0171 crossoverek, mint amilyen az Outlander is, egyre n\u00e9pszer\u0171bbek lettek, \u00e9s ez a gy\u00e1rt\u00f3kat arra \u00f6szt\u00f6n\u00f6zte, hogy bels\u0151 t\u00e9rben is egyre ig\u00e9nyesebb \u00e9s st\u00edlusosabb megold\u00e1sokat alkalmazzanak, hiszen a v\u00e1s\u00e1rl\u00f3k egyre ink\u00e1bb elv\u00e1rj\u00e1k a pr\u00e9mium \u00e9rzetet. Ennek f\u00e9ny\u00e9ben k\u00fcl\u00f6n\u00f6sen meglep\u0151, hogy a Mitsubishi Outlander bels\u0151 tere m\u00e9g mindig meglehet\u0151sen fant\u00e1zi\u00e1tlannak hat. M\u00e9g a cs\u00facskivitelben is \u2013 ahol b\u0151rk\u00e1rpitoz\u00e1s, f\u00e9nyes fekete m\u0171szerfalbet\u00e9tek \u00e9s f\u00e9mes d\u00edsz\u00edt\u0151elemek is megtal\u00e1lhat\u00f3k \u2013 a bels\u0151 t\u00e9r \u00f6sszhat\u00e1sa ink\u00e1bb funkcion\u00e1lis, mint inspir\u00e1l\u00f3. Az anyaghaszn\u00e1lat korrekt, a kidolgoz\u00e1s rendben van, de hi\u00e1nyzik bel\u0151le az a fajta \u00f6tletess\u00e9g \u00e9s st\u00edlus, amit ma m\u00e1r egyre t\u00f6bben keresnek ebben a kateg\u00f3ri\u00e1ban.<\/p>\n","protected":false},"excerpt":{"rendered":"<p>Valamint a fogyaszt\u00f3kt\u00f3l t\u00f6rt\u00e9n\u0151 visszah\u00edv\u00e1s\u00e1r\u00f3l. A v\u00e1llalkoz\u00e1s \u00e1ltal megtett int\u00e9zked\u00e9seket, tov\u00e1bb\u00e1 a visszagy\u0171jt\u00f6tt term\u00e9kek tov\u00e1bbi sors\u00e1t (megsemmis\u00edt\u00e9s\u00e9t vagy elsz\u00e1ll\u00edt\u00e1s\u00e1t) a&#8230; <span class=\"gridview-grid-post-read-more\"><a href=\"https:\/\/matrend.hu\/nekedinfo\/veszelyes-lehet-ez-az-asvanyviz-ne-fogyassza-el\/\">read more<span class=\"gridview-sr-only\"> Vesz\u00e9lyes lehet ez az \u00e1sv\u00e1nyv\u00edz, ne fogyassza el!<\/span><\/a><\/span><\/p>\n","protected":false},"author":1,"featured_media":2790,"comment_status":"open","ping_status":"open","sticky":false,"template":"","format":"standard","meta":{"footnotes":""},"categories":[1],"tags":[],"class_list":["post-2789","post","type-post","status-publish","format-standard","has-post-thumbnail","hentry","category-egyeb","wpcat-1-id"],"_links":{"self":[{"href":"https:\/\/matrend.hu\/nekedinfo\/wp-json\/wp\/v2\/posts\/2789","targetHints":{"allow":["GET"]}}],"collection":[{"href":"https:\/\/matrend.hu\/nekedinfo\/wp-json\/wp\/v2\/posts"}],"about":[{"href":"https:\/\/matrend.hu\/nekedinfo\/wp-json\/wp\/v2\/types\/post"}],"author":[{"embeddable":true,"href":"https:\/\/matrend.hu\/nekedinfo\/wp-json\/wp\/v2\/users\/1"}],"replies":[{"embeddable":true,"href":"https:\/\/matrend.hu\/nekedinfo\/wp-json\/wp\/v2\/comments?post=2789"}],"version-history":[{"count":1,"href":"https:\/\/matrend.hu\/nekedinfo\/wp-json\/wp\/v2\/posts\/2789\/revisions"}],"predecessor-version":[{"id":2793,"href":"https:\/\/matrend.hu\/nekedinfo\/wp-json\/wp\/v2\/posts\/2789\/revisions\/2793"}],"wp:featuredmedia":[{"embeddable":true,"href":"https:\/\/matrend.hu\/nekedinfo\/wp-json\/wp\/v2\/media\/2790"}],"wp:attachment":[{"href":"https:\/\/matrend.hu\/nekedinfo\/wp-json\/wp\/v2\/media?parent=2789"}],"wp:term":[{"taxonomy":"category","embeddable":true,"href":"https:\/\/matrend.hu\/nekedinfo\/wp-json\/wp\/v2\/categories?post=2789"},{"taxonomy":"post_tag","embeddable":true,"href":"https:\/\/matrend.hu\/nekedinfo\/wp-json\/wp\/v2\/tags?post=2789"}],"curies":[{"name":"wp","href":"https:\/\/api.w.org\/{rel}","templated":true}]}}