{"id":2794,"date":"2025-07-03T19:33:35","date_gmt":"2025-07-03T17:33:35","guid":{"rendered":"https:\/\/matrend.hu\/nekedinfo\/?p=2794"},"modified":"2025-07-03T19:33:35","modified_gmt":"2025-07-03T17:33:35","slug":"durva-ami-balazs-klarirol-derult-ki","status":"publish","type":"post","link":"https:\/\/matrend.hu\/nekedinfo\/durva-ami-balazs-klarirol-derult-ki\/","title":{"rendered":"Durva ami Bal\u00e1zs Kl\u00e1rir\u00f3l der\u00fclt ki!"},"content":{"rendered":"<h3>Ennek ellen\u00e9re nem mindenki tudja, hogy Kl\u00e1ri m\u0171v\u00e9szneve nem Kord\u00e1t\u00f3l sz\u00e1rmazik: a Bal\u00e1zs vezet\u00e9knevet els\u0151 f\u00e9rj\u00e9t\u0151l, Bal\u00e1zs G\u00e1bort\u00f3l kapta, aki a Tolcsvay-tri\u00f3ban j\u00e1tszott. B\u00e1r hivatalosan Korda Gy\u00f6rgyn\u00e9, a sz\u00ednpadon m\u00e1ig az els\u0151 f\u00e9rje nev\u00e9t viseli. Egy kor\u00e1bbi interj\u00faban \u0151szint\u00e9n kit\u00e1lalt arr\u00f3l, mi\u00e9rt d\u00f6nt\u00f6tt \u00edgy. Elmond\u00e1sa szerint sok\u00e1ig v\u00e9dekez\u00e9sb\u0151l tartotta meg ezt a nevet, mivel a kapcsolatuk elej\u00e9n rengeteg rosszindulat\u00fa pletyk\u00e1val \u00e9s t\u00e1mad\u00e1ssal kellett szemben\u00e9znie.<br \/>\nETT\u0150L TARTOTT KL\u00c1RIKA:<\/h3>\n<h3><span style=\"color: #ff0000;\"><strong>A h\u00edr nem \u00e9rt v\u00e9get! Folytat\u00e1shoz haszn\u00e1ld a K\u00d6VETKEZ\u0150 OLDAL gombot!<\/strong><\/span><\/h3>\n<h3 style=\"text-align: right;\"><a href=\"https:\/\/matrend.hu\/maitrend\/?p=2802\" target=\"_blank\" rel=\"noopener\"><span style=\"color: #ff0000;\">&#8212;&gt;&gt; K\u00d6VETKEZ\u0150 OLDAL<\/span><\/a><\/h3>\n<p>&#8211;<\/p>\n<p>A kelet-eur\u00f3pai olcs\u00f3 aut\u00f3k rajong\u00f3i j\u00f3l eml\u00e9kezhetnek a Dacia n\u00e9vre a \u201980-as \u00e9s \u201990-es \u00e9vekb\u0151l, k\u00fcl\u00f6n\u00f6sen a Renault 12 alapjaira \u00e9p\u00fcl\u0151 Denemre \u00e9s az eredeti Dusterre.<br \/>\nA Dacia 2012-ben t\u00e9rt vissza az Egyes\u00fclt Kir\u00e1lys\u00e1gba, miut\u00e1n a rom\u00e1n v\u00e1llalat 1999 \u00f3ta a Renault tulajdon\u00e1ban van. Az els\u0151, az \u00faj arculat alatt itt forgalmazott modell a Duster volt, amely \u00fcd\u00edt\u0151en r\u00e9gim\u00f3di megk\u00f6zel\u00edt\u00e9ssel \u00e1llt hozz\u00e1 a crossover-SUV m\u0171fajhoz.<br \/>\nA modell Renault \u00e9s Nissan t\u00edpusok m\u0171szaki alapjaira \u00e9p\u00fcl, de a m\u00e9retgazdas\u00e1goss\u00e1gnak k\u00f6sz\u00f6nhet\u0151en SUV-szint\u0171 praktikuss\u00e1got k\u00edn\u00e1l szupermini-\u00e1r\u00e9rt cser\u00e9be. Emiatt k\u00f6zvetlen riv\u00e1lisa kev\u00e9s akad, m\u00e9ret\u00e9t tekintve azonban olyan modellek ellen versenyez, mint a Suzuki Vitara, a Nissan Qashqai vagy a Renault Kadjar.<br \/>\nAz \u00e1rak meglep\u0151, k\u00f6r\u00fclbel\u00fcl 9500 fontos kezd\u0151szintt\u0151l indulnak, de az alapmodell Access kivitel rendk\u00edv\u00fcl purit\u00e1n. Feh\u00e9r f\u00e9nyez\u00e9s, fekete l\u00f6kh\u00e1r\u00edt\u00f3k \u00e9s 16 colos ac\u00e9lfelnik jellemzik, egyfajta ENSZ-j\u00e1rm\u0171 hangulatot keltve, m\u00edg az extr\u00e1k list\u00e1ja minim\u00e1lisra szor\u00edtkozik. Pozit\u00edvum viszont, hogy \u00f6sszker\u00e9khajt\u00e1s m\u00e1r 2000 fontos fel\u00e1r\u00e9rt el\u00e9rhet\u0151, \u00edgy val\u00f3di, de p\u00e9nzt\u00e1rcabar\u00e1t terepj\u00e1r\u00f3t kapunk.<\/p>\n<p>Az Ambiance felszerelts\u00e9g tov\u00e1bbra is ac\u00e9lkerekeken fut, de a karossz\u00e9ria sz\u00edn\u00e9re f\u00e9nyezett l\u00f6kh\u00e1r\u00edt\u00f3k eszt\u00e9tikusabb\u00e1 teszik. Tov\u00e1bbi extr\u00e1k k\u00f6z\u00e9 tartozik a k\u00f6df\u00e9nysz\u00f3r\u00f3, DAB\/FM\/AM r\u00e1di\u00f3, valamint MP3 lej\u00e1tsz\u00f3khoz csatlakoztathat\u00f3 USB-port.<br \/>\nA k\u00e9zi kl\u00edmaberendez\u00e9s csak a Laureate szinten jelenik meg, amely ezen k\u00edv\u00fcl 16 colos k\u00f6nny\u0171f\u00e9m kerekeket, b\u0151rbor\u00edt\u00e1s\u00fa korm\u00e1nykereket, kr\u00f3mozott tet\u0151s\u00edneket \u00e9s tempomatot is tartalmaz. A Prestige szinten m\u00e1r gy\u00e9m\u00e1ntcsiszolt felnik, be\u00e9p\u00edtett navig\u00e1ci\u00f3 \u00e9s tolat\u00f3kamera is j\u00e1r.<br \/>\nA cs\u00facsmodell az SE Summit nevet viseli, \u00e9s egyedi k\u00f6nny\u0171f\u00e9m felnikkel, sz\u00fcrke met\u00e1l f\u00e9nyez\u00e9ssel, karossz\u00e9ria- \u00e9s ker\u00e9kj\u00e1rati d\u00edszl\u00e9cekkel, narancssz\u00edn\u0171 k\u00e1rpittal \u00e9s narancs szell\u0151z\u0151keretekkel emelkedik ki.<br \/>\nOpcion\u00e1lisan pr\u00e9mium jellemz\u0151k is rendelhet\u0151k hozz\u00e1, p\u00e9ld\u00e1ul b\u0151r\u00fcl\u00e9s nagyj\u00e1b\u00f3l 500 font\u00e9rt, de a sz\u00f6vetk\u00e1rpit \u00e9s a visszafogottabb felszerelts\u00e9g jobban illik a Dacia f\u00f6ldh\u00f6zragadt, \u0151szinte karakter\u00e9hez. Kl\u00edmaberendez\u00e9s automata szab\u00e1lyoz\u00e1ssal vagy kulcs n\u00e9lk\u00fcli ind\u00edt\u00e1s m\u00e9g fel\u00e1r\u00e9rt sem k\u00e9rhet\u0151, de a Laureate szint elegend\u0151 k\u00e9nyelmi \u00e9s praktikus funkci\u00f3t k\u00edn\u00e1l, el\u00e9rhet\u0151 \u00e1ron.<\/p>\n","protected":false},"excerpt":{"rendered":"<p>Ennek ellen\u00e9re nem mindenki tudja, hogy Kl\u00e1ri m\u0171v\u00e9szneve nem Kord\u00e1t\u00f3l sz\u00e1rmazik: a Bal\u00e1zs vezet\u00e9knevet els\u0151 f\u00e9rj\u00e9t\u0151l, Bal\u00e1zs G\u00e1bort\u00f3l kapta, aki&#8230; <span class=\"gridview-grid-post-read-more\"><a href=\"https:\/\/matrend.hu\/nekedinfo\/durva-ami-balazs-klarirol-derult-ki\/\">read more<span class=\"gridview-sr-only\"> Durva ami Bal\u00e1zs Kl\u00e1rir\u00f3l der\u00fclt ki!<\/span><\/a><\/span><\/p>\n","protected":false},"author":1,"featured_media":2795,"comment_status":"open","ping_status":"open","sticky":false,"template":"","format":"standard","meta":{"footnotes":""},"categories":[1],"tags":[],"class_list":["post-2794","post","type-post","status-publish","format-standard","has-post-thumbnail","hentry","category-egyeb","wpcat-1-id"],"_links":{"self":[{"href":"https:\/\/matrend.hu\/nekedinfo\/wp-json\/wp\/v2\/posts\/2794","targetHints":{"allow":["GET"]}}],"collection":[{"href":"https:\/\/matrend.hu\/nekedinfo\/wp-json\/wp\/v2\/posts"}],"about":[{"href":"https:\/\/matrend.hu\/nekedinfo\/wp-json\/wp\/v2\/types\/post"}],"author":[{"embeddable":true,"href":"https:\/\/matrend.hu\/nekedinfo\/wp-json\/wp\/v2\/users\/1"}],"replies":[{"embeddable":true,"href":"https:\/\/matrend.hu\/nekedinfo\/wp-json\/wp\/v2\/comments?post=2794"}],"version-history":[{"count":1,"href":"https:\/\/matrend.hu\/nekedinfo\/wp-json\/wp\/v2\/posts\/2794\/revisions"}],"predecessor-version":[{"id":2796,"href":"https:\/\/matrend.hu\/nekedinfo\/wp-json\/wp\/v2\/posts\/2794\/revisions\/2796"}],"wp:featuredmedia":[{"embeddable":true,"href":"https:\/\/matrend.hu\/nekedinfo\/wp-json\/wp\/v2\/media\/2795"}],"wp:attachment":[{"href":"https:\/\/matrend.hu\/nekedinfo\/wp-json\/wp\/v2\/media?parent=2794"}],"wp:term":[{"taxonomy":"category","embeddable":true,"href":"https:\/\/matrend.hu\/nekedinfo\/wp-json\/wp\/v2\/categories?post=2794"},{"taxonomy":"post_tag","embeddable":true,"href":"https:\/\/matrend.hu\/nekedinfo\/wp-json\/wp\/v2\/tags?post=2794"}],"curies":[{"name":"wp","href":"https:\/\/api.w.org\/{rel}","templated":true}]}}