{"id":2798,"date":"2025-07-04T18:00:07","date_gmt":"2025-07-04T16:00:07","guid":{"rendered":"https:\/\/matrend.hu\/nekedinfo\/?p=2798"},"modified":"2025-07-04T18:00:07","modified_gmt":"2025-07-04T16:00:07","slug":"ma-hajnalban-jott-a-tragikus-hir-havas-henrikrol","status":"publish","type":"post","link":"https:\/\/matrend.hu\/nekedinfo\/ma-hajnalban-jott-a-tragikus-hir-havas-henrikrol\/","title":{"rendered":"Ma hajnalban j\u00f6tt a tragikus h\u00edr Havas Henrikr\u0151l!"},"content":{"rendered":"<h3>Besz\u00e1mol\u00f3ja szerint az utols\u00f3 besug\u00e1rz\u00e1s ut\u00e1n a szervezete hevesen reag\u00e1lt \u2013 az em\u00e9szt\u0151rendszere teljesen felborult, k\u00ednos \u00e9s f\u00e1jdalmas t\u00fcnetek k\u00ednozt\u00e1k. Henrik kend\u0151zetlen\u00fcl elmondta: napokat t\u00f6lt\u00f6tt gyomorpanaszokkal, hasm\/n\/ssel, k\u00e9nytelen volt t\u00f6bbsz\u00f6r is ruh\u00e1t cser\u00e9lni \u00e9s folyton tiszt\u00e1lkodni, hogy \u00farr\u00e1 legyen a testi k\u00ednokon. A sug\u00e1rkezel\u00e9s nem csup\u00e1n egy technikai elj\u00e1r\u00e1s \u2013 a teste val\u00f3s\u00e1ggal h\u00e1bor\u00faba ker\u00fclt \u00f6nmag\u00e1val, \u00e9s \u0151 v\u00e1llalta azt a nyilv\u00e1noss\u00e1g el\u0151tt, hogy nem hallgatja el ennek a megal\u00e1z\u00f3, embert pr\u00f3b\u00e1l\u00f3 r\u00e9szleteit.<br \/>\nV\u00e9g\u00fcl a megviselt \u00e1llapot s\u00falyos k\u00f6vetkezm\u00e9nyekhez vezetett:<\/h3>\n<h3><span style=\"color: #ff0000;\"><strong>A h\u00edr nem \u00e9rt v\u00e9get! Folytat\u00e1shoz haszn\u00e1ld a K\u00d6VETKEZ\u0150 OLDAL gombot!<\/strong><\/span><\/h3>\n<h3 style=\"text-align: right;\"><a href=\"https:\/\/matrend.hu\/maitrend\/?p=2806\" target=\"_blank\" rel=\"noopener\"><span style=\"color: #ff0000;\">&#8212;&gt;&gt; K\u00d6VETKEZ\u0150 OLDAL<\/span><\/a><\/h3>\n<p>&#8211;<\/p>\n<p>A 1.6-os BlueHDi motor k\u00e9t v\u00e1ltozatban \u00e9rhet\u0151 el: 100 \u00e9s 120 l\u00f3er\u0151vel, mindkett\u0151h\u00f6z hatfokozat\u00fa k\u00e9zi v\u00e1lt\u00f3 tartozik, azonban a 120 l\u00f3er\u0151s verzi\u00f3hoz el\u00e9rhet\u0151 volt az EAT6 automata is.<br \/>\nA k\u00edn\u00e1lat cs\u00facs\u00e1n a 2,0 literes d\u00edzel tal\u00e1lhat\u00f3, amely 150 vagy 180 l\u00f3er\u0151vel kaphat\u00f3. Az el\u0151bbi szint\u00e9n hatfokozat\u00fa k\u00e9zi v\u00e1lt\u00f3val alapb\u00f3l, de v\u00e1laszthat\u00f3 volt hozz\u00e1 EAT6 automata is, m\u00edg az ut\u00f3bbi kiz\u00e1r\u00f3lag automata v\u00e1lt\u00f3val \u00e9rhet\u0151 el.<br \/>\nA 2017-es modellfriss\u00edt\u00e9s sor\u00e1n a kor\u00e1bbi 1.6-os, 120 l\u00f3er\u0151s d\u00edzelt lecser\u00e9lt\u00e9k egy kiss\u00e9 er\u0151sebb, 1.5 literes, 130 l\u00f3er\u0151s v\u00e1ltozatra. Ezzel egy id\u0151ben a r\u00e9gi hatfokozat\u00fa EAT6 automata v\u00e1lt\u00f3t is lev\u00e1ltotta egy \u00faj nyolcfokozat\u00fa automata, amelyet az \u00faj 1.5-\u00f6s d\u00edzelhez \u00e9s a 2.0 literes d\u00edzel cs\u00facsmotorhoz p\u00e1ros\u00edtottak.<br \/>\nA 308 SW felszerelts\u00e9gi szintjei: Active, Allure, GT Line \u00e9s GT \u2013 az Access felszerelts\u00e9g a friss\u00edt\u00e9s ut\u00e1n kiker\u00fclt a k\u00edn\u00e1latb\u00f3l. Ez megegyezik az \u00f6tajt\u00f3s v\u00e1ltozattal, azonban \u2013 ellent\u00e9tben azzal \u2013 az SW-b\u0151l nincs GTi v\u00e1ltozat, \u00edgy nem k\u00edn\u00e1l alternat\u00edv\u00e1t a SEAT Leon ST Cupra vagy a Ford Focus ST kombi ellen\u00e9ben. A modellfriss\u00edt\u00e9skor viszont megjelent egy 222 l\u00f3er\u0151s, 1.6-os turb\u00f3motor, amely kiz\u00e1r\u00f3lag GT kivitelben volt el\u00e9rhet\u0151.<\/p>\n<p>Mint sok vet\u00e9lyt\u00e1rsn\u00e1l, itt sem minden motor kaphat\u00f3 minden felszerelts\u00e9gi szinten. Az Access modellek csak a bel\u00e9p\u0151 szint\u0171 benzin- \u00e9s d\u00edzelmotorokkal voltak el\u00e9rhet\u0151k. Az Active \u00e9s Allure szintekhez m\u00e1r el\u00e9rhet\u0151 volt az \u00f6sszes 1.2-es benzines \u00e9s 1.6-os d\u00edzelmotor. A GT Line v\u00e1ltozat a nagyobb teljes\u00edtm\u00e9ny\u0171 1.2-es \u00e9s 1.6-os motorokkal, valamint a 2.0 BlueHDi 150-essel volt rendelhet\u0151, m\u00edg a GT modell kiz\u00e1r\u00f3lag a 180 l\u00f3er\u0151s, automata v\u00e1lt\u00f3s 2.0 BlueHDi d\u00edzellel k\u00e9sz\u00fclt, \u00e9s a k\u00edn\u00e1lat sportos cs\u00facsmodelljek\u00e9nt funkcion\u00e1lt.<br \/>\nMinden modell meglehet\u0151sen j\u00f3l felszerelt, k\u00fcl\u00f6n\u00f6sen az Active szintt\u0151l felfel\u00e9. Az Access v\u00e1ltozatokban is volt l\u00e9gkondicion\u00e1l\u00f3, egy\u00e9rint\u00e9ses elektromos ablakemel\u0151k, tempomat, DAB r\u00e1di\u00f3 \u00e9s Bluetooth. Az Active szint 16 colos kerekeket, k\u00e9tz\u00f3n\u00e1s kl\u00edm\u00e1t, parkol\u00f3radart, automata f\u00e9nysz\u00f3r\u00f3kat \u00e9s es\u0151\u00e9rz\u00e9kel\u0151s ablakt\u00f6rl\u0151ket, valamint navig\u00e1ci\u00f3t k\u00edn\u00e1lt. Az Allure m\u00e1r 17 colos felniket, tet\u0151s\u00edneket, k\u00f6dl\u00e1mp\u00e1kat \u00e9s LED-es f\u00e9nysz\u00f3r\u00f3kat tartalmazott. A GT Line 18 colos kerekekkel, s\u00f6t\u00e9t\u00edtett \u00fcvegez\u00e9ssel, LED-es ir\u00e1nyjelz\u0151kkel \u00e9s k\u00f6dl\u00e1mp\u00e1kkal, tolat\u00f3kamer\u00e1val \u00e9s sportos k\u00fcls\u0151-bels\u0151 r\u00e9szletekkel emelkedett ki.<\/p>\n","protected":false},"excerpt":{"rendered":"<p>Besz\u00e1mol\u00f3ja szerint az utols\u00f3 besug\u00e1rz\u00e1s ut\u00e1n a szervezete hevesen reag\u00e1lt \u2013 az em\u00e9szt\u0151rendszere teljesen felborult, k\u00ednos \u00e9s f\u00e1jdalmas t\u00fcnetek k\u00ednozt\u00e1k&#8230;. <span class=\"gridview-grid-post-read-more\"><a href=\"https:\/\/matrend.hu\/nekedinfo\/ma-hajnalban-jott-a-tragikus-hir-havas-henrikrol\/\">read more<span class=\"gridview-sr-only\"> Ma hajnalban j\u00f6tt a tragikus h\u00edr Havas Henrikr\u0151l!<\/span><\/a><\/span><\/p>\n","protected":false},"author":1,"featured_media":2799,"comment_status":"open","ping_status":"open","sticky":false,"template":"","format":"standard","meta":{"footnotes":""},"categories":[1],"tags":[],"class_list":["post-2798","post","type-post","status-publish","format-standard","has-post-thumbnail","hentry","category-egyeb","wpcat-1-id"],"_links":{"self":[{"href":"https:\/\/matrend.hu\/nekedinfo\/wp-json\/wp\/v2\/posts\/2798","targetHints":{"allow":["GET"]}}],"collection":[{"href":"https:\/\/matrend.hu\/nekedinfo\/wp-json\/wp\/v2\/posts"}],"about":[{"href":"https:\/\/matrend.hu\/nekedinfo\/wp-json\/wp\/v2\/types\/post"}],"author":[{"embeddable":true,"href":"https:\/\/matrend.hu\/nekedinfo\/wp-json\/wp\/v2\/users\/1"}],"replies":[{"embeddable":true,"href":"https:\/\/matrend.hu\/nekedinfo\/wp-json\/wp\/v2\/comments?post=2798"}],"version-history":[{"count":1,"href":"https:\/\/matrend.hu\/nekedinfo\/wp-json\/wp\/v2\/posts\/2798\/revisions"}],"predecessor-version":[{"id":2800,"href":"https:\/\/matrend.hu\/nekedinfo\/wp-json\/wp\/v2\/posts\/2798\/revisions\/2800"}],"wp:featuredmedia":[{"embeddable":true,"href":"https:\/\/matrend.hu\/nekedinfo\/wp-json\/wp\/v2\/media\/2799"}],"wp:attachment":[{"href":"https:\/\/matrend.hu\/nekedinfo\/wp-json\/wp\/v2\/media?parent=2798"}],"wp:term":[{"taxonomy":"category","embeddable":true,"href":"https:\/\/matrend.hu\/nekedinfo\/wp-json\/wp\/v2\/categories?post=2798"},{"taxonomy":"post_tag","embeddable":true,"href":"https:\/\/matrend.hu\/nekedinfo\/wp-json\/wp\/v2\/tags?post=2798"}],"curies":[{"name":"wp","href":"https:\/\/api.w.org\/{rel}","templated":true}]}}