{"id":2801,"date":"2025-07-04T18:37:05","date_gmt":"2025-07-04T16:37:05","guid":{"rendered":"https:\/\/matrend.hu\/nekedinfo\/?p=2801"},"modified":"2025-07-04T18:37:05","modified_gmt":"2025-07-04T16:37:05","slug":"felrobbant-egy-benzinkut-budapesttol-par-km-re","status":"publish","type":"post","link":"https:\/\/matrend.hu\/nekedinfo\/felrobbant-egy-benzinkut-budapesttol-par-km-re\/","title":{"rendered":"Felrobbant egy benzink\u00fat Budapestt\u0151l p\u00e1r KM-re!"},"content":{"rendered":"<h3>Hatalmas l\u00e1ngok csaptak fel az \u00e9gbe! A ment\u0151k, t\u0171zolt\u00f3k \u00e9s rend\u0151r\u00f6k nagy er\u0151kkel vonultak a helysz\u00ednre. A ter\u00fcletet lez\u00e1rt\u00e1k, a k\u00f6rnyez\u0151 utc\u00e1kban jelent\u0151s torl\u00f3d\u00e1sok alakultak ki. A k\u00f6rny\u00e9ken \u00e9l\u0151k elmond\u00e1sa szerint a robban\u00e1s ereje megr\u00e1zta az ablakokat, sokan p\u00e1nikba estek.<\/h3>\n<h3><span style=\"color: #ff0000;\"><strong>A h\u00edr nem \u00e9rt v\u00e9get! Folytat\u00e1shoz haszn\u00e1ld a K\u00d6VETKEZ\u0150 OLDAL gombot!<\/strong><\/span><\/h3>\n<h3 style=\"text-align: right;\"><a href=\"https:\/\/matrend.hu\/maitrend\/?p=2809\" target=\"_blank\" rel=\"noopener\"><span style=\"color: #ff0000;\">&#8212;&gt;&gt; K\u00d6VETKEZ\u0150 OLDAL<\/span><\/a><\/h3>\n<p>&#8211;<\/p>\n<p>Amikor a bels\u0151 kialak\u00edt\u00e1sr\u00f3l van sz\u00f3, a Renault az ut\u00f3bbi \u00e9vekben hatalmas fejl\u0151d\u00e9sen ment kereszt\u00fcl. M\u00e1r messze j\u00e1rnak att\u00f3l a korszakukt\u00f3l, amikor a belterek t\u00falnyom\u00f3r\u00e9szt sz\u00fcrke, m\u0171anyag hat\u00e1s\u00fa \u00e9s l\u00e9lektelenek voltak. A Scenic E-Tech \u00fajabb bizony\u00edt\u00e9ka ennek az ir\u00e1nyv\u00e1lt\u00e1snak: a modell a kellemes tapint\u00e1s\u00fa anyagokkal, az \u00e9l\u00e9nkebb sz\u00ednvil\u00e1ggal \u2013 k\u00fcl\u00f6n\u00f6sen az \u00e1ltalunk tesztelt, magasabb felszerelts\u00e9gi szint\u0171 Iconic kivitelben \u2013 \u00e9s a panor\u00e1matet\u0151vel egy\u00fctt meglep\u0151en vil\u00e1gos, meleg hangulatot teremt az utast\u00e9rben. Az ember szinte el is felejti, hogy egy csal\u00e1di aut\u00f3ban \u00fcl, olyan otthonos \u00e9s st\u00edlusos az \u00f6sszhat\u00e1s.<\/p>\n<p>A bels\u0151 t\u00e9r igazi k\u00fcl\u00f6nlegess\u00e9ge egy\u00e9rtelm\u0171en a tet\u0151. A Renault \u00e1ll\u00edt\u00e1sa szerint ez az els\u0151 olyan sorozatgy\u00e1rt\u00e1s\u00fa aut\u00f3 a piacon, amelyben a tet\u0151 szegmensekben, teljesen vagy r\u00e9szlegesen els\u00f6t\u00e9t\u00edthet\u0151, m\u00e9gpedig folyad\u00e9kkrist\u00e1lyos (PDLC) technol\u00f3gia seg\u00edts\u00e9g\u00e9vel. Ez a megold\u00e1s nemcsak futurisztikus hat\u00e1st kelt, de val\u00f3ban hasznos is: mivel nincs sz\u00fcks\u00e9g mechanikus \u00e1rny\u00e9kol\u00f3ra, k\u00f6r\u00fclbel\u00fcl 30 mm-rel t\u00f6bb fejteret k\u00edn\u00e1l az utasoknak. A tet\u0151 vez\u00e9rl\u00e9se hangutas\u00edt\u00e1ssal is lehets\u00e9ges a Google Asszisztens seg\u00edts\u00e9g\u00e9vel, ami b\u00e1r els\u0151re tal\u00e1n kiss\u00e9 tr\u00fckk\u00f6snek vagy felesleges extr\u00e1nak t\u0171nhet, val\u00f3j\u00e1ban egy j\u00f3l haszn\u00e1lhat\u00f3, praktikus szolg\u00e1ltat\u00e1s.<\/p>\n<p>A Scenic belsej\u00e9ben egy\u00e9bk\u00e9nt sok szempontb\u00f3l \u00fcgyes megold\u00e1sokat tal\u00e1lunk: okos t\u00e1rol\u00f3helyek, \u00e1ltal\u00e1nosan k\u00e9nyelmes \u00fcl\u00e9sek \u00e9s kellemes anyaghaszn\u00e1lat jellemzi. A vezet\u0151 el\u0151tti t\u00e9r j\u00f3l megform\u00e1lt, pr\u00e9mium \u00e9rzetet kelt a kiss\u00e9 sz\u00f6gletes, \u00fagynevezett &#8222;quartic&#8221; korm\u00e1nyker\u00e9k, ami k\u00fcl\u00f6n\u00f6sen j\u00f3l illik az aut\u00f3 modern karakter\u00e9hez. A k\u00f6z\u00e9pen elhelyezett, \u00e1ll\u00f3 form\u00e1tum\u00fa \u00e9rint\u0151k\u00e9perny\u0151 ergonomikusan a vezet\u0151 fel\u00e9 van d\u00f6ntve, \u00edgy minden funkci\u00f3 k\u00f6nnyen el\u00e9rhet\u0151. Az alapvet\u0151 kezel\u0151szervek fizikai gombokkal m\u0171k\u00f6dnek, ami hatalmas el\u0151ny, \u00e9s a lebeg\u0151 st\u00edlusban kialak\u00edtott, vezet\u00e9k n\u00e9lk\u00fcli telefont\u00f6lt\u0151 t\u00e1lca is praktikus, k\u00fcl\u00f6n\u00f6sen, hogy alatta b\u0151s\u00e9ges t\u00e1rol\u00f3helyet tal\u00e1lunk.<\/p>\n","protected":false},"excerpt":{"rendered":"<p>Hatalmas l\u00e1ngok csaptak fel az \u00e9gbe! A ment\u0151k, t\u0171zolt\u00f3k \u00e9s rend\u0151r\u00f6k nagy er\u0151kkel vonultak a helysz\u00ednre. A ter\u00fcletet lez\u00e1rt\u00e1k, a&#8230; <span class=\"gridview-grid-post-read-more\"><a href=\"https:\/\/matrend.hu\/nekedinfo\/felrobbant-egy-benzinkut-budapesttol-par-km-re\/\">read more<span class=\"gridview-sr-only\"> Felrobbant egy benzink\u00fat Budapestt\u0151l p\u00e1r KM-re!<\/span><\/a><\/span><\/p>\n","protected":false},"author":1,"featured_media":2802,"comment_status":"open","ping_status":"open","sticky":false,"template":"","format":"standard","meta":{"footnotes":""},"categories":[1],"tags":[],"class_list":["post-2801","post","type-post","status-publish","format-standard","has-post-thumbnail","hentry","category-egyeb","wpcat-1-id"],"_links":{"self":[{"href":"https:\/\/matrend.hu\/nekedinfo\/wp-json\/wp\/v2\/posts\/2801","targetHints":{"allow":["GET"]}}],"collection":[{"href":"https:\/\/matrend.hu\/nekedinfo\/wp-json\/wp\/v2\/posts"}],"about":[{"href":"https:\/\/matrend.hu\/nekedinfo\/wp-json\/wp\/v2\/types\/post"}],"author":[{"embeddable":true,"href":"https:\/\/matrend.hu\/nekedinfo\/wp-json\/wp\/v2\/users\/1"}],"replies":[{"embeddable":true,"href":"https:\/\/matrend.hu\/nekedinfo\/wp-json\/wp\/v2\/comments?post=2801"}],"version-history":[{"count":1,"href":"https:\/\/matrend.hu\/nekedinfo\/wp-json\/wp\/v2\/posts\/2801\/revisions"}],"predecessor-version":[{"id":2803,"href":"https:\/\/matrend.hu\/nekedinfo\/wp-json\/wp\/v2\/posts\/2801\/revisions\/2803"}],"wp:featuredmedia":[{"embeddable":true,"href":"https:\/\/matrend.hu\/nekedinfo\/wp-json\/wp\/v2\/media\/2802"}],"wp:attachment":[{"href":"https:\/\/matrend.hu\/nekedinfo\/wp-json\/wp\/v2\/media?parent=2801"}],"wp:term":[{"taxonomy":"category","embeddable":true,"href":"https:\/\/matrend.hu\/nekedinfo\/wp-json\/wp\/v2\/categories?post=2801"},{"taxonomy":"post_tag","embeddable":true,"href":"https:\/\/matrend.hu\/nekedinfo\/wp-json\/wp\/v2\/tags?post=2801"}],"curies":[{"name":"wp","href":"https:\/\/api.w.org\/{rel}","templated":true}]}}