{"id":2804,"date":"2025-07-04T18:52:45","date_gmt":"2025-07-04T16:52:45","guid":{"rendered":"https:\/\/matrend.hu\/nekedinfo\/?p=2804"},"modified":"2025-07-04T18:52:45","modified_gmt":"2025-07-04T16:52:45","slug":"valami-nem-stimmel-vajna-timea-gyermekevel","status":"publish","type":"post","link":"https:\/\/matrend.hu\/nekedinfo\/valami-nem-stimmel-vajna-timea-gyermekevel\/","title":{"rendered":"Valami nem stimmel Vajna T\u00edmea gyermek\u00e9vel"},"content":{"rendered":"<h3>A bizonytalans\u00e1g csak fokoz\u00f3dott, amikor Vajna T\u00edmea m\u00e1snapra egyszer\u0171en elt\u0171nt az Instagramr\u00f3l. Sem meger\u0151s\u00edt\u00e9s, sem c\u00e1folat nem \u00e9rkezett, hogy val\u00f3ban megsz\u00fcletett-e a kisl\u00e1nya. A profilja eln\u00e9mult, ami r\u00e1ad\u00e1sul nagyon szokatlan t\u0151le. A rajong\u00f3k tan\u00e1cstalanul figyelt\u00e9k a jeleket: a pocakja kor\u00e1bban m\u00e1r l\u00e1tv\u00e1nyosan lejjebb ker\u00fclt, a kilencedik h\u00f3napot is nyilv\u00e1nosan bejelentette, minden arra utalt, hogy a sz\u00fcl\u00e9s t\u00e9nyleg k\u00fcsz\u00f6b\u00f6n \u00e1llt. De hogy mi t\u00f6rt\u00e9nt az\u00f3ta? Egy sz\u00f3 sem esett r\u00f3la \u2013 a k\u00f6vet\u0151k csak tal\u00e1lgatnak.<br \/>\nNAGY LEHET A BAJ?<\/h3>\n<h3><span style=\"color: #ff0000;\"><strong>A h\u00edr nem \u00e9rt v\u00e9get! Folytat\u00e1shoz haszn\u00e1ld a K\u00d6VETKEZ\u0150 OLDAL gombot!<\/strong><\/span><\/h3>\n<h3 style=\"text-align: right;\"><a href=\"https:\/\/matrend.hu\/maitrend\/?p=2812\" target=\"_blank\" rel=\"noopener\"><span style=\"color: #ff0000;\">&#8212;&gt;&gt; K\u00d6VETKEZ\u0150 OLDAL<\/span><\/a><\/h3>\n<p>&#8211;<\/p>\n<p>A Renault Koleos m\u00e9lt\u00f3 cs\u00facsmodellje a francia gy\u00e1rt\u00f3 SUV\/crossover k\u00edn\u00e1lat\u00e1nak. T\u00e1gas, k\u00e9nyelmes, j\u00f3l felszerelt, \u00e9s \u00f6t utast pr\u00e9mium st\u00edlusban sz\u00e1ll\u00edt, egy\u00fctt a csomagjaikkal. A hat\u00e1rozott vonalvezet\u00e9s\u0171 k\u00fcls\u0151t az egyik legjobban kivitelezett Renault bels\u0151 t\u00e9r eg\u00e9sz\u00edti ki, amelyre m\u00e9g eml\u00e9ksz\u00fcnk, \u00e9s a r\u00e9szben b\u0151r \u00fcl\u00e9sek, valamint a teljes panor\u00e1ma napf\u00e9nytet\u0151 val\u00f3ban luxus hangulatot teremtenek. B\u00e1r kellemes vezetni, a Koleos dinamikai k\u00e9pess\u00e9gei nem \u00e9rik el n\u00e9h\u00e1ny sportosabb vet\u00e9lyt\u00e1rs szintj\u00e9t, \u00e9s a v\u00e1rosi menetk\u00e9nyelem sem a legjobb ebben a kateg\u00f3ri\u00e1ban. A Renault a h\u00e1ts\u00f3 utast\u00e9r b\u0151s\u00e9ges hely\u00e9re koncentr\u00e1lt, emiatt n\u00e9h\u00e1ny kulcsfontoss\u00e1g\u00fa riv\u00e1lisban t\u00f6bb csomagt\u00e9r \u00e1ll rendelkez\u00e9sre.<br \/>\nA Koleos kor\u00e1bban egy k\u00f6z\u00e9pkateg\u00f3ri\u00e1s SUV nev\u00e9vel volt ismert, amelyet 2010-ben kivontak a piacr\u00f3l; az \u00faj modell azonban semmiben sem hasonl\u00edt az el\u0151dj\u00e9re. Ez egy nagy m\u00e9ret\u0171 SUV, amely a Renault k\u00edn\u00e1lat\u00e1nak tetej\u00e9n \u00e1ll, \u00e9s azoknak sz\u00f3l, akik sok helyet \u00e9s exkluz\u00edvabb \u00e9rzetet keresnek. A j\u00e1rm\u0171 a Renault-Nissan CMF-CD platformj\u00e1ra \u00e9p\u00fcl, \u00edgy alkatr\u00e9szeket oszt meg a Nissan Qashqai-val \u00e9s X-Traillal, valamint a Renault saj\u00e1t Kadjar SUV-j\u00e1val.<\/p>\n<p>A Koleos viszonylag robusztus j\u00e1rm\u0171, magass\u00e1ga miatt nem a legf\u00fcrg\u00e9bb a kateg\u00f3ri\u00e1j\u00e1ban. Ennek ellen\u00e9re a m\u00e9rn\u00f6k\u00f6k egy olyan aut\u00f3t hoztak l\u00e9tre, amely j\u00f3l korm\u00e1nyozhat\u00f3, a korm\u00e1nyz\u00e1s gyors \u00e9s k\u00f6zvetlen reakci\u00f3kat ad. K\u00fcl\u00f6n\u00f6sen leny\u0171g\u00f6z minket a karossz\u00e9ria kontroll a kanyarokban, mivel nincs t\u00fal sok d\u0151l\u00e9se, ami enn\u00e9l a t\u00edpusn\u00e1l gyakran el\u0151fordul \u00e9s az utasok sz\u00e1m\u00e1ra kellemetlen lehet. Gyors, sima utakon k\u00e9nyelmes, b\u00e1r alacsony sebess\u00e9gn\u00e9l a nagy, 19 colos kerekek miatt kiss\u00e9 bizonytalanul viselkedik, ugyanakkor nagyobb egyenetlens\u00e9geket j\u00f3l elnyel. Amint temp\u00f3ra gyorsulsz, a Renault el\u00e9g sim\u00e1n fut, \u00e9s \u00f6sszess\u00e9g\u00e9ben a Ford Kuga felett \u00e1ll a menetkomfort tekintet\u00e9ben, b\u00e1r a Skoda Kodiaq tal\u00e1n m\u00e9g jobb n\u00e1la.<br \/>\nA korm\u00e1nyz\u00e1s bizonytalan, \u00e9s a magas vezet\u00e9si poz\u00edci\u00f3 miatt nem t\u00fal \u00e9lvezetes vezetni. A Koleos neh\u00e9z az \u00f6sszehasonl\u00edt\u00e1sban n\u00e9h\u00e1ny riv\u00e1lissal szemben, 1829 kilogrammot nyom, \u00e9s ez a plusz s\u00faly tomp\u00edtja a kezelhet\u0151s\u00e9get. Emellett a korm\u00e1nyz\u00e1s s\u00falyoss\u00e1ga is ingadozik, ami szint\u00e9n ront a vezet\u00e9si \u00e9lm\u00e9nyen.<br \/>\nA 2.0 literes d\u00edzelt folyamatosan v\u00e1ltoz\u00f3 \u00e1tt\u00e9tel\u0171 (CVT) v\u00e1lt\u00f3val p\u00e1ros\u00edtj\u00e1k, \u00e1m a gy\u00e1rt\u00f3 \u00fagy alak\u00edtotta ki, hogy h\u00e9t \u201efokozatk\u00e9nt\u201d viselkedjen, amelyek hagyom\u00e1nyos v\u00e1lt\u00f3k\u00e9nt m\u0171k\u00f6dnek. Ezek m\u00e9g automata m\u00f3dban is m\u0171k\u00f6dnek, \u00edgy a fordulatsz\u00e1m term\u00e9szetesen emelkedik \u00e9s cs\u00f6kken gyors\u00edt\u00e1skor. Csak akkor veszed \u00e9szre a v\u00e1lt\u00f3 saj\u00e1toss\u00e1gait, ha er\u0151teljesebben nyomod a g\u00e1zped\u00e1lt, ekkor a fordulatsz\u00e1m magasan marad \u00e9s tov\u00e1bb p\u00f6r\u00f6g, mint a hagyom\u00e1nyos automata v\u00e1lt\u00f3kn\u00e1l.<br \/>\nA v\u00e1lt\u00f3t \u201ek\u00e9zi\u201d m\u00f3dba is \u00e1ll\u00edthatod, de nem marad benne a kiv\u00e1lasztott fokozat \u2013 gyors\u00edt\u00e1s k\u00f6zben automatikusan felv\u00e1lt, ami a k\u00e9zi m\u00f3d \u00e9rtelm\u00e9t ki\u00fcres\u00edti. Ez\u00e9rt a norm\u00e1l be\u00e1ll\u00edt\u00e1son \u00e9rdemes maradni.<br \/>\nA CVT negat\u00edvan befoly\u00e1solja a finom j\u00e1r\u00e1st, k\u00fcl\u00f6n\u00f6sen a Skoda kett\u0151s kuplungos DSG v\u00e1lt\u00f3j\u00e1hoz k\u00e9pest. Indul\u00e1skor nagyokat p\u00f6r\u00f6g a motor, \u00e9s a z\u00f6rg\u0151 d\u00edzel nem hangzik t\u00fal kellemesen. Ez a g\u00e1zreakci\u00f3t is rontja, mert a g\u00e1zped\u00e1l lenyom\u00e1sakor hossz\u00fa ideig tart, mire a motor fordulatsz\u00e1ma reag\u00e1l.<\/p>\n","protected":false},"excerpt":{"rendered":"<p>A bizonytalans\u00e1g csak fokoz\u00f3dott, amikor Vajna T\u00edmea m\u00e1snapra egyszer\u0171en elt\u0171nt az Instagramr\u00f3l. Sem meger\u0151s\u00edt\u00e9s, sem c\u00e1folat nem \u00e9rkezett, hogy val\u00f3ban&#8230; <span class=\"gridview-grid-post-read-more\"><a href=\"https:\/\/matrend.hu\/nekedinfo\/valami-nem-stimmel-vajna-timea-gyermekevel\/\">read more<span class=\"gridview-sr-only\"> Valami nem stimmel Vajna T\u00edmea gyermek\u00e9vel<\/span><\/a><\/span><\/p>\n","protected":false},"author":1,"featured_media":2807,"comment_status":"open","ping_status":"open","sticky":false,"template":"","format":"standard","meta":{"footnotes":""},"categories":[1],"tags":[],"class_list":["post-2804","post","type-post","status-publish","format-standard","has-post-thumbnail","hentry","category-egyeb","wpcat-1-id"],"_links":{"self":[{"href":"https:\/\/matrend.hu\/nekedinfo\/wp-json\/wp\/v2\/posts\/2804","targetHints":{"allow":["GET"]}}],"collection":[{"href":"https:\/\/matrend.hu\/nekedinfo\/wp-json\/wp\/v2\/posts"}],"about":[{"href":"https:\/\/matrend.hu\/nekedinfo\/wp-json\/wp\/v2\/types\/post"}],"author":[{"embeddable":true,"href":"https:\/\/matrend.hu\/nekedinfo\/wp-json\/wp\/v2\/users\/1"}],"replies":[{"embeddable":true,"href":"https:\/\/matrend.hu\/nekedinfo\/wp-json\/wp\/v2\/comments?post=2804"}],"version-history":[{"count":1,"href":"https:\/\/matrend.hu\/nekedinfo\/wp-json\/wp\/v2\/posts\/2804\/revisions"}],"predecessor-version":[{"id":2808,"href":"https:\/\/matrend.hu\/nekedinfo\/wp-json\/wp\/v2\/posts\/2804\/revisions\/2808"}],"wp:featuredmedia":[{"embeddable":true,"href":"https:\/\/matrend.hu\/nekedinfo\/wp-json\/wp\/v2\/media\/2807"}],"wp:attachment":[{"href":"https:\/\/matrend.hu\/nekedinfo\/wp-json\/wp\/v2\/media?parent=2804"}],"wp:term":[{"taxonomy":"category","embeddable":true,"href":"https:\/\/matrend.hu\/nekedinfo\/wp-json\/wp\/v2\/categories?post=2804"},{"taxonomy":"post_tag","embeddable":true,"href":"https:\/\/matrend.hu\/nekedinfo\/wp-json\/wp\/v2\/tags?post=2804"}],"curies":[{"name":"wp","href":"https:\/\/api.w.org\/{rel}","templated":true}]}}