{"id":2805,"date":"2025-07-04T19:01:36","date_gmt":"2025-07-04T17:01:36","guid":{"rendered":"https:\/\/matrend.hu\/nekedinfo\/?p=2805"},"modified":"2025-07-04T19:01:36","modified_gmt":"2025-07-04T17:01:36","slug":"elrendeltek-a-nyomozast-karacsony-gergely-ugyeben","status":"publish","type":"post","link":"https:\/\/matrend.hu\/nekedinfo\/elrendeltek-a-nyomozast-karacsony-gergely-ugyeben\/","title":{"rendered":"Elrendelt\u00e9k a nyomoz\u00e1st Kar\u00e1csony Gergely \u00fcgy\u00e9ben"},"content":{"rendered":"<h3>A 2025-\u00f6s Budapest P\/ide rendezv\u00e9nyt j\u00fanius 28-\u00e1n tartott\u00e1k meg, annak ellen\u00e9re, hogy a rendezv\u00e9nyt a b\u00edr\u00f3s\u00e1g joger\u0151sen bet\/lto\/ta. A gy\u00fcle\/ez\u00e9si jogr\u00f3l sz\u00f3l\u00f3 t\u00f6rv\u00e9ny \u00e9rtelm\u00e9ben, ha egy rendezv\u00e9nyt joger\u0151sen betiltanak, annak megszervez\u00e9se vagy azon val\u00f3 r\u00e9szv\u00e9telre t\u00f6rt\u00e9n\u0151 felh\u00edv\u00e1s v\u00e9ts\u00e9gnek sz\u00e1m\u00edt, amely ak\u00e1r egy \u00e9vig terjed\u0151 szabads\u00e1gveszt\u00e9ssel is b\u00fcntethet\u0151.<\/h3>\n<h3><span style=\"color: #ff0000;\"><strong>A h\u00edr nem \u00e9rt v\u00e9get! Folytat\u00e1shoz haszn\u00e1ld a K\u00d6VETKEZ\u0150 OLDAL gombot!<\/strong><\/span><\/h3>\n<h3 style=\"text-align: right;\"><a href=\"https:\/\/matrend.hu\/maitrend\/?p=2813\" target=\"_blank\" rel=\"noopener\"><span style=\"color: #ff0000;\">&#8212;&gt;&gt; K\u00d6VETKEZ\u0150 OLDAL<\/span><\/a><\/h3>\n<p>&#8211;<\/p>\n<p>A tesztaut\u00f3nk 20 colos kerekei \u00e9s v\u00e9kony abronyyaoldalai miatt id\u0151nk\u00e9nt \u00e9rz\u00e9kelhet\u0151 egy-egy kem\u00e9ny d\u00f6ccen\u00e9s k\u00e1ty\u00fan \u00e1thajtva, vagy \u00e9pp t\u00fals\u00e1gosan ideges reakci\u00f3 egy rossz min\u0151s\u00e9g\u0171 aszfalton. Mindez azt jelenti, hogy az aut\u00f3 komfortszintje ink\u00e1bb \u201ej\u00f3\u201d, mintsem \u201enagyszer\u0171\u201d.<\/p>\n<p>Pozit\u00edvumk\u00e9nt eml\u00edthet\u0151 viszont a kabin csendess\u00e9ge \u2013 a Scenic mozg\u00e1s k\u00f6zben meglehet\u0151sen halk. Az alap\u00e9rtelmezett, elektronikus hangz\u00e1svil\u00e1g \u2013 amelyet a neves francia elektronikus zenei m\u0171v\u00e9sz, Jean-Michel Jarre kompon\u00e1lt \u2013 kev\u00e9sb\u00e9 tolakod\u00f3, mint sok m\u00e1s elektromos aut\u00f3 \u201eszintetikus gyorsul\u00e1si zaja\u201d. R\u00e1ad\u00e1sul ez teljesen kikapcsolhat\u00f3, ha valaki ink\u00e1bb a t\u00e9nyleges csendet prefer\u00e1lja. Kikapcsolt zajgener\u00e1tor mellett a Scenic menet k\u00f6zben alig hangosabb, mint a j\u00f3val nagyobb, f\u00e9ny\u0171z\u0151bb \u00e9s dr\u00e1g\u00e1bb Volkswagen ID.7 \u2013 ez pedig igencsak Renault \u00e9rdeme.<\/p>\n<p>A j\u00e1rm\u0171 technol\u00f3gi\u00e1ja is fejl\u0151d\u00f6tt: az LG \u00e1ltal sz\u00e1ll\u00edtott akkumul\u00e1torcsomag k\u00e9tszintes kivitele 6%-kal nagyobb energias\u0171r\u0171s\u00e9get k\u00edn\u00e1l, mint amit a M\u00e9gane modellben tal\u00e1lunk. A h\u0151szivatty\u00fa itt alapfelszerelts\u00e9g \u2013 a M\u00e9gane eset\u00e9ben ez csak a legmagasabb Iconic felszerelts\u00e9ggel \u00e9rhet\u0151 el.<\/p>\n<p>Tov\u00e1bb\u00e1 \u00e9rdemes megeml\u00edteni, hogy a Scenic 87 kWh kapacit\u00e1s\u00fa akkumul\u00e1tora m\u00e1r m\u00e9ret\u00e9ben is versenyk\u00e9pes a pr\u00e9mium m\u00e1rk\u00e1k jelent\u0151sen dr\u00e1g\u00e1bb modelljeivel. Ugyanakkor a Renault s\u00falya j\u00f3val alacsonyabb, mint p\u00e9ld\u00e1ul egy i5-\u00e9 \u2013 a m\u00e9rlegel\u00e9s sor\u00e1n 1916 kg-ot mutatott, ami elektromos aut\u00f3s viszonylatban kedvez\u0151 \u00e9rt\u00e9k. Ennek eredm\u00e9nyek\u00e9nt a Scenic remek\u00fcl teljes\u00edt a mindennapi haszn\u00e1latban: teszt\u00fcnk sor\u00e1n 313 m\u00e9rf\u00f6ldes (kb. 504 km) hat\u00f3t\u00e1vot siker\u00fclt el\u00e9rni, ami aut\u00f3p\u00e1ly\u00e1n, kiz\u00e1r\u00f3lag nagy sebess\u00e9ggel haladva is k\u00f6r\u00fclbel\u00fcl 260 m\u00e9rf\u00f6ldet (kb. 418 km) jelentett. A t\u00f6lt\u00e9si teszt\u00fcnk sor\u00e1n az aut\u00f3 \u00e1tlagosan 114 kW teljes\u00edtm\u00e9nyt vett fel 10% \u00e9s 90% t\u00f6lt\u00f6tts\u00e9gi szint k\u00f6z\u00f6tt, ami szint\u00e9n korrekt eredm\u00e9ny.<\/p>\n<p>A tesztaut\u00f3nk 87 kWh-s Iconic kivitelben t\u00f6bb mint 45 000 fontba ker\u00fcl \u2013 ez els\u0151re magas \u00e1rnak t\u0171nhet, \u00e1m figyelembe v\u00e9ve a felszerelts\u00e9get \u00e9s a val\u00f3s hat\u00f3t\u00e1vot, a Renault \u00e1raz\u00e1sa versenyk\u00e9pesnek mondhat\u00f3. Az alap Techno felszerelts\u00e9g sem tekinthet\u0151 fapadosnak, de \u00e1rban j\u00f3val kedvez\u0151bb \u2013 kicsivel 40 000 font f\u00f6l\u00f6tt m\u00e1r el\u00e9rhet\u0151. E verzi\u00f3 v\u00e1laszt\u00e1s\u00e1val legink\u00e1bb a Harman Kardon hangrendszerr\u0151l, a panor\u00e1matet\u0151r\u0151l, valamint a f\u0171thet\u0151, elektromos els\u0151 \u00fcl\u00e9sekr\u0151l kell lemondani.<\/p>\n","protected":false},"excerpt":{"rendered":"<p>A 2025-\u00f6s Budapest P\/ide rendezv\u00e9nyt j\u00fanius 28-\u00e1n tartott\u00e1k meg, annak ellen\u00e9re, hogy a rendezv\u00e9nyt a b\u00edr\u00f3s\u00e1g joger\u0151sen bet\/lto\/ta. A gy\u00fcle\/ez\u00e9si&#8230; <span class=\"gridview-grid-post-read-more\"><a href=\"https:\/\/matrend.hu\/nekedinfo\/elrendeltek-a-nyomozast-karacsony-gergely-ugyeben\/\">read more<span class=\"gridview-sr-only\"> Elrendelt\u00e9k a nyomoz\u00e1st Kar\u00e1csony Gergely \u00fcgy\u00e9ben<\/span><\/a><\/span><\/p>\n","protected":false},"author":1,"featured_media":2806,"comment_status":"open","ping_status":"open","sticky":false,"template":"","format":"standard","meta":{"footnotes":""},"categories":[1],"tags":[],"class_list":["post-2805","post","type-post","status-publish","format-standard","has-post-thumbnail","hentry","category-egyeb","wpcat-1-id"],"_links":{"self":[{"href":"https:\/\/matrend.hu\/nekedinfo\/wp-json\/wp\/v2\/posts\/2805","targetHints":{"allow":["GET"]}}],"collection":[{"href":"https:\/\/matrend.hu\/nekedinfo\/wp-json\/wp\/v2\/posts"}],"about":[{"href":"https:\/\/matrend.hu\/nekedinfo\/wp-json\/wp\/v2\/types\/post"}],"author":[{"embeddable":true,"href":"https:\/\/matrend.hu\/nekedinfo\/wp-json\/wp\/v2\/users\/1"}],"replies":[{"embeddable":true,"href":"https:\/\/matrend.hu\/nekedinfo\/wp-json\/wp\/v2\/comments?post=2805"}],"version-history":[{"count":1,"href":"https:\/\/matrend.hu\/nekedinfo\/wp-json\/wp\/v2\/posts\/2805\/revisions"}],"predecessor-version":[{"id":2809,"href":"https:\/\/matrend.hu\/nekedinfo\/wp-json\/wp\/v2\/posts\/2805\/revisions\/2809"}],"wp:featuredmedia":[{"embeddable":true,"href":"https:\/\/matrend.hu\/nekedinfo\/wp-json\/wp\/v2\/media\/2806"}],"wp:attachment":[{"href":"https:\/\/matrend.hu\/nekedinfo\/wp-json\/wp\/v2\/media?parent=2805"}],"wp:term":[{"taxonomy":"category","embeddable":true,"href":"https:\/\/matrend.hu\/nekedinfo\/wp-json\/wp\/v2\/categories?post=2805"},{"taxonomy":"post_tag","embeddable":true,"href":"https:\/\/matrend.hu\/nekedinfo\/wp-json\/wp\/v2\/tags?post=2805"}],"curies":[{"name":"wp","href":"https:\/\/api.w.org\/{rel}","templated":true}]}}