{"id":2810,"date":"2025-07-04T19:21:06","date_gmt":"2025-07-04T17:21:06","guid":{"rendered":"https:\/\/matrend.hu\/nekedinfo\/?p=2810"},"modified":"2025-07-04T19:21:42","modified_gmt":"2025-07-04T17:21:42","slug":"edesanyjat-vedte-a-11-eves-istvan-szornyu-vege-lett","status":"publish","type":"post","link":"https:\/\/matrend.hu\/nekedinfo\/edesanyjat-vedte-a-11-eves-istvan-szornyu-vege-lett\/","title":{"rendered":"\u00c9desanyj\u00e1t v\u00e9dte a 11 \u00e9ves Istv\u00e1n &#8211; sz\u00f6rny\u0171 v\u00e9ge lett!"},"content":{"rendered":"<h3>A fi\u00fat ment\u0151helikopterrel sz\u00e1ll\u00edtott\u00e1k a kecskem\u00e9ti k\u00f3rh\u00e1z s\u00fcrg\u0151ss\u00e9gi oszt\u00e1ly\u00e1ra, ahol azonnali m\u0171t\u00e9ttel pr\u00f3b\u00e1lt\u00e1k megmenteni. Orvosai szerint az \u00e1llapota stabiliz\u00e1l\u00f3dott, a legnehezebb id\u0151szakon m\u00e1r t\u00fal van. B\u00e1r m\u00e9g mindig k\u00f3rh\u00e1zi \u00e1gyhoz k\u00f6t\u00f6tt, hamarosan hazat\u00e9rhet, hogy \u00faj \u00e9letet kezdjen csal\u00e1dja marad\u00e9k\u00e1val. A trag\u00e9dia ut\u00e1n p\u00e1r \u00f3r\u00e1val saj\u00e1t k\u00f6z\u00f6ss\u00e9gi oldal\u00e1n is megosztott egy k\u00e9pet \u2013 rajta \u00e9desanyja eml\u00e9k\u00e9nek szentelte a gy\u00e1sz\u00e1t \u00e9s b\u00e1nat\u00e1t, megind\u00edtva mindenkit, aki l\u00e1tta.<br \/>\nIDE MEGY HAZA:<\/h3>\n<h3><span style=\"color: #ff0000;\"><strong>A h\u00edr nem \u00e9rt v\u00e9get! Folytat\u00e1shoz haszn\u00e1ld a K\u00d6VETKEZ\u0150 OLDAL gombot!<\/strong><\/span><\/h3>\n<h3 style=\"text-align: right;\"><a href=\"https:\/\/matrend.hu\/maitrend\/?p=2818\" target=\"_blank\" rel=\"noopener\"><span style=\"color: #ff0000;\">&#8212;&gt;&gt; K\u00d6VETKEZ\u0150 OLDAL<\/span><\/a><\/h3>\n<p>&#8211;<\/p>\n<p>A Honda Civic Tourert nagy elismer\u00e9ssel fogadt\u00e1k a piacra ker\u00fcl\u00e9sekor, k\u00fcl\u00f6n\u00f6sen a bels\u0151 t\u00e9r praktikuss\u00e1ga \u00e9s raktere miatt, amely nagyobb, mint sok fels\u0151bb kateg\u00f3ri\u00e1s versenyt\u00e1rs\u00e9. \u00d6t \u00e9v eltelt\u00e9vel is er\u0151s versenyz\u0151 a kombik piac\u00e1n, ha a csomagsz\u00e1ll\u00edt\u00f3 k\u00e9pess\u00e9get n\u00e9zz\u00fck.<br \/>\nA Civic hatchback formavil\u00e1ga megoszt\u00f3 volt az \u00e9vek sor\u00e1n, \u00e9s ez a kombira is igaz \u2013 ez tipikusan olyan aut\u00f3, amit vagy kedvel az ember, vagy egy\u00e1ltal\u00e1n nem.<br \/>\nA motorv\u00e1laszt\u00e9k viszonylag sz\u0171k, \u00e9s b\u00e1r a benzines nem igaz\u00e1n meggy\u0151z\u0151, a d\u00edzelv\u00e1ltozat kiv\u00e1l\u00f3. Finoman j\u00e1r, nyomat\u00e9kos, \u00e9s rendk\u00edv\u00fcl takar\u00e9kos.<br \/>\nAz \u00e1rak kiss\u00e9 a magasabb tartom\u00e1nyban mozognak, amit a Civic Tourer viszonylag gyenge \u00e9rt\u00e9ktart\u00e1sa sem seg\u00edt. Cser\u00e9be a felszerelts\u00e9g szintje magas, \u00e9s a megb\u00edzhat\u00f3s\u00e1g v\u00e1rhat\u00f3an kiv\u00e1l\u00f3.<\/p>\n<p>Menettulajdons\u00e1gok \u00e9s vezet\u00e9si \u00e9lm\u00e9ny tekintet\u00e9ben a Civic Tourer sajnos nem teljes\u00edt kiemelked\u0151en. Ugyan hossz\u00fa utaz\u00e1sokon megfelel\u0151en k\u00e9nyelmes, \u00e9s l\u00e1gyabb hangol\u00e1s\u00fa, mint egyes riv\u00e1lisai, a fut\u00f3m\u0171 nem kezeli j\u00f3l az \u00fathib\u00e1kat, \u00e9s a puha felf\u00fcggeszt\u00e9s miatt a kanyarokban jelent\u0151s oldald\u0151l\u00e9s tapasztalhat\u00f3. A korm\u00e1ny gyorsan reag\u00e1l ugyan, de nagyon k\u00f6nny\u0171 \u00e9s alig ad visszajelz\u00e9st. Dinamikusabb vezet\u00e9sn\u00e9l hamar jelentkezik az alulkorm\u00e1nyzotts\u00e1g, \u00e9s az els\u0151 bels\u0151 ker\u00e9k k\u00f6nnyen kip\u00f6r\u00f6g m\u00e1r m\u00e9rs\u00e9kelt korm\u00e1nysz\u00f6g \u00e9s g\u00e1zad\u00e1s mellett is.<br \/>\nV\u00e1rosi k\u00f6zleked\u00e9sben a Civic viszonylag sim\u00e1n halad, de a stop-start rendszer zavar\u00f3an durva. Minden egyes motorle\u00e1ll\u00edt\u00e1s \u00e9s -\u00fajraind\u00edt\u00e1s \u00e9rezhet\u0151 rezg\u00e9st k\u00fcld az utast\u00e9rbe.<br \/>\nA motorok k\u00f6z\u00fcl egy\u00e9rtelm\u0171en a 1.6 i-DTEC d\u00edzel az \u00e9kk\u0151. Ez egy val\u00f3di gy\u00f6ngyszem: finomabban j\u00e1r \u00e9s nyomat\u00e9kosabb, mint a SEAT Leon ST vagy a Skoda Octavia kombi 1.6 TDI motorjai. A hatfokozat\u00fa k\u00e9zi v\u00e1lt\u00f3 pontos, k\u00f6nnyen kapcsolhat\u00f3, \u00edgy t\u00f6k\u00e9letesen kihaszn\u00e1lhat\u00f3 a motor teljes\u00edtm\u00e9nye.<\/p>\n","protected":false},"excerpt":{"rendered":"<p>A fi\u00fat ment\u0151helikopterrel sz\u00e1ll\u00edtott\u00e1k a kecskem\u00e9ti k\u00f3rh\u00e1z s\u00fcrg\u0151ss\u00e9gi oszt\u00e1ly\u00e1ra, ahol azonnali m\u0171t\u00e9ttel pr\u00f3b\u00e1lt\u00e1k megmenteni. Orvosai szerint az \u00e1llapota stabiliz\u00e1l\u00f3dott, a&#8230; <span class=\"gridview-grid-post-read-more\"><a href=\"https:\/\/matrend.hu\/nekedinfo\/edesanyjat-vedte-a-11-eves-istvan-szornyu-vege-lett\/\">read more<span class=\"gridview-sr-only\"> \u00c9desanyj\u00e1t v\u00e9dte a 11 \u00e9ves Istv\u00e1n &#8211; sz\u00f6rny\u0171 v\u00e9ge lett!<\/span><\/a><\/span><\/p>\n","protected":false},"author":1,"featured_media":2811,"comment_status":"open","ping_status":"open","sticky":false,"template":"","format":"standard","meta":{"footnotes":""},"categories":[1],"tags":[],"class_list":["post-2810","post","type-post","status-publish","format-standard","has-post-thumbnail","hentry","category-egyeb","wpcat-1-id"],"_links":{"self":[{"href":"https:\/\/matrend.hu\/nekedinfo\/wp-json\/wp\/v2\/posts\/2810","targetHints":{"allow":["GET"]}}],"collection":[{"href":"https:\/\/matrend.hu\/nekedinfo\/wp-json\/wp\/v2\/posts"}],"about":[{"href":"https:\/\/matrend.hu\/nekedinfo\/wp-json\/wp\/v2\/types\/post"}],"author":[{"embeddable":true,"href":"https:\/\/matrend.hu\/nekedinfo\/wp-json\/wp\/v2\/users\/1"}],"replies":[{"embeddable":true,"href":"https:\/\/matrend.hu\/nekedinfo\/wp-json\/wp\/v2\/comments?post=2810"}],"version-history":[{"count":1,"href":"https:\/\/matrend.hu\/nekedinfo\/wp-json\/wp\/v2\/posts\/2810\/revisions"}],"predecessor-version":[{"id":2812,"href":"https:\/\/matrend.hu\/nekedinfo\/wp-json\/wp\/v2\/posts\/2810\/revisions\/2812"}],"wp:featuredmedia":[{"embeddable":true,"href":"https:\/\/matrend.hu\/nekedinfo\/wp-json\/wp\/v2\/media\/2811"}],"wp:attachment":[{"href":"https:\/\/matrend.hu\/nekedinfo\/wp-json\/wp\/v2\/media?parent=2810"}],"wp:term":[{"taxonomy":"category","embeddable":true,"href":"https:\/\/matrend.hu\/nekedinfo\/wp-json\/wp\/v2\/categories?post=2810"},{"taxonomy":"post_tag","embeddable":true,"href":"https:\/\/matrend.hu\/nekedinfo\/wp-json\/wp\/v2\/tags?post=2810"}],"curies":[{"name":"wp","href":"https:\/\/api.w.org\/{rel}","templated":true}]}}