{"id":2813,"date":"2025-07-04T19:56:33","date_gmt":"2025-07-04T17:56:33","guid":{"rendered":"https:\/\/matrend.hu\/nekedinfo\/?p=2813"},"modified":"2025-07-04T19:56:33","modified_gmt":"2025-07-04T17:56:33","slug":"emilio-felesege-osszeesett-vegzetes-hibat-vetett","status":"publish","type":"post","link":"https:\/\/matrend.hu\/nekedinfo\/emilio-felesege-osszeesett-vegzetes-hibat-vetett\/","title":{"rendered":"Emilio feles\u00e9ge \u00f6sszeesett! &#8211; V\u00e9gzetes hib\u00e1t v\u00e9tett!"},"content":{"rendered":"<h3>Emilio \u00e9veken \u00e1t naponta adagolta mag\u00e1nak az inzulint, mik\u00f6zben a depresszi\u00f3 elszak\u00edtotta a csal\u00e1dj\u00e1t\u00f3l. Sz\u00e9gyellte betegs\u00e9g\u00e9t, mag\u00e1t is megvetette, \u00e9s bez\u00e1rk\u00f3zott. A v\u00e1ltoz\u00e1s akkor indult el, amikor egy t\u00e9v\u00e9s f\u0151z\u0151s m\u0171sorban r\u00e1\u00e9bredtek, hogy saj\u00e1t \u00e9tel\u00fcket sem merik megenni \u2013 ink\u00e1bb m\u00e1soknak adt\u00e1k. Ez az abszurd jelenet k\u00e9sztette \u0151ket szemben\u00e9z\u00e9sre. 2024 janu\u00e1rj\u00e1ban d\u00f6nt\u00f6ttek: T\u00f6r\u00f6korsz\u00e1gban m\u0171ttetik meg magukat, m\u00e9g akkor is, ha komoly kock\u00e1zatot v\u00e1llalnak.<br \/>\nAZONBAN KOMPLIK\u00c1CI\u00d3K L\u00c9PTEK FEL:<\/h3>\n<h3><span style=\"color: #ff0000;\"><strong>A h\u00edr nem \u00e9rt v\u00e9get! Folytat\u00e1shoz haszn\u00e1ld a K\u00d6VETKEZ\u0150 OLDAL gombot!<\/strong><\/span><\/h3>\n<h3 style=\"text-align: right;\"><a href=\"https:\/\/matrend.hu\/maitrend\/?p=2821\" target=\"_blank\" rel=\"noopener\"><span style=\"color: #ff0000;\">&#8212;&gt;&gt; K\u00d6VETKEZ\u0150 OLDAL<\/span><\/a><\/h3>\n<p>&#8211;<\/p>\n<p>Az Evoque h\u00e1rom- \u00e9s \u00f6tajt\u00f3s v\u00e1ltozatban is el\u00e9rhet\u0151 volt. Kezdetben k\u00e9tf\u00e9le motorral k\u00edn\u00e1lt\u00e1k: egy 2,0 literes benzines, amely csak automata v\u00e1lt\u00f3val volt el\u00e9rhet\u0151, \u00e9s egy 2,2 literes d\u00edzelmotor. A d\u00edzel v\u00e1ltozatok k\u00f6z\u00f6tt szerepelt egy 150 l\u00f3er\u0151s, hatfokozat\u00fa manu\u00e1lis v\u00e1lt\u00f3s, els\u0151ker\u00e9k-hajt\u00e1s\u00fa eD4, illetve egy n\u00e9gyker\u00e9k-hajt\u00e1s\u00fa TD4, tov\u00e1bb\u00e1 egy 190 l\u00f3er\u0151s SD4, amely n\u00e9gyker\u00e9k-hajt\u00e1ssal \u00e9s manu\u00e1lis vagy automata v\u00e1lt\u00f3val is rendelhet\u0151 volt. Kezdetben az automata hatfokozat\u00fa volt, de 2013 \u0151sz\u00e9t\u0151l egy hat\u00e9konyabb, kilenctag\u00fa v\u00e1lt\u00f3ra cser\u00e9lt\u00e9k. Ezzel egy id\u0151ben t\u00f6bb \u00faj vezet\u00e9st\u00e1mogat\u00f3 technol\u00f3gia is deb\u00fct\u00e1lt. 2015 nyar\u00e1n \u00e9rkezett a felfriss\u00edtett Evoque, amely m\u00e1r hat\u00e9konyabb Ingenium motorokat kapott, extra technikai \u00e9s biztons\u00e1gi felszerelts\u00e9ggel, valamint \u00e1tdolgozott diz\u00e1jnnal. 2017-ben \u00e9rkezett az Evoque kabri\u00f3 v\u00e1ltozata is. A finomhangol\u00e1s r\u00e9v\u00e9n, k\u00fcl\u00f6n\u00f6sen a kilencfokozat\u00fa automata v\u00e1lt\u00f3val szerelt modellek eset\u00e9ben, kev\u00e9s haszn\u00e1lt kompakt SUV \u00e9rhet\u0151 el, amely ilyen luxus\u00e9rzetet ny\u00fajt. Minden modellv\u00e1ltozat saj\u00e1t felszerelts\u00e9gi szintekkel rendelkezik, de az \u00f6tajt\u00f3s k\u00edn\u00e1lja a legsz\u00e9lesebb v\u00e1laszt\u00e9kot az egyszer\u0171 SE-t\u0151l az exkluz\u00edv Autobiography-ig.<\/p>\n<p>A Coupe sorozat SE Tech-kel indul, m\u00edg a kabri\u00f3k k\u00edn\u00e1lata korl\u00e1tozottabb, csak SE Dynamic, HSE Dynamic \u00e9s HSE Dynamic Lux szintekkel. Az Evoque modellek nagy r\u00e9sze n\u00e9gyker\u00e9k-meghajt\u00e1s\u00fa, de ha valaki a sokoldal\u00fas\u00e1g rov\u00e1s\u00e1ra jobb \u00fczemanyag-hat\u00e9konys\u00e1got szeretne, el\u00e9rhet\u0151 egy alapszint\u0171, 148 l\u00f3er\u0151s eD4 d\u00edzelmotoros v\u00e1ltozat is, manu\u00e1lis v\u00e1lt\u00f3val \u00e9s k\u00e9tker\u00e9k-hajt\u00e1ssal, \u00f6tajt\u00f3s vagy coupe karossz\u00e9ri\u00e1val. Ezeket a modelleket k\u00f6nnyen felismerhetj\u00fck, mert a h\u00e1tulj\u00e1n az Evoque felirat k\u00e9k sz\u00edn\u0171. Az Evoque versenyt\u00e1rsai k\u00f6z\u00f6tt van p\u00e9ld\u00e1ul az Audi Q5, amely hat\u00e9kony motorokkal \u00e9s gazdag felszerelts\u00e9ggel rendelkezik, de k\u00edv\u00fcl-bel\u00fcl kev\u00e9sb\u00e9 karakteres, mint az Evoque. Hasonl\u00f3an \u00e1ll a helyzet a BMW X2 \u00e9s X3 modellekkel, amelyek szint\u00e9n \u00f6tajt\u00f3sak, j\u00f3l vezethet\u0151k \u00e9s er\u0151s riv\u00e1lisai az Evoquenak. A Volvo XC60 ugyancsak a kor\u00e1bbi \u00e9r\u00e1b\u00f3l, tele van biztons\u00e1gi funkci\u00f3kkal, emellett komfortja is kiemelked\u0151. \u00c9rdemes m\u00e9g megeml\u00edteni a Mazda CX-5-\u00f6t is, amely nagyon j\u00f3 \u00e1r-\u00e9rt\u00e9k ar\u00e1nyt k\u00edn\u00e1l, \u00e9s k\u00f6nnyen megb\u00edzhat\u00f3bbnak bizonyulhat a Land Rovern\u00e9l. Ha szeretn\u00e9d, seg\u00edthetek tov\u00e1bbi r\u00e9szletekben vagy \u00f6sszehasonl\u00edt\u00e1sokban is<\/p>\n","protected":false},"excerpt":{"rendered":"<p>Emilio \u00e9veken \u00e1t naponta adagolta mag\u00e1nak az inzulint, mik\u00f6zben a depresszi\u00f3 elszak\u00edtotta a csal\u00e1dj\u00e1t\u00f3l. Sz\u00e9gyellte betegs\u00e9g\u00e9t, mag\u00e1t is megvetette, \u00e9s&#8230; <span class=\"gridview-grid-post-read-more\"><a href=\"https:\/\/matrend.hu\/nekedinfo\/emilio-felesege-osszeesett-vegzetes-hibat-vetett\/\">read more<span class=\"gridview-sr-only\"> Emilio feles\u00e9ge \u00f6sszeesett! &#8211; V\u00e9gzetes hib\u00e1t v\u00e9tett!<\/span><\/a><\/span><\/p>\n","protected":false},"author":1,"featured_media":2814,"comment_status":"open","ping_status":"open","sticky":false,"template":"","format":"standard","meta":{"footnotes":""},"categories":[1],"tags":[],"class_list":["post-2813","post","type-post","status-publish","format-standard","has-post-thumbnail","hentry","category-egyeb","wpcat-1-id"],"_links":{"self":[{"href":"https:\/\/matrend.hu\/nekedinfo\/wp-json\/wp\/v2\/posts\/2813","targetHints":{"allow":["GET"]}}],"collection":[{"href":"https:\/\/matrend.hu\/nekedinfo\/wp-json\/wp\/v2\/posts"}],"about":[{"href":"https:\/\/matrend.hu\/nekedinfo\/wp-json\/wp\/v2\/types\/post"}],"author":[{"embeddable":true,"href":"https:\/\/matrend.hu\/nekedinfo\/wp-json\/wp\/v2\/users\/1"}],"replies":[{"embeddable":true,"href":"https:\/\/matrend.hu\/nekedinfo\/wp-json\/wp\/v2\/comments?post=2813"}],"version-history":[{"count":1,"href":"https:\/\/matrend.hu\/nekedinfo\/wp-json\/wp\/v2\/posts\/2813\/revisions"}],"predecessor-version":[{"id":2815,"href":"https:\/\/matrend.hu\/nekedinfo\/wp-json\/wp\/v2\/posts\/2813\/revisions\/2815"}],"wp:featuredmedia":[{"embeddable":true,"href":"https:\/\/matrend.hu\/nekedinfo\/wp-json\/wp\/v2\/media\/2814"}],"wp:attachment":[{"href":"https:\/\/matrend.hu\/nekedinfo\/wp-json\/wp\/v2\/media?parent=2813"}],"wp:term":[{"taxonomy":"category","embeddable":true,"href":"https:\/\/matrend.hu\/nekedinfo\/wp-json\/wp\/v2\/categories?post=2813"},{"taxonomy":"post_tag","embeddable":true,"href":"https:\/\/matrend.hu\/nekedinfo\/wp-json\/wp\/v2\/tags?post=2813"}],"curies":[{"name":"wp","href":"https:\/\/api.w.org\/{rel}","templated":true}]}}