{"id":2816,"date":"2025-07-05T17:02:35","date_gmt":"2025-07-05T15:02:35","guid":{"rendered":"https:\/\/matrend.hu\/nekedinfo\/?p=2816"},"modified":"2025-07-05T17:02:35","modified_gmt":"2025-07-05T15:02:35","slug":"varatlan-bejelentest-tett-a-tisza-part-lemondott-a-vezeto","status":"publish","type":"post","link":"https:\/\/matrend.hu\/nekedinfo\/varatlan-bejelentest-tett-a-tisza-part-lemondott-a-vezeto\/","title":{"rendered":"V\u00e1ratlan bejelent\u00e9st tett a Tisza p\u00e1rt: Lemondott a vezet\u0151!"},"content":{"rendered":"<h3>Szentkir\u00e1lyi nem hagyta ennyiben, \u00e9s r\u00f6gt\u00f6n t\u00e1mad\u00e1sba lend\u00fclt a k\u00f6z\u00f6ss\u00e9gi m\u00e9di\u00e1ban. Szerinte nem holmi csal\u00e1di ok \u00e1ll a h\u00e1tt\u00e9rben, hanem Magyar P\u00e9ter agr\/ssz\u00edv vezet\u00e9si st\u00edlusa \u00fcld\u00f6zte el Ordast. Szentkir\u00e1lyi azt \u00e1ll\u00edtja, a TISZA eln\u00f6ke pszlchol\u00f3giai nyom\u00e1s alatt tartja a k\u00e9pvisel\u0151it, parancsokat osztogat, alp\u00e1ri m\u00f3don min\u0151s\u00edtget \u00e9s f\/leml\u00edt \u2013 Szentkir\u00e1lyi posztja egyenesen od\u00e1ig ment, hogy szerinte Ordas ink\u00e1bb f\u00e9lre\u00e1llt, mert nem b\u00edrta tov\u00e1bb elviselni a bels\u0151 t\/rrort, majd az eg\u00e9szet egy mar\u00f3 g\u00fanyol\u00f3d\u00e1ssal z\u00e1rta le: szerinte a TISZA P\u00e1rt \u201eapad\u201d, \u00e9s \u201ea fej\u00e9t\u0151l b\u0171zlik a hal\u201d.<br \/>\nID\u0150K\u00d6ZBEN MEG\u00c9RKEZETT A V\u00c1LASZ IS A TISZ\u00c1T\u00d3L:<\/h3>\n<h3><span style=\"color: #ff0000;\"><strong>A h\u00edr nem \u00e9rt v\u00e9get! Folytat\u00e1shoz haszn\u00e1ld a K\u00d6VETKEZ\u0150 OLDAL gombot!<\/strong><\/span><\/h3>\n<h3 style=\"text-align: right;\"><a href=\"https:\/\/matrend.hu\/maitrend\/?p=2824\" target=\"_blank\" rel=\"noopener\"><span style=\"color: #ff0000;\">&#8212;&gt;&gt; K\u00d6VETKEZ\u0150 OLDAL<\/span><\/a><\/h3>\n<p>&#8211;<\/p>\n<p>A riv\u00e1lis eur\u00f3pai gy\u00e1rt\u00f3k motorv\u00e1laszt\u00e9k\u00e1hoz k\u00e9pest a Honda Civic k\u00edn\u00e1lata viszonylag korl\u00e1tozott. \u00d6sszesen h\u00e1rom motor k\u00f6z\u00fcl lehet v\u00e1lasztani, k\u00f6zt\u00fck egy takar\u00e9kos 1,6 literes d\u00edzel, amely ak\u00e1r 3 liter alatti fogyaszt\u00e1st is tud (78,5 mpg). A benzines modellek k\u00f6z\u00fcl az alapot a 1,4 literes motor jelenti, m\u00edg a nagyobb teljes\u00edtm\u00e9ny\u0171 1,8-as i-VTEC a m\u00e1sik opci\u00f3 \u2013 ut\u00f3bbi az egyetlen lehet\u0151s\u00e9g, ha valaki automata v\u00e1lt\u00f3t szeretne. A sportosabb vezet\u00e9sre v\u00e1gy\u00f3k sz\u00e1m\u00e1ra pedig ott a 306 l\u00f3er\u0151s Civic Type R v\u00e1ltozat.<br \/>\nA Honda Civic igazi k\u00f6zismert n\u00e9v, amely el\u0151sz\u00f6r 1973-ban mutatkozott be, \u00e9s mostanra a kilencedik gener\u00e1ci\u00f3n\u00e1l tart, egy teljesen \u00faj modell pedig 2017 els\u0151 h\u00f3napjaiban \u00e9rkezik a brit piacra. A Ford Focus vet\u00e9lyt\u00e1rsak\u00e9nt ismert modell az \u00e9vek sor\u00e1n hatalmas sikereket \u00e9rt el felt\u0171n\u0151 formatervez\u00e9s\u00e9nek, elny\u0171hetetlen megb\u00edzhat\u00f3s\u00e1g\u00e1nak \u00e9s egyed\u00fcl\u00e1ll\u00f3an praktikus bels\u0151 kialak\u00edt\u00e1s\u00e1nak k\u00f6sz\u00f6nhet\u0151en. A jelenlegi gener\u00e1ci\u00f3 folytatja ezt a hagyom\u00e1nyt, \u00e1m nem tudja teljesen kik\u00fcsz\u00f6b\u00f6lni azokat a kritik\u00e1kat, amelyek a visszafogott motorokra \u00e9s a nem t\u00fal izgalmas vezethet\u0151s\u00e9gre vonatkoznak.<br \/>\n2015-ben azonban a Honda bemutatta a sz\u00e9ls\u0151s\u00e9ges Civic Type R sportv\u00e1ltozatot, amely \u00e9pp ezekre a probl\u00e9m\u00e1kra pr\u00f3b\u00e1l v\u00e1laszt adni. Igazi \u00e9lm\u00e9ny vezetni, \u00e9s kv\u00e1zi z\u00e1szl\u00f3shaj\u00f3k\u00e9nt funkcion\u00e1l a Honda modellk\u00edn\u00e1lat\u00e1ban. Ez a v\u00e1ltozat a kisebb benzines \u00e9s d\u00edzelmotorok f\u00f6l\u00e9 pozicion\u00e1lva jelenik meg, k\u00f6zt\u00fck a lend\u00fcletes 1,6 literes i-DTEC d\u00edzelmotorral, amely szinte 80 mpg fogyaszt\u00e1st tud.<\/p>\n<p>Ha a formatervez\u00e9s megosztja is a v\u00e1s\u00e1rl\u00f3kat, a Honda-rajong\u00f3k t\u00f6retlen\u00fcl b\u00edznak a Civic legend\u00e1s megb\u00edzhat\u00f3s\u00e1g\u00e1ban \u00e9s szinte kateg\u00f3riaels\u0151 \u00e9rt\u00e9ktart\u00e1s\u00e1ban. Az aut\u00f3 hatalmas csomagtart\u00f3val rendelkezik a h\u00e1ts\u00f3 \u00fcl\u00e9sek m\u00f6g\u00f6tt, m\u00edg a m\u00e9g praktikusabb kombi, azaz a Tourer v\u00e1ltozat, a legjobbak k\u00f6z\u00e9 tartozik a helyk\u00edn\u00e1lat ter\u00e9n.<br \/>\nA vezet\u00e9si \u00e9lm\u00e9ny \u00e9s menetteljes\u00edtm\u00e9ny tekintet\u00e9ben a Civic sima, k\u00e9nyelmes, k\u00f6nnyen vezethet\u0151 aut\u00f3, de az igazi \u00e9lvezet csak a Type R modellen kereszt\u00fcl jelenik meg. Az el\u0151z\u0151 gener\u00e1ci\u00f3 ideges fut\u00f3m\u0171ve sokszor f\u00e1raszt\u00f3v\u00e1 tette a vezet\u00e9st rosszabb \u00fatfel\u00fcleteken, \u00e1m a leg\u00fajabb v\u00e1ltozat folyad\u00e9kkal t\u00f6lt\u00f6tt h\u00e1ts\u00f3 fut\u00f3m\u0171-buszkjainak k\u00f6sz\u00f6nhet\u0151en sokkal sim\u00e1bb az utaz\u00e1s. K\u00f6zel olyan k\u00e9nyelmes az Egyes\u00fclt Kir\u00e1lys\u00e1g \u00fatjain, mint a Volkswagen Golf. Az \u00e1ramvonalas kialak\u00edt\u00e1s miatt a menetzaj is minim\u00e1lis, \u00edgy aut\u00f3p\u00e1ly\u00e1n is csendes, ami hozz\u00e1j\u00e1rul a nyugodt, kellemes utaz\u00e1si \u00e9lm\u00e9nyhez.<br \/>\nEgy 2014-es friss\u00edt\u00e9s sor\u00e1n a leng\u00e9scsillap\u00edt\u00f3kat is tov\u00e1bb finom\u00edtott\u00e1k el\u00f6l \u00e9s h\u00e1tul, hogy jobb legyen a vezethet\u0151s\u00e9g \u00e9s a k\u00e9nyelem, de a m\u00f3dos\u00edt\u00e1sok annyira enyh\u00e9k, hogy a legt\u00f6bb v\u00e1s\u00e1rl\u00f3 val\u00f3sz\u00edn\u0171leg alig fogja \u00e9szrevenni \u0151ket. Az \u00faj elektromos szervokorm\u00e1ny finoman m\u0171k\u00f6dik, de nagyobb sebess\u00e9gn\u00e9l kev\u00e9s visszajelz\u00e9st ad, \u00edgy a Civic nem ny\u00fajt olyan \u00e9lvezetes vezet\u00e9si \u00e9lm\u00e9nyt, mint p\u00e9ld\u00e1ul a Ford Focus. Az \u00f6sszes modell alapfelszerelts\u00e9gk\u00e9nt hatfokozat\u00fa, k\u00f6nnyen kapcsolhat\u00f3 k\u00e9zi v\u00e1lt\u00f3val \u00e9rkezik, de az 1,8 literes i-VTEC motorhoz \u00f6tfokozat\u00fa automata v\u00e1lt\u00f3 is rendelhet\u0151. Aki az automat\u00e1t v\u00e1lasztja, annak viszont le kell mondania az \u00fczemanyagtakar\u00e9kos stop-start rendszerr\u0151l.<\/p>\n","protected":false},"excerpt":{"rendered":"<p>Szentkir\u00e1lyi nem hagyta ennyiben, \u00e9s r\u00f6gt\u00f6n t\u00e1mad\u00e1sba lend\u00fclt a k\u00f6z\u00f6ss\u00e9gi m\u00e9di\u00e1ban. Szerinte nem holmi csal\u00e1di ok \u00e1ll a h\u00e1tt\u00e9rben, hanem&#8230; <span class=\"gridview-grid-post-read-more\"><a href=\"https:\/\/matrend.hu\/nekedinfo\/varatlan-bejelentest-tett-a-tisza-part-lemondott-a-vezeto\/\">read more<span class=\"gridview-sr-only\"> V\u00e1ratlan bejelent\u00e9st tett a Tisza p\u00e1rt: Lemondott a vezet\u0151!<\/span><\/a><\/span><\/p>\n","protected":false},"author":1,"featured_media":2817,"comment_status":"open","ping_status":"open","sticky":false,"template":"","format":"standard","meta":{"footnotes":""},"categories":[1],"tags":[],"class_list":["post-2816","post","type-post","status-publish","format-standard","has-post-thumbnail","hentry","category-egyeb","wpcat-1-id"],"_links":{"self":[{"href":"https:\/\/matrend.hu\/nekedinfo\/wp-json\/wp\/v2\/posts\/2816","targetHints":{"allow":["GET"]}}],"collection":[{"href":"https:\/\/matrend.hu\/nekedinfo\/wp-json\/wp\/v2\/posts"}],"about":[{"href":"https:\/\/matrend.hu\/nekedinfo\/wp-json\/wp\/v2\/types\/post"}],"author":[{"embeddable":true,"href":"https:\/\/matrend.hu\/nekedinfo\/wp-json\/wp\/v2\/users\/1"}],"replies":[{"embeddable":true,"href":"https:\/\/matrend.hu\/nekedinfo\/wp-json\/wp\/v2\/comments?post=2816"}],"version-history":[{"count":1,"href":"https:\/\/matrend.hu\/nekedinfo\/wp-json\/wp\/v2\/posts\/2816\/revisions"}],"predecessor-version":[{"id":2818,"href":"https:\/\/matrend.hu\/nekedinfo\/wp-json\/wp\/v2\/posts\/2816\/revisions\/2818"}],"wp:featuredmedia":[{"embeddable":true,"href":"https:\/\/matrend.hu\/nekedinfo\/wp-json\/wp\/v2\/media\/2817"}],"wp:attachment":[{"href":"https:\/\/matrend.hu\/nekedinfo\/wp-json\/wp\/v2\/media?parent=2816"}],"wp:term":[{"taxonomy":"category","embeddable":true,"href":"https:\/\/matrend.hu\/nekedinfo\/wp-json\/wp\/v2\/categories?post=2816"},{"taxonomy":"post_tag","embeddable":true,"href":"https:\/\/matrend.hu\/nekedinfo\/wp-json\/wp\/v2\/tags?post=2816"}],"curies":[{"name":"wp","href":"https:\/\/api.w.org\/{rel}","templated":true}]}}