{"id":2825,"date":"2025-07-05T20:39:11","date_gmt":"2025-07-05T18:39:11","guid":{"rendered":"https:\/\/matrend.hu\/nekedinfo\/?p=2825"},"modified":"2025-07-05T20:39:11","modified_gmt":"2025-07-05T18:39:11","slug":"meghalt-galvolgyi","status":"publish","type":"post","link":"https:\/\/matrend.hu\/nekedinfo\/meghalt-galvolgyi\/","title":{"rendered":"Meghalt G\u00e1lv\u00f6lgyi!"},"content":{"rendered":"<h3>70 \u00e9ves kor\u00e1ban elhunyt G\u00e1lv\u00f6lgyi Istv\u00e1n. T\u00f6bbek k\u00f6z\u00f6tt a Hatvan, a P\u00e9cs \u00e9s a Sz\u00e1zhalombatta egy\u00fctteseit is ir\u00e1nyt\u00f3 szakembert hosszan tart\u00f3, s\u00falyos betegs\u00e9ge ut\u00e1n j\u00falius elsej\u00e9n \u00e9rte a hal\u00e1l. Volt egy\u00fcttesei most sorban vesznek t\u0151le b\u00facs\u00fat: MUTATJUK!<\/h3>\n<h3><span style=\"color: #ff0000;\"><strong>A h\u00edr nem \u00e9rt v\u00e9get! Folytat\u00e1shoz haszn\u00e1ld a K\u00d6VETKEZ\u0150 OLDAL gombot!<\/strong><\/span><\/h3>\n<h3 style=\"text-align: right;\"><a href=\"https:\/\/matrend.hu\/maitrend\/?p=2833\" target=\"_blank\" rel=\"noopener\"><span style=\"color: #ff0000;\">&#8212;&gt;&gt; K\u00d6VETKEZ\u0150 OLDAL<\/span><\/a><\/h3>\n<p>&#8211;<\/p>\n<p>A Citro\u00ebn e-C3 Aircross \u00e9s a Vauxhall Frontera Electric p\u00e9ld\u00e1ul m\u00e1r 25 000 font alatti \u00e1ron el\u00e9rhet\u0151ek lesznek, m\u00edg a vadonat\u00faj Renault 4 is v\u00e1rhat\u00f3an 27 000 font alatt startol majd. Ha a becsl\u00e9seink helyesek, a Toyota legk\u00f6zelebbi \u00e1rban versenyk\u00e9pes ellenfelei olyan modellek lesznek, mint a Jeep Avenger, a Ford Puma Gen-E, a Kia EV3 \u00e9s a Skoda Elroq \u2013 mindegyik er\u0151s n\u00e9v egyre b\u0151v\u00fcl\u0151 k\u00edn\u00e1lattal.<\/p>\n<p>Els\u0151 r\u00e1n\u00e9z\u00e9sre azt hihetn\u00e9nk, hogy az Urban Cruiser a Toyota bZ4X kisebb testv\u00e9re, de val\u00f3j\u00e1ban szinte teljesen azonos a hamarosan \u00e9rkez\u0151 Suzuki e-Vitara modellel. A k\u00e9t m\u00e1rka k\u00f6z\u00f6sen fejlesztette a platformot, amelyre ezek az \u00faj modellek \u00e9p\u00fclnek \u2013 egy kifejezetten elektromos hajt\u00e1sra sz\u00e1nt padl\u00f3lemezr\u0151l van sz\u00f3. A k\u00e9t aut\u00f3 k\u00f6z\u00f6tt gyakorlatilag csak minim\u00e1lis a k\u00fcl\u00f6nbs\u00e9g: legink\u00e1bb az orr-r\u00e9sz formavil\u00e1ga, a m\u00e1rkajelz\u00e9sek, illetve az, hogy a Suzuki v\u00e1ltozat el\u00e9rhet\u0151 lesz \u00f6sszker\u00e9khajt\u00e1ssal is \u2013 amit a Toyota nem k\u00edn\u00e1l.<\/p>\n<p>Amikor v\u00e9gre megny\u00edlik a rendel\u00e9si lehet\u0151s\u00e9g, h\u00e1romf\u00e9le felszerelts\u00e9gi szint lesz el\u00e9rhet\u0151: Icon, Design \u00e9s Excel. Az alapv\u00e1ltozat, az Icon, egy 49 kWh-s akkumul\u00e1tort kap, amely egy 142 l\u00f3er\u0151s villanymotort t\u00e1pl\u00e1l, ami az els\u0151 kerekeket hajtja. A Toyota \u00edg\u00e9rete szerint ezzel az \u00f6ssze\u00e1ll\u00edt\u00e1ssal egyetlen felt\u00f6lt\u00e9ssel ak\u00e1r 214 m\u00e9rf\u00f6ldet (kb. 344 km-t) lehet megtenni, a 0\u2013100 km\/h-s gyorsul\u00e1s pedig 9,6 m\u00e1sodpercet vesz ig\u00e9nybe \u2013 ami nem kiemelked\u0151, de a kateg\u00f3ri\u00e1n bel\u00fcl elfogadhat\u00f3.<\/p>\n<p>Az alapfelszerelts\u00e9g r\u00e9sze lesz a 18 colos k\u00f6nny\u0171f\u00e9m felni, egy 10,1 h\u00fcvelykes \u00e9rint\u0151k\u00e9perny\u0151, vezet\u00e9k n\u00e9lk\u00fcli Apple CarPlay \u00e9s Android Auto t\u00e1mogat\u00e1s, egy 10,25 h\u00fcvelykes digit\u00e1lis m\u0171szeregys\u00e9g, eltolhat\u00f3 h\u00e1ts\u00f3 \u00fcl\u00e9spad, energiatakar\u00e9kos h\u0151szivatty\u00fas f\u0171t\u00e9si rendszer, tolat\u00f3kamera, valamint sz\u00e1mos vezet\u00e9st\u00e1mogat\u00f3 rendszer. Ezek k\u00f6z\u00f6tt megtal\u00e1ljuk p\u00e9ld\u00e1ul a holtt\u00e9rfigyel\u0151t, az adapt\u00edv sebess\u00e9gtart\u00f3 automatik\u00e1t \u00e9s a k\u00f6zleked\u00e9si t\u00e1bla-felismer\u00e9st is.<\/p>\n<p>Mindez alapj\u00e1n elmondhat\u00f3, hogy b\u00e1r az Urban Cruiser specifik\u00e1ci\u00f3ja pap\u00edron korrektnek t\u0171nik, az \u00e1r-\u00e9rt\u00e9k ar\u00e1nya, valamint a konkurencia \u00e1rk\u00e9pz\u00e9se k\u00f6nnyen h\u00e1tt\u00e9rbe szor\u00edthatja, ha a Toyota nem tud valami k\u00fcl\u00f6nlegeset felmutatni. A v\u00e1s\u00e1rl\u00f3k ma m\u00e1r nemcsak technik\u00e1t, hanem karaktert, diz\u00e1jnt \u00e9s szem\u00e9lyis\u00e9get is keresnek \u2013 \u00e9s az Urban Cruisernek ezeken a ter\u00fcleteken egyel\u0151re van mit p\u00f3tolnia.<\/p>\n","protected":false},"excerpt":{"rendered":"<p>70 \u00e9ves kor\u00e1ban elhunyt G\u00e1lv\u00f6lgyi Istv\u00e1n. T\u00f6bbek k\u00f6z\u00f6tt a Hatvan, a P\u00e9cs \u00e9s a Sz\u00e1zhalombatta egy\u00fctteseit is ir\u00e1nyt\u00f3 szakembert hosszan&#8230; <span class=\"gridview-grid-post-read-more\"><a href=\"https:\/\/matrend.hu\/nekedinfo\/meghalt-galvolgyi\/\">read more<span class=\"gridview-sr-only\"> Meghalt G\u00e1lv\u00f6lgyi!<\/span><\/a><\/span><\/p>\n","protected":false},"author":1,"featured_media":2826,"comment_status":"open","ping_status":"open","sticky":false,"template":"","format":"standard","meta":{"footnotes":""},"categories":[1],"tags":[],"class_list":["post-2825","post","type-post","status-publish","format-standard","has-post-thumbnail","hentry","category-egyeb","wpcat-1-id"],"_links":{"self":[{"href":"https:\/\/matrend.hu\/nekedinfo\/wp-json\/wp\/v2\/posts\/2825","targetHints":{"allow":["GET"]}}],"collection":[{"href":"https:\/\/matrend.hu\/nekedinfo\/wp-json\/wp\/v2\/posts"}],"about":[{"href":"https:\/\/matrend.hu\/nekedinfo\/wp-json\/wp\/v2\/types\/post"}],"author":[{"embeddable":true,"href":"https:\/\/matrend.hu\/nekedinfo\/wp-json\/wp\/v2\/users\/1"}],"replies":[{"embeddable":true,"href":"https:\/\/matrend.hu\/nekedinfo\/wp-json\/wp\/v2\/comments?post=2825"}],"version-history":[{"count":1,"href":"https:\/\/matrend.hu\/nekedinfo\/wp-json\/wp\/v2\/posts\/2825\/revisions"}],"predecessor-version":[{"id":2827,"href":"https:\/\/matrend.hu\/nekedinfo\/wp-json\/wp\/v2\/posts\/2825\/revisions\/2827"}],"wp:featuredmedia":[{"embeddable":true,"href":"https:\/\/matrend.hu\/nekedinfo\/wp-json\/wp\/v2\/media\/2826"}],"wp:attachment":[{"href":"https:\/\/matrend.hu\/nekedinfo\/wp-json\/wp\/v2\/media?parent=2825"}],"wp:term":[{"taxonomy":"category","embeddable":true,"href":"https:\/\/matrend.hu\/nekedinfo\/wp-json\/wp\/v2\/categories?post=2825"},{"taxonomy":"post_tag","embeddable":true,"href":"https:\/\/matrend.hu\/nekedinfo\/wp-json\/wp\/v2\/tags?post=2825"}],"curies":[{"name":"wp","href":"https:\/\/api.w.org\/{rel}","templated":true}]}}