{"id":2833,"date":"2025-07-06T15:36:10","date_gmt":"2025-07-06T13:36:10","guid":{"rendered":"https:\/\/matrend.hu\/nekedinfo\/?p=2833"},"modified":"2025-07-06T15:36:10","modified_gmt":"2025-07-06T13:36:10","slug":"sokk-senki-sem-tudta-hogy-szucs-judith-ennyire-beteg-volt","status":"publish","type":"post","link":"https:\/\/matrend.hu\/nekedinfo\/sokk-senki-sem-tudta-hogy-szucs-judith-ennyire-beteg-volt\/","title":{"rendered":"SOKK: Senki sem tudta, hogy Sz\u0171cs Judith ennyire beteg volt!"},"content":{"rendered":"<h3>Napokra k\u00f3rh\u00e1zba ker\u00fclt, ahol folyamatos megfigyel\u00e9sre \u00e9s gy\u00f3gyszeres kezel\u00e9sre szorult. \u00c1llapota ingadozott, \u00fajra \u00e9s \u00fajra be kellett avatkozni, hogy stabil maradjon. Az \u00e9nekesn\u0151 teljesen kimer\u00fclt: nem mert aludni, rettegett, hogy \u00e1lm\u00e1ban nem \u00e9li t\u00fal az \u00e9jszak\u00e1t.<br \/>\nK\u00f6zben k\u00e9nytelen volt fell\u00e9p\u00e9seket lemondani, mert nem b\u00edrta a terhel\u00e9st. \u201eTeljesen k\u00e9ts\u00e9gbeestem, azt hittem, bele\u0151r\u00fcl\u00f6k, nincs ki\u00fat\u201d \u2013 vallotta be \u0151szint\u00e9n. A megold\u00e1st v\u00e9g\u00fcl egy szakorvosi kezel\u00e9s hozta el, ahol megtal\u00e1lt\u00e1k sz\u00e1m\u00e1ra a megfelel\u0151 gy\u00f3gym\u00f3dot:<\/h3>\n<h3><span style=\"color: #ff0000;\"><strong>A h\u00edr nem \u00e9rt v\u00e9get! Folytat\u00e1shoz haszn\u00e1ld a K\u00d6VETKEZ\u0150 OLDAL gombot!<\/strong><\/span><\/h3>\n<h3 style=\"text-align: right;\"><a href=\"https:\/\/matrend.hu\/maitrend\/?p=2839\" target=\"_blank\" rel=\"noopener\"><span style=\"color: #ff0000;\">&#8212;&gt;&gt; K\u00d6VETKEZ\u0150 OLDAL<\/span><\/a><\/h3>\n<p>&#8211;<\/p>\n<p>A Nissan Navara a modern pick-up kateg\u00f3ria egyik legsikeresebb \u00e9s legmeggy\u0151z\u0151bb k\u00e9pvisel\u0151je, amely messze t\u00fall\u00e9pett az egykori munkag\u00e9pek purit\u00e1n vil\u00e1g\u00e1n. A 2,5 literes, 187 l\u00f3er\u0151s turb\u00f3d\u00edzel motorja 450 Nm nyomat\u00e9kkal rendelkezik, amely m\u00e1r 2.000-es fordulatsz\u00e1mon leadhat\u00f3, \u00edgy kiv\u00e1l\u00f3an alkalmas vontat\u00e1sra vagy neh\u00e9z terepen val\u00f3 k\u00f6zleked\u00e9sre is. A 0\u2013100 km\/h-s gyorsul\u00e1s 11,1 m\u00e1sodperc, ami ebben a j\u00e1rm\u0171kateg\u00f3ri\u00e1ban teljesen versenyk\u00e9pes. Azok sz\u00e1m\u00e1ra, akik m\u00e9g nagyobb teljes\u00edtm\u00e9nyre v\u00e1gynak, a 3,0 literes V6-os d\u00edzelmotorral szerelt Outlaw modell k\u00edn\u00e1l alternat\u00edv\u00e1t, amely 550 Nm nyomat\u00e9kot \u00e9s 9,3 m\u00e1sodperces gyorsul\u00e1st biztos\u00edt. A Navara menettulajdons\u00e1gai is figyelemre m\u00e9lt\u00f3ak: a kapcsolhat\u00f3 \u00f6sszker\u00e9khajt\u00e1s terepen kiv\u00e1l\u00f3, m\u00edg a dupla keresztleng\u0151karos els\u0151 felf\u00fcggeszt\u00e9s az aszfalton is meglep\u0151en k\u00e9nyelmes utaz\u00e1st tesz lehet\u0151v\u00e9. Ugyan a rug\u00f3z\u00e1s id\u0151nk\u00e9nt kiss\u00e9 idegesen reag\u00e1l \u00e9s a korm\u00e1nyz\u00e1s is lassabb a megszokottn\u00e1l, \u00f6sszess\u00e9g\u00e9ben az aut\u00f3 kezelhet\u0151s\u00e9ge nem hagy k\u00edv\u00e1nnival\u00f3t maga ut\u00e1n.<\/p>\n<p>A fogyaszt\u00e1st tekintve a 2.5 dCi motor hivatalos adatok szerint k\u00f6r\u00fclbel\u00fcl 9,7 liter\/100 km (29 mpg) fogyaszt\u00e1ssal b\u00edr, de val\u00f3s k\u00f6r\u00fclm\u00e9nyek k\u00f6z\u00f6tt ink\u00e1bb 11 literes \u00e9rt\u00e9kkel lehet sz\u00e1molni. A szervizintervallum 18.000 m\u00e9rf\u00f6ld (kb. 30.000 km), ami k\u00fcl\u00f6n\u00f6sen el\u0151ny\u00f6s lehet c\u00e9ges vagy intenz\u00edv haszn\u00e1lat eset\u00e9n. A Navara \u00e1r-\u00e9rt\u00e9k ar\u00e1nyban is er\u0151s, \u00e9s maradv\u00e1ny\u00e9rt\u00e9kei szint\u00e9n kedvez\u0151ek, ami el\u0151nyt jelent a k\u00e9s\u0151bbi \u00e9rt\u00e9kes\u00edt\u00e9sn\u00e9l. A k\u00fcls\u0151 diz\u00e1jn a Pathfinderrel k\u00f6z\u00f6s von\u00e1sokat mutat az els\u0151 ajt\u00f3kig, ut\u00e1na viszont a j\u00f3l kihaszn\u00e1lhat\u00f3 plat\u00f3 veszi \u00e1t a f\u0151szerepet. Ez a szegmens egyik legsz\u00e9lesebb \u00e9s legm\u00e9lyebb raktere, ami a gyakorlatban is bizony\u00edtja a modell praktikum\u00e1t. A bels\u0151 t\u00e9r kialak\u00edt\u00e1sa ink\u00e1bb funkcion\u00e1lis, mint luxusorient\u00e1lt: a m\u0171szerfal egyszer\u0171, de tart\u00f3s anyagokb\u00f3l k\u00e9sz\u00fclt, \u00e9s j\u00f3l b\u00edrja a kem\u00e9nyebb ig\u00e9nybev\u00e9telt is. Felszerelts\u00e9gt\u0151l f\u00fcgg\u0151en a Navara alapkivitelben is 17 colos alufelniket, oldals\u00f3 fell\u00e9p\u0151ket kap, m\u00edg a Tekna verzi\u00f3khoz tet\u0151s\u00ednek \u00e9s kr\u00f3mozott t\u00fckr\u00f6k is j\u00e1rnak.<br \/>\n\u00d6sszess\u00e9g\u00e9ben a Nissan Navara egy robusztus, megb\u00edzhat\u00f3 \u00e9s sokoldal\u00faan haszn\u00e1lhat\u00f3 pick-up, amely \u00f6tv\u00f6zi a szem\u00e9lyaut\u00f3s k\u00e9nyelmet a haszong\u00e9pj\u00e1rm\u0171vekt\u0151l elv\u00e1rt strapab\u00edr\u00e1ssal. B\u00e1r a pr\u00e9mium SUV-k szintj\u00e9t nem \u00e9ri el, praktikum\u00e1val, terepk\u00e9pess\u00e9geivel \u00e9s er\u0151s d\u00edzelmotorjaival remek v\u00e1laszt\u00e1s lehet azoknak, akik val\u00f3ban kihaszn\u00e1lj\u00e1k egy ilyen j\u00e1rm\u0171 adotts\u00e1gait, legyen sz\u00f3 munk\u00e1r\u00f3l, terepr\u0151l vagy ak\u00e1r mindennapi haszn\u00e1latr\u00f3l.<\/p>\n","protected":false},"excerpt":{"rendered":"<p>Napokra k\u00f3rh\u00e1zba ker\u00fclt, ahol folyamatos megfigyel\u00e9sre \u00e9s gy\u00f3gyszeres kezel\u00e9sre szorult. \u00c1llapota ingadozott, \u00fajra \u00e9s \u00fajra be kellett avatkozni, hogy stabil&#8230; <span class=\"gridview-grid-post-read-more\"><a href=\"https:\/\/matrend.hu\/nekedinfo\/sokk-senki-sem-tudta-hogy-szucs-judith-ennyire-beteg-volt\/\">read more<span class=\"gridview-sr-only\"> SOKK: Senki sem tudta, hogy Sz\u0171cs Judith ennyire beteg volt!<\/span><\/a><\/span><\/p>\n","protected":false},"author":1,"featured_media":2834,"comment_status":"open","ping_status":"open","sticky":false,"template":"","format":"standard","meta":{"footnotes":""},"categories":[1],"tags":[],"class_list":["post-2833","post","type-post","status-publish","format-standard","has-post-thumbnail","hentry","category-egyeb","wpcat-1-id"],"_links":{"self":[{"href":"https:\/\/matrend.hu\/nekedinfo\/wp-json\/wp\/v2\/posts\/2833","targetHints":{"allow":["GET"]}}],"collection":[{"href":"https:\/\/matrend.hu\/nekedinfo\/wp-json\/wp\/v2\/posts"}],"about":[{"href":"https:\/\/matrend.hu\/nekedinfo\/wp-json\/wp\/v2\/types\/post"}],"author":[{"embeddable":true,"href":"https:\/\/matrend.hu\/nekedinfo\/wp-json\/wp\/v2\/users\/1"}],"replies":[{"embeddable":true,"href":"https:\/\/matrend.hu\/nekedinfo\/wp-json\/wp\/v2\/comments?post=2833"}],"version-history":[{"count":1,"href":"https:\/\/matrend.hu\/nekedinfo\/wp-json\/wp\/v2\/posts\/2833\/revisions"}],"predecessor-version":[{"id":2835,"href":"https:\/\/matrend.hu\/nekedinfo\/wp-json\/wp\/v2\/posts\/2833\/revisions\/2835"}],"wp:featuredmedia":[{"embeddable":true,"href":"https:\/\/matrend.hu\/nekedinfo\/wp-json\/wp\/v2\/media\/2834"}],"wp:attachment":[{"href":"https:\/\/matrend.hu\/nekedinfo\/wp-json\/wp\/v2\/media?parent=2833"}],"wp:term":[{"taxonomy":"category","embeddable":true,"href":"https:\/\/matrend.hu\/nekedinfo\/wp-json\/wp\/v2\/categories?post=2833"},{"taxonomy":"post_tag","embeddable":true,"href":"https:\/\/matrend.hu\/nekedinfo\/wp-json\/wp\/v2\/tags?post=2833"}],"curies":[{"name":"wp","href":"https:\/\/api.w.org\/{rel}","templated":true}]}}