{"id":2836,"date":"2025-07-06T16:27:02","date_gmt":"2025-07-06T14:27:02","guid":{"rendered":"https:\/\/matrend.hu\/nekedinfo\/?p=2836"},"modified":"2025-07-06T16:27:02","modified_gmt":"2025-07-06T14:27:02","slug":"megtalaltak-a-telefont-ami-felvette-a-medvetamadast","status":"publish","type":"post","link":"https:\/\/matrend.hu\/nekedinfo\/megtalaltak-a-telefont-ami-felvette-a-medvetamadast\/","title":{"rendered":"Megtal\u00e1lt\u00e1k a telefont, ami felvette a medvet\u00e1mad\u00e1st!"},"content":{"rendered":"<h3>Az \u00e1ldozat kor\u00e1bban m\u00e1r megosztott hasonl\u00f3 felv\u00e9teleket \u00e9s f\u00e9nyk\u00e9peket az \u00e1llatokkal val\u00f3 tal\u00e1lkoz\u00e1sair\u00f3l, s\u0151t, felmer\u00fclt, hogy m\u00e9g t\u00e1pl\u00e1lta is a medv\u00e9t. Mindezt egy idealiz\u00e1lt, romantikus hangnemben, mintha a vesz\u00e9ly nem is l\u00e9tezne. Az omin\u00f3zus napon Omar kifejezetten k\u00f6zel mer\u00e9szkedett a csal\u00e1dj\u00e1hoz ragaszkod\u00f3 anyamedv\u00e9hez \u00e9s k\u00f6lykeihez. A vide\u00f3n hallhat\u00f3 szavak: \u201eItt a medve, milyen sz\u00e9p\u201d \u2013 egy pillanatig m\u00e9g b\u00e9k\u00e9s idillt sugalltak, \u00e1m hirtelen az \u00e1llat t\u00e1mad\u00f3lag l\u00e9pett fel, \u00e9s a f\u00e9rfit a m\u00e9lys\u00e9gbe tasz\u00edtotta, mintegy 60 m\u00e9teren kereszt\u00fcl.<br \/>\nA VIDE\u00d3 A K\u00d6VETKET\u0150 OLDALON TAL\u00c1LHAT\u00d3:<\/h3>\n<h3><span style=\"color: #ff0000;\"><strong>A h\u00edr nem \u00e9rt v\u00e9get! Folytat\u00e1shoz haszn\u00e1ld a K\u00d6VETKEZ\u0150 OLDAL gombot!<\/strong><\/span><\/h3>\n<h3 style=\"text-align: right;\"><a href=\"https:\/\/matrend.hu\/maitrend\/?p=2842\" target=\"_blank\" rel=\"noopener\"><span style=\"color: #ff0000;\">&#8212;&gt;&gt; K\u00d6VETKEZ\u0150 OLDAL<\/span><\/a><\/h3>\n<p>&#8211;<\/p>\n<p>Annak ellen\u00e9re, hogy az ST far\u00e1nak meghosszabb\u00edt\u00e1s\u00e1val 270 mm-rel hosszabb lett, \u00e9s 45 kg-mal nehezebb, az aut\u00f3 semmit sem vesz\u00edt dinamik\u00e1j\u00e1b\u00f3l \u00e9s kanyarkezel\u00e9si \u00e9lm\u00e9ny\u00e9b\u0151l. Ha egy kanyarba t\u00fal nagy sebess\u00e9ggel v\u00e1gsz be, a differenci\u00e1lm\u0171 k\u00e9pes \u00e1tterelni a nyomat\u00e9kot az els\u0151 tengelyre, hogy maximaliz\u00e1lja a tapad\u00e1st. Az alapfelszerelts\u00e9g\u0171 hatsebess\u00e9ges k\u00e9zi v\u00e1lt\u00f3 k\u00f6nnyed\u00e9n \u00e9s pontosan m\u0171k\u00f6dik, de 1,355 font fel\u00e1r\u00e9rt el\u00e9rhet\u0151 a gyors kapcsol\u00e1s\u00fa DSG automata v\u00e1lt\u00f3 is. Az automata v\u00e1lt\u00f3 emellett ind\u00edt\u00e1si vez\u00e9rl\u00e9ssel is rendelkezik, amivel az ST Cupra 0-r\u00f3l 62 m\u00e9rf\u00f6ld\/\u00f3r\u00e1ra (100 km\/\u00f3ra) 6 m\u00e1sodperc alatt gyorsul, \u00e9s 155 m\u00e9rf\u00f6ld\/\u00f3ra (250 km\/\u00f3ra) v\u00e9gsebess\u00e9get \u00e9r el. Az adapt\u00edv leng\u00e9scsillap\u00edt\u00f3k sz\u00e9les sk\u00e1l\u00e1n mozgatj\u00e1k az aut\u00f3 k\u00e9pess\u00e9geit: a k\u00e9nyelmes m\u00f3d sim\u00e1bb halad\u00e1st biztos\u00edt, m\u00edg a Cupra m\u00f3d kem\u00e9nyebb\u00e9 teszi a fut\u00f3m\u0171vet, amikor kezded t\u00e1madni a kanyarokat. A korm\u00e1nyz\u00e1s kiss\u00e9 k\u00f6nny\u0171, de pontos, \u00e9s a Cupra vezet\u00e9si m\u00f3dban mesters\u00e9ges s\u00falyt is hozz\u00e1 lehet adni a korm\u00e1nym\u0171h\u00f6z. A teljes\u00edtm\u00e9nyhez k\u00e9pest a fogyaszt\u00e1s sem rossz: a hatsebess\u00e9ges DSG-s modell kicsivel takar\u00e9kosabb, 42,8 mpg-t produk\u00e1lva a k\u00e9zi v\u00e1lt\u00f3s 42,2 mpg-vel szemben. Ennek eredm\u00e9nyek\u00e9nt a CO2-kibocs\u00e1t\u00e1s is az automata jav\u00e1ra billen, 154 g\/km, m\u00edg a k\u00e9zi v\u00e1lt\u00f3s 157 g\/km, de mindkett\u0151 ugyanabba az ad\u00f3s\u00e1vba tartozik, ami \u00e9vi 180 fontba ker\u00fcl. A SEAT legk\u00f6zelebbi riv\u00e1lisa, a Focus ST Estate, nem olyan takar\u00e9kos, 41,5 mpg-t tud, de a Ford k\u00edn\u00e1l d\u00edzel alternat\u00edv\u00e1t is, amely 67,3 mpg-t \u00e9s csak 110 g\/km CO2-t produk\u00e1l, b\u00e1r ez a modell nem olyan er\u0151s \u00e9s kev\u00e9sb\u00e9 sz\u00f3rakoztat\u00f3 vezetni. Az ST egy cs\u00facskateg\u00f3ri\u00e1s Cupra modellk\u00e9nt minden olyan extr\u00e1val \u00e9rkezik, ami megk\u00fcl\u00f6nb\u00f6zteti a Leon t\u00f6bbi v\u00e1ltozat\u00e1t\u00f3l. 10 mm-rel alacsonyabb az am\u00fagy is sportos FR modelln\u00e9l, \u00e9s 25 mm-rel alacsonyabb az alap SE v\u00e1ltozatn\u00e1l.<\/p>\n<p>Alapfelszerel\u00e9sk\u00e9nt hatalmas, 19 colos k\u00f6nny\u0171f\u00e9m felnik j\u00e1rnak, m\u00edg egy visszafogott karossz\u00e9ria-k\u00e9szlet \u00e9s hatalmas l\u00e9gbe\u00f6ml\u0151k utalnak a teljes\u00edtm\u00e9nyre. H\u00e1tul duplak\u00f6r alak\u00fa kipufog\u00f3k b\u00fajnak meg a h\u00e1ts\u00f3 diff\u00fazor alatt, \u00e9s egy diszkr\u00e9t tet\u0151spoiler is helyet kapott. Ha a lehet\u0151 legjobb csal\u00e1di kombit szeretn\u00e9d, rendelheted a SEAT Sub8 Performance csomagot is, amely nagyobb f\u00e9keket, egyedi k\u00f6nny\u0171f\u00e9m kerekeket \u00e9s exkluz\u00edv k\u00fcls\u0151 d\u00edsz\u00edt\u00e9seket k\u00edn\u00e1l t\u00f6bb sz\u00ednben. Bel\u00fcl a lapos alj\u00fa Cupra korm\u00e1nyker\u00e9k \u00e9s a Cupra log\u00f3k jelzik, hogy ez a modell a cs\u00facs, de egy\u00e9bk\u00e9nt a belt\u00e9r megegyezik a j\u00f3l meg\u00e9p\u00edtett, massz\u00edv kialak\u00edt\u00e1ssal, amit a t\u00f6bbi Leonban is tal\u00e1lsz. Kritikak\u00e9nt megeml\u00edthet\u0151, hogy az egyik legdr\u00e1g\u00e1bb SEAT modellk\u00e9nt t\u00f6bb egyedi megold\u00e1st v\u00e1rn\u00e1nk, de a b\u0151s\u00e9ges alapfelszerelts\u00e9g ezt ellens\u00falyozza. Nem meglep\u0151 m\u00f3don az \u00faj ST Cupra legnagyobb er\u0151ss\u00e9ge a sokoldal\u00fas\u00e1ga: az ST verzi\u00f3 csomagtart\u00f3ja 55 sz\u00e1zal\u00e9kkal nagyobb, 587 liter, szemben a h\u00e1rom- vagy \u00f6tajt\u00f3s hatchback\u00e9vel. Ha led\u00f6nt\u00f6d az \u00fcl\u00e9seket, ez 1470 literre n\u00f6velhet\u0151. B\u00e1r ez nem olyan t\u00e1gas, mint a Skoda Octavia vRS kombija, a SEAT praktikus, k\u00e9t szint\u0171 csomagtart\u00f3padl\u00f3t k\u00edn\u00e1l. Az ST 270 mm-rel hosszabb a hatchbackn\u00e9l, de a tengelyt\u00e1v megegyezik, \u00edgy a belt\u00e9r ugyanolyan t\u00e1gas marad. A kiss\u00e9 lejt\u0151s tet\u0151vonal miatt magasabb feln\u0151ttek sz\u00e1m\u00e1ra a bejut\u00e1s kiss\u00e9 neh\u00e9zkes lehet, de legt\u00f6bben gond n\u00e9lk\u00fcl elf\u00e9rnek benne. A Cupra teljes\u00edtm\u00e9nyfokozata ellen\u00e9re a fut\u00f3m\u0171 \u00e9s a m\u0171szaki megold\u00e1sok megegyeznek a t\u00f6bbi modellel, \u00edgy az Euro NCAP \u00f6tcsillagos biztons\u00e1gi besorol\u00e1sa is megmarad. A teljes\u00edtm\u00e9nyn\u00f6veked\u00e9s kezel\u00e9s\u00e9hez a ST Cupra alapfelszerelts\u00e9gek\u00e9nt j\u00e1rnak a teljes LED-es f\u00e9nysz\u00f3r\u00f3k, az els\u0151 differenci\u00e1lz\u00e1r \u00e9s a meger\u0151s\u00edtett f\u00e9kek. M\u00edg a Leon biztons\u00e1gi eredm\u00e9nyei j\u00f3k, a SEAT m\u00e1rkakeresked\u00e9sek \u00fcgyf\u00e9lszolg\u00e1lata kev\u00e9sb\u00e9 meggy\u0151z\u0151. 2014-ben a SEAT a m\u00e1sodik egym\u00e1st k\u00f6vet\u0151 \u00e9vben az Auto Express Driver Power \u00fcgyf\u00e9lel\u00e9gedetts\u00e9gi felm\u00e9r\u00e9sben az utols\u00f3 helyen v\u00e9gzett, ahol a vev\u0151k els\u0151sorban a m\u00e1rka \u00fcgyf\u00e9lszolg\u00e1lat\u00e1t kritiz\u00e1lt\u00e1k.<\/p>\n","protected":false},"excerpt":{"rendered":"<p>Az \u00e1ldozat kor\u00e1bban m\u00e1r megosztott hasonl\u00f3 felv\u00e9teleket \u00e9s f\u00e9nyk\u00e9peket az \u00e1llatokkal val\u00f3 tal\u00e1lkoz\u00e1sair\u00f3l, s\u0151t, felmer\u00fclt, hogy m\u00e9g t\u00e1pl\u00e1lta is a&#8230; <span class=\"gridview-grid-post-read-more\"><a href=\"https:\/\/matrend.hu\/nekedinfo\/megtalaltak-a-telefont-ami-felvette-a-medvetamadast\/\">read more<span class=\"gridview-sr-only\"> Megtal\u00e1lt\u00e1k a telefont, ami felvette a medvet\u00e1mad\u00e1st!<\/span><\/a><\/span><\/p>\n","protected":false},"author":1,"featured_media":2837,"comment_status":"open","ping_status":"open","sticky":false,"template":"","format":"standard","meta":{"footnotes":""},"categories":[1],"tags":[],"class_list":["post-2836","post","type-post","status-publish","format-standard","has-post-thumbnail","hentry","category-egyeb","wpcat-1-id"],"_links":{"self":[{"href":"https:\/\/matrend.hu\/nekedinfo\/wp-json\/wp\/v2\/posts\/2836","targetHints":{"allow":["GET"]}}],"collection":[{"href":"https:\/\/matrend.hu\/nekedinfo\/wp-json\/wp\/v2\/posts"}],"about":[{"href":"https:\/\/matrend.hu\/nekedinfo\/wp-json\/wp\/v2\/types\/post"}],"author":[{"embeddable":true,"href":"https:\/\/matrend.hu\/nekedinfo\/wp-json\/wp\/v2\/users\/1"}],"replies":[{"embeddable":true,"href":"https:\/\/matrend.hu\/nekedinfo\/wp-json\/wp\/v2\/comments?post=2836"}],"version-history":[{"count":1,"href":"https:\/\/matrend.hu\/nekedinfo\/wp-json\/wp\/v2\/posts\/2836\/revisions"}],"predecessor-version":[{"id":2838,"href":"https:\/\/matrend.hu\/nekedinfo\/wp-json\/wp\/v2\/posts\/2836\/revisions\/2838"}],"wp:featuredmedia":[{"embeddable":true,"href":"https:\/\/matrend.hu\/nekedinfo\/wp-json\/wp\/v2\/media\/2837"}],"wp:attachment":[{"href":"https:\/\/matrend.hu\/nekedinfo\/wp-json\/wp\/v2\/media?parent=2836"}],"wp:term":[{"taxonomy":"category","embeddable":true,"href":"https:\/\/matrend.hu\/nekedinfo\/wp-json\/wp\/v2\/categories?post=2836"},{"taxonomy":"post_tag","embeddable":true,"href":"https:\/\/matrend.hu\/nekedinfo\/wp-json\/wp\/v2\/tags?post=2836"}],"curies":[{"name":"wp","href":"https:\/\/api.w.org\/{rel}","templated":true}]}}