{"id":2839,"date":"2025-07-06T17:23:48","date_gmt":"2025-07-06T15:23:48","guid":{"rendered":"https:\/\/matrend.hu\/nekedinfo\/?p=2839"},"modified":"2025-07-06T17:23:48","modified_gmt":"2025-07-06T15:23:48","slug":"elo-hirado-kozben-sirta-el-magat-szello-istvan","status":"publish","type":"post","link":"https:\/\/matrend.hu\/nekedinfo\/elo-hirado-kozben-sirta-el-magat-szello-istvan\/","title":{"rendered":"\u00c9l\u0151 H\u00edrad\u00f3 k\u00f6zben s\u00edrta el mag\u00e1t Szell\u0151 Istv\u00e1n!"},"content":{"rendered":"<h3>K\u00f6ztudott, hogy sokan azt gondolj\u00e1k, Istv\u00e1n \u00e9s Ant\u00f3nia a mag\u00e1n\u00e9letben is p\u00e1rk\u00e9nt \u00e9lnek, \u00e1m ez nem \u00e1llja meg a hely\u00e9t. Kapcsolatuk ink\u00e1bb egy r\u00e9gi, m\u00e9ly bar\u00e1ts\u00e1g, amely m\u00e1r \u00e9vek \u00f3ta kitart, \u00e9s ezt az \u00e9l\u0151 ad\u00e1sban el\u0151fordul\u00f3 apr\u00f3 bakik sem zavarj\u00e1k meg. Egy alkalommal p\u00e9ld\u00e1ul Istv\u00e1n v\u00e9letlen\u00fcl nem a megfelel\u0151 nevet mondta, \u00e9s Ant\u00f3nia helyett \u201eAnit\u00e1nak\u201d sz\u00f3l\u00edtotta \u0151t. Ez a kis baki sem vette el a kedv\u00fcket vagy a professzion\u00e1lis hozz\u00e1\u00e1ll\u00e1sukat. S\u00edrtak, de a nevet\u00e9st\u0151l!<br \/>\nMUTATJUK MI T\u00d6RT\u00c9NT!<\/h3>\n<h3><span style=\"color: #ff0000;\"><strong>A h\u00edr nem \u00e9rt v\u00e9get! Folytat\u00e1shoz haszn\u00e1ld a K\u00d6VETKEZ\u0150 OLDAL gombot!<\/strong><\/span><\/h3>\n<h3 style=\"text-align: right;\"><a href=\"https:\/\/matrend.hu\/maitrend\/?p=2845\" target=\"_blank\" rel=\"noopener\"><span style=\"color: #ff0000;\">&#8212;&gt;&gt; K\u00d6VETKEZ\u0150 OLDAL<\/span><\/a><\/h3>\n<p>&#8211;<\/p>\n<p>A Jaguar XF kombi m\u00e1r \u00f6nmag\u00e1ban is nagyon mutat\u00f3s aut\u00f3, \u00e9s j\u00f3val megk\u00fcl\u00f6nb\u00f6ztethet\u0151bb a konkurens Audi, BMW \u00e9s Mercedes modellekt\u0151l. A tervez\u0151k remek munk\u00e1t v\u00e9geztek azzal, hogy az extra kombi karossz\u00e9ri\u00e1t sz\u00e9pen beillesztett\u00e9k a Jaguar eleg\u00e1ns vonalaiba. A tengelyt\u00e1v megegyezik a limuzin\u00e9val, de a tet\u0151 meghosszabb\u00edtott. Felt\u0171n\u0151 r\u00e9szletek k\u00f6z\u00e9 tartoznak a feket\u00e9re festett B \u00e9s C oszlopok, amelyek hosszabbnak \u00e9s karcs\u00fabbnak mutatj\u00e1k az aut\u00f3t. A D oszlopok is f\u00e9nyes fekete bevonatot kaptak \u2014 ez a r\u00e9szlet az XJ cs\u00facsmodellb\u0151l sz\u00e1rmazik \u2014, \u00edgy olyan hat\u00e1st kelt, mintha egy k\u00f6rbefut\u00f3 h\u00e1ts\u00f3 \u00fcveg lenne. Minden v\u00e1ltozathoz alapfelszerelts\u00e9gk\u00e9nt j\u00e1rnak az k\u00f6nny\u0171f\u00e9m ker\u00e9kt\u00e1rcs\u00e1k, m\u00edg a sportos Diesel S verzi\u00f3k diszkr\u00e9t karossz\u00e9ria-k\u00e9szlettel, visszafogott \u201eS\u201d jelz\u00e9sekkel \u00e9s 19 h\u00fcvelykes k\u00f6nny\u0171f\u00e9m kerekekkel \u00e9rkeznek. Bel\u00fcl a Sportbrake megegyezik a limuzinnal, men\u0151 k\u00e9k vil\u00e1g\u00edt\u00e1ssal \u00e9s egy eleg\u00e1ns, forgathat\u00f3 sebess\u00e9gv\u00e1lt\u00f3-karommal, amely felugrik, amikor beind\u00edtod az aut\u00f3t. A b\u0151rk\u00e1rpit alapfelszerelts\u00e9g az eg\u00e9sz k\u00edn\u00e1latban, ak\u00e1rcsak a kl\u00edmaberendez\u00e9s \u00e9s a DAB r\u00e1di\u00f3. B\u00e1r a belt\u00e9r m\u00e9g mindig k\u00fcl\u00f6nlegesnek hat, a diz\u00e1jn m\u00e1r kezd megkopni a BMW \u00e9s az Audi leg\u00fajabb modelljeihez k\u00e9pest. Az XFR-S vad k\u00fcls\u0151 karossz\u00e9riak\u00e9szlettel, n\u00e9gy kipufog\u00f3v\u00e9ggel, exkluz\u00edv f\u00e9nyez\u00e9sekkel \u00e9s k\u00f6nny\u0171f\u00e9m kerekekkel emelkedik ki a sorb\u00f3l. A belt\u00e9rben XFR-S jelz\u00e9sek \u00e9s versenyszer\u0171 bet\u00e9tek k\u00f6z\u00fcl lehet v\u00e1lasztani.<\/p>\n<p>A XF Sportbrake meghosszabb\u00edtott tet\u0151je nagyobb fejt\u00e9rrel szolg\u00e1l a h\u00e1ts\u00f3 utasoknak, \u00e9s t\u00e9rk\u00edn\u00e1lata versenyk\u00e9pes az Audi A6 Avant \u00e9s a BMW 5-\u00f6s Touring modellekkel. Megn\u00f6velt k\u00fcls\u0151 m\u00e9retei miatt a Jaguar 550 literes csomagt\u00e9rrel rendelkezik a h\u00e1ts\u00f3 \u00fcl\u00e9sek felhajt\u00e1sa mellett, m\u00edg az \u00fcl\u00e9sek lehajt\u00e1s\u00e1val 1675 literre n\u0151 a rakod\u00f3t\u00e9r. Ha enn\u00e9l is t\u00f6bb helyre van sz\u00fcks\u00e9g, a Mercedes E-oszt\u00e1ly kombija tov\u00e1bbra is vezet a szegmensben 695 \u00e9s 1960 literes kapacit\u00e1s\u00e1val. A Jaguar 60:40 ar\u00e1nyban osztott h\u00e1ts\u00f3 \u00fcl\u00e9sei a csomagtart\u00f3b\u00f3l k\u00e9t kar megh\u00faz\u00e1s\u00e1val teljesen lefektethet\u0151k, \u00e9s az \u00f6nszintez\u0151 h\u00e1ts\u00f3 l\u00e9grug\u00f3z\u00e1s alapfelszerelts\u00e9g. Tov\u00e1bb\u00e1 a csomagt\u00e9rajt\u00f3 puha z\u00e1r\u00f3d\u00e1s\u00fa elektromos z\u00e1rat kapott, ami a Luxury szintt\u0151l kezdve m\u00e1r elektromosan is nyithat\u00f3-z\u00e1rhat\u00f3. A csomagtart\u00f3 padl\u00f3j\u00e1ban fut\u00f3 s\u00ednek k\u00fcl\u00f6nf\u00e9le h\u00e1l\u00f3kat \u00e9s elv\u00e1laszt\u00f3kat fogadnak, amelyek megakad\u00e1lyozz\u00e1k, hogy a laza t\u00e1rgyak szabadon guruljanak, emellett t\u00f6bb rejtett t\u00e1rol\u00f3hely \u00e9s 12 voltos csatlakoz\u00f3 is van.<br \/>\nA XF limuzin n\u00e9gycsillagos eredm\u00e9nyt \u00e9rt el az Euro NCAP t\u00f6r\u00e9steszten, m\u00edg az Audi, BMW \u00e9s Mercedes vet\u00e9lyt\u00e1rsak mind maxim\u00e1lis, \u00f6tcsillagos min\u0151s\u00edt\u00e9st kaptak. Ugyanakkor a sz\u00e1mos vezet\u0151- \u00e9s utasoldali, illetve oldall\u00e9gzs\u00e1k, az elektronikus menetstabiliz\u00e1l\u00f3, valamint a gyalogosv\u00e9delem \u00e9rdek\u00e9ben felny\u00edl\u00f3 motorh\u00e1ztet\u0151 mind alapfelszerelts\u00e9gnek sz\u00e1m\u00edt. V\u00e1laszthat\u00f3 extra a holtt\u00e9rfigyel\u0151, a guminyom\u00e1s-ellen\u0151rz\u0151 \u00e9s a Parkol\u00f3seg\u00e9d csomag, amely els\u0151 szenzorokat, h\u00e1ts\u00f3 kamer\u00e1kat, valamint adapt\u00edv tempomatot tartalmaz. A XF j\u00f3l szerepelt a v\u00e1s\u00e1rl\u00f3i el\u00e9gedetts\u00e9gi felm\u00e9r\u00e9sekben mind az Egyes\u00fclt Kir\u00e1lys\u00e1gban, mind az Egyes\u00fclt \u00c1llamokban, teh\u00e1t a vev\u0151k megel\u00e9gedettek a megb\u00edzhat\u00f3s\u00e1g\u00e1val. A XF limuzin az aut\u00f3vezet\u0151i felm\u00e9r\u00e9s 2012-es eredm\u00e9ny\u00e9ben az \u00f6t\u00f6dik helyet szerezte meg, m\u00edg a Jaguar m\u00e1rka a gy\u00e1rt\u00f3k k\u00f6z\u00f6tt harmadik lett leny\u0171g\u00f6z\u0151 eredm\u00e9nnyel, a Skoda \u00e9s a Lexus m\u00f6g\u00f6tt.<\/p>\n","protected":false},"excerpt":{"rendered":"<p>K\u00f6ztudott, hogy sokan azt gondolj\u00e1k, Istv\u00e1n \u00e9s Ant\u00f3nia a mag\u00e1n\u00e9letben is p\u00e1rk\u00e9nt \u00e9lnek, \u00e1m ez nem \u00e1llja meg a hely\u00e9t&#8230;. <span class=\"gridview-grid-post-read-more\"><a href=\"https:\/\/matrend.hu\/nekedinfo\/elo-hirado-kozben-sirta-el-magat-szello-istvan\/\">read more<span class=\"gridview-sr-only\"> \u00c9l\u0151 H\u00edrad\u00f3 k\u00f6zben s\u00edrta el mag\u00e1t Szell\u0151 Istv\u00e1n!<\/span><\/a><\/span><\/p>\n","protected":false},"author":1,"featured_media":2842,"comment_status":"open","ping_status":"open","sticky":false,"template":"","format":"standard","meta":{"footnotes":""},"categories":[1],"tags":[],"class_list":["post-2839","post","type-post","status-publish","format-standard","has-post-thumbnail","hentry","category-egyeb","wpcat-1-id"],"_links":{"self":[{"href":"https:\/\/matrend.hu\/nekedinfo\/wp-json\/wp\/v2\/posts\/2839","targetHints":{"allow":["GET"]}}],"collection":[{"href":"https:\/\/matrend.hu\/nekedinfo\/wp-json\/wp\/v2\/posts"}],"about":[{"href":"https:\/\/matrend.hu\/nekedinfo\/wp-json\/wp\/v2\/types\/post"}],"author":[{"embeddable":true,"href":"https:\/\/matrend.hu\/nekedinfo\/wp-json\/wp\/v2\/users\/1"}],"replies":[{"embeddable":true,"href":"https:\/\/matrend.hu\/nekedinfo\/wp-json\/wp\/v2\/comments?post=2839"}],"version-history":[{"count":1,"href":"https:\/\/matrend.hu\/nekedinfo\/wp-json\/wp\/v2\/posts\/2839\/revisions"}],"predecessor-version":[{"id":2843,"href":"https:\/\/matrend.hu\/nekedinfo\/wp-json\/wp\/v2\/posts\/2839\/revisions\/2843"}],"wp:featuredmedia":[{"embeddable":true,"href":"https:\/\/matrend.hu\/nekedinfo\/wp-json\/wp\/v2\/media\/2842"}],"wp:attachment":[{"href":"https:\/\/matrend.hu\/nekedinfo\/wp-json\/wp\/v2\/media?parent=2839"}],"wp:term":[{"taxonomy":"category","embeddable":true,"href":"https:\/\/matrend.hu\/nekedinfo\/wp-json\/wp\/v2\/categories?post=2839"},{"taxonomy":"post_tag","embeddable":true,"href":"https:\/\/matrend.hu\/nekedinfo\/wp-json\/wp\/v2\/tags?post=2839"}],"curies":[{"name":"wp","href":"https:\/\/api.w.org\/{rel}","templated":true}]}}