{"id":2845,"date":"2025-07-07T18:02:09","date_gmt":"2025-07-07T16:02:09","guid":{"rendered":"https:\/\/matrend.hu\/nekedinfo\/?p=2845"},"modified":"2025-07-07T18:02:09","modified_gmt":"2025-07-07T16:02:09","slug":"balogh-edina-levagatta-a-hajat","status":"publish","type":"post","link":"https:\/\/matrend.hu\/nekedinfo\/balogh-edina-levagatta-a-hajat\/","title":{"rendered":"Balogh Edina lev\u00e1gatta a haj\u00e1t"},"content":{"rendered":"<h3>A legut\u00f3bbi Instagram-bejegyz\u00e9s\u00e9ben azonban valami eg\u00e9szen \u00fajat mutatott: b\u00facs\u00fat intett hossz\u00fa, k\u00f6z\u00e9ph\u00e1tig \u00e9r\u0151 tincseinek, \u00e9s egy r\u00f6videbb, ny\u00e1rias frizur\u00e1ra v\u00e1ltott. Az \u00faj megjelen\u00e9s azonnal elnyerte sok k\u00f6\/et\u0151i tetsz\u00e9s\u00e9t de sokaknak pedig nem tetszik, a hozz\u00e1sz\u00f3l\u00e1sok \u00f6z\u00f6nlenek a poszt alatt.<\/h3>\n<h3><span style=\"color: #ff0000;\"><strong>A h\u00edr nem \u00e9rt v\u00e9get! Folytat\u00e1shoz haszn\u00e1ld a K\u00d6VETKEZ\u0150 OLDAL gombot!<\/strong><\/span><\/h3>\n<h3 style=\"text-align: right;\"><a href=\"https:\/\/matrend.hu\/maitrend\/?p=2851\" target=\"_blank\" rel=\"noopener\"><span style=\"color: #ff0000;\">&#8212;&gt;&gt; K\u00d6VETKEZ\u0150 OLDAL<\/span><\/a><\/h3>\n<p>&#8211;<\/p>\n<p>A magas karossz\u00e9ria az SUV-k egyik legvonz\u00f3bb jellemz\u0151j\u00e9t biztos\u00edtja: azt a megemelt vezet\u00e9si poz\u00edci\u00f3t, amely sok v\u00e1s\u00e1rl\u00f3nak k\u00fcl\u00f6n\u00f6sen tetszik. Ez nem csup\u00e1n k\u00e9nyelmes, hanem biztons\u00e1g\u00e9rzetet is ad, hiszen a vezet\u0151 szinte \u201euralja\u201d az utat, k\u00f6nnyebben \u00e1tl\u00e1tja a forgalmat, \u00e9s jobban fel tudja m\u00e9rni a k\u00f6zleked\u00e9si helyzeteket. Az \u00e1ltal\u00e1nos kil\u00e1t\u00e1s az utast\u00e9rb\u0151l j\u00f3, k\u00fcl\u00f6n\u00f6sen el\u0151re \u00e9s oldalra, ami a magas \u00fcl\u00e9spoz\u00edci\u00f3nak \u00e9s a viszonylag v\u00e9kony A-oszlopoknak k\u00f6sz\u00f6nhet\u0151. H\u00e1trafel\u00e9 viszont n\u00e9mileg korl\u00e1tozott a l\u00e1t\u00f3t\u00e9r, amit a s\u00f6t\u00e9t\u00edtett h\u00e1ts\u00f3 ablakok \u00e9s a vaskos C-oszlopok okoznak. Ez azonban nem jelent komoly probl\u00e9m\u00e1t, mivel a tolat\u00f3kamera \u00e9s a h\u00e1ts\u00f3 parkol\u00f3radarok nagyban megk\u00f6nny\u00edtik a man\u0151verez\u00e9st sz\u0171k helyeken is.<\/p>\n<p>A vezet\u0151 k\u00f6nnyen megtal\u00e1lhatja az ide\u00e1lis \u00fcl\u00e9spoz\u00edci\u00f3t, mivel az \u00fcl\u00e9s \u00e9s a korm\u00e1nyker\u00e9k sz\u00e9les tartom\u00e1nyban \u00e1ll\u00edthat\u00f3. Ez k\u00fcl\u00f6n\u00f6sen el\u0151ny\u00f6s, ha t\u00f6bbf\u00e9le testalkat\u00fa ember haszn\u00e1lja az aut\u00f3t, vagy ha hosszabb utak el\u0151tt szeretn\u00e9nk a lehet\u0151 legk\u00e9nyelmesebben elhelyezkedni. A k\u00f6z\u00e9pkonzol tetej\u00e9n elhelyezett \u00e9rint\u0151k\u00e9perny\u0151 k\u00f6nnyen el\u00e9rhet\u0151 a vezet\u0151\u00fcl\u00e9sb\u0151l, \u00edgy a kezel\u00e9se nem vonja el t\u00fals\u00e1gosan a figyelmet az \u00fatr\u00f3l. A kl\u00edmaberendez\u00e9s k\u00e9tz\u00f3n\u00e1s, \u00e9s a vez\u00e9rl\u0151gombjai k\u00fcl\u00f6n szekci\u00f3ban, a m\u0171szerfal egy als\u00f3bb r\u00e9sz\u00e9n kaptak helyet, ami leegyszer\u0171s\u00edti a haszn\u00e1latukat \u2013 nem kell keresg\u00e9lni \u0151ket a men\u00fcrendszerben.<\/p>\n<p>Az utast\u00e9r t\u00e1rol\u00f3helyei \u00e1tgondoltan vannak kialak\u00edtva. A v\u00e1lt\u00f3kar el\u0151tt tal\u00e1lhat\u00f3 egy t\u00e1lca, amely t\u00f6k\u00e9letes helyet biztos\u00edt egy okostelefon sz\u00e1m\u00e1ra \u2013 a GR Sport kivitel eset\u00e9ben itt vezet\u00e9k n\u00e9lk\u00fcli t\u00f6lt\u00e9si lehet\u0151s\u00e9g is el\u00e9rhet\u0151. H\u00e1tr\u00e9bb, a k\u00e9t els\u0151 \u00fcl\u00e9s k\u00f6z\u00f6tt, k\u00e9t poh\u00e1rtart\u00f3 kapott helyet, m\u00edg a k\u00f6ny\u00f6kl\u0151 felnyit\u00e1s\u00e1val egy m\u00e9ly, j\u00f3l kihaszn\u00e1lhat\u00f3 t\u00e1rol\u00f3rekeszhez juthatunk, amelynek fels\u0151 r\u00e9sz\u00e9ben egy k\u00fcl\u00f6n, kivehet\u0151 t\u00e1lca is tal\u00e1lhat\u00f3 az apr\u00f3bb dolgok sz\u00e1m\u00e1ra. Az ajt\u00f3zsebek sajnos nem t\u00fal t\u00e1gasak \u2013 k\u00f6r\u00fclbel\u00fcl k\u00e9t \u00fcd\u00edt\u0151sdoboz f\u00e9r el benn\u00fck egym\u00e1s mellett \u2013, de a keszty\u0171tart\u00f3 m\u00e9rete elfogadhat\u00f3, s\u0151t, a korm\u00e1nyker\u00e9k jobb oldal\u00e1n is tal\u00e1lhat\u00f3 egy kisebb t\u00e1lca, p\u00e9ld\u00e1ul kulcsok vagy apr\u00f3s\u00e1gok sz\u00e1m\u00e1ra.<\/p>\n","protected":false},"excerpt":{"rendered":"<p>A legut\u00f3bbi Instagram-bejegyz\u00e9s\u00e9ben azonban valami eg\u00e9szen \u00fajat mutatott: b\u00facs\u00fat intett hossz\u00fa, k\u00f6z\u00e9ph\u00e1tig \u00e9r\u0151 tincseinek, \u00e9s egy r\u00f6videbb, ny\u00e1rias frizur\u00e1ra v\u00e1ltott&#8230;. <span class=\"gridview-grid-post-read-more\"><a href=\"https:\/\/matrend.hu\/nekedinfo\/balogh-edina-levagatta-a-hajat\/\">read more<span class=\"gridview-sr-only\"> Balogh Edina lev\u00e1gatta a haj\u00e1t<\/span><\/a><\/span><\/p>\n","protected":false},"author":1,"featured_media":2846,"comment_status":"open","ping_status":"open","sticky":false,"template":"","format":"standard","meta":{"footnotes":""},"categories":[1],"tags":[],"class_list":["post-2845","post","type-post","status-publish","format-standard","has-post-thumbnail","hentry","category-egyeb","wpcat-1-id"],"_links":{"self":[{"href":"https:\/\/matrend.hu\/nekedinfo\/wp-json\/wp\/v2\/posts\/2845","targetHints":{"allow":["GET"]}}],"collection":[{"href":"https:\/\/matrend.hu\/nekedinfo\/wp-json\/wp\/v2\/posts"}],"about":[{"href":"https:\/\/matrend.hu\/nekedinfo\/wp-json\/wp\/v2\/types\/post"}],"author":[{"embeddable":true,"href":"https:\/\/matrend.hu\/nekedinfo\/wp-json\/wp\/v2\/users\/1"}],"replies":[{"embeddable":true,"href":"https:\/\/matrend.hu\/nekedinfo\/wp-json\/wp\/v2\/comments?post=2845"}],"version-history":[{"count":1,"href":"https:\/\/matrend.hu\/nekedinfo\/wp-json\/wp\/v2\/posts\/2845\/revisions"}],"predecessor-version":[{"id":2847,"href":"https:\/\/matrend.hu\/nekedinfo\/wp-json\/wp\/v2\/posts\/2845\/revisions\/2847"}],"wp:featuredmedia":[{"embeddable":true,"href":"https:\/\/matrend.hu\/nekedinfo\/wp-json\/wp\/v2\/media\/2846"}],"wp:attachment":[{"href":"https:\/\/matrend.hu\/nekedinfo\/wp-json\/wp\/v2\/media?parent=2845"}],"wp:term":[{"taxonomy":"category","embeddable":true,"href":"https:\/\/matrend.hu\/nekedinfo\/wp-json\/wp\/v2\/categories?post=2845"},{"taxonomy":"post_tag","embeddable":true,"href":"https:\/\/matrend.hu\/nekedinfo\/wp-json\/wp\/v2\/tags?post=2845"}],"curies":[{"name":"wp","href":"https:\/\/api.w.org\/{rel}","templated":true}]}}