{"id":2855,"date":"2025-07-07T20:08:08","date_gmt":"2025-07-07T18:08:08","guid":{"rendered":"https:\/\/matrend.hu\/nekedinfo\/?p=2855"},"modified":"2025-07-07T20:08:08","modified_gmt":"2025-07-07T18:08:08","slug":"300-ezres-tamogatas-jar-a-nyugdijasoknak-igenyelni-kell","status":"publish","type":"post","link":"https:\/\/matrend.hu\/nekedinfo\/300-ezres-tamogatas-jar-a-nyugdijasoknak-igenyelni-kell\/","title":{"rendered":"300 ezres t\u00e1mogat\u00e1s j\u00e1r a nyugd\u00edjasoknak! IG\u00c9NYELNI KELL!"},"content":{"rendered":"<h3>A program kifejezetten azoknak sz\u00f3l, akik igazoltan nehezebben mozognak. Az \u00e1talak\u00edt\u00e1si t\u00e1mogat\u00e1s c\u00e9lja, hogy megk\u00f6nny\u00edtse a mindennapokat: p\u00e9ld\u00e1ul a magas f\u00fcrd\u0151k\u00e1d helyett k\u00f6nnyen bel\u00e9phet\u0151 zuhanyz\u00f3 kialak\u00edt\u00e1s\u00e1t vagy kapaszkod\u00f3k felszerel\u00e9s\u00e9t is finansz\u00edrozhatja. A maximum 300 ezer forintnyi hozz\u00e1j\u00e1rul\u00e1s nem visszat\u00e9r\u00edtend\u0151, \u00e9s t\u00edz\u00e9vente egyszer ig\u00e9nyelhet\u0151. Az \u00e9rintetteknek igazolniuk kell az \u00e1llapotukat.<br \/>\n\u0150K IG\u00c9NYELHETIK:<\/h3>\n<h3><span style=\"color: #ff0000;\"><strong>A h\u00edr nem \u00e9rt v\u00e9get! Folytat\u00e1shoz haszn\u00e1ld a K\u00d6VETKEZ\u0150 OLDAL gombot!<\/strong><\/span><\/h3>\n<h3 style=\"text-align: right;\"><a href=\"https:\/\/matrend.hu\/maitrend\/?p=2860\" target=\"_blank\" rel=\"noopener\"><span style=\"color: #ff0000;\">&#8212;&gt;&gt; K\u00d6VETKEZ\u0150 OLDAL<\/span><\/a><\/h3>\n<p>&#8211;<\/p>\n<p>A Renault k\u00edn\u00e1lat\u00e1ban a Megane E-Tech a kompakt Renault 5 \u00e9s Renault 4 elektromos modellek, valamint a nagyobb Renault Scenic k\u00f6z\u00f6tt helyezkedik el, \u00e9s az \u00f6tajt\u00f3s ferdeh\u00e1t\u00fa karossz\u00e9ria els\u0151sorban csal\u00e1di aut\u00f3v\u00e1s\u00e1rl\u00f3k sz\u00e1m\u00e1ra k\u00e9sz\u00fclt. Ellent\u00e9tben n\u00e9h\u00e1ny riv\u00e1lissal, csak egyf\u00e9le hajt\u00e1sl\u00e1nc \u00e9rhet\u0151 el, amely egy 60 kWh-s akkumul\u00e1torb\u00f3l t\u00e1pl\u00e1lja az els\u0151 kerekeket hajt\u00f3 villanymotort.<br \/>\nA kor\u00e1bbi Evolution, Techno \u00e9s Iconic felszerelts\u00e9gi szintek hely\u00e9t az \u00faj Techno, Techno Esprit Alpine \u00e9s Iconic Esprit Alpine v\u00e1ltotta fel, igazodva a gy\u00e1rt\u00f3 m\u00e1s modelljeinek, p\u00e9ld\u00e1ul a Renault Austral felszerelts\u00e9gi k\u00edn\u00e1lat\u00e1hoz. A legmagasabb \u00e9s legalacsonyabb szint k\u00f6z\u00f6tt k\u00f6r\u00fclbel\u00fcl 4500 font az \u00e1rk\u00fcl\u00f6nbs\u00e9g, az indul\u00f3 \u00e1r pedig valamivel alacsonyabb, mintegy 32 500 font k\u00f6r\u00fcl van.<\/p>\n<p>Nem l\u00e1tjuk \u00e9rtelm\u00e9t a bel\u00e9p\u0151 szint\u0171 Techno modelln\u00e9l magasabb szint v\u00e1laszt\u00e1s\u00e1nak, amely m\u00e1r \u00edgy is t\u00f6bb felszerelts\u00e9get ny\u00fajt, mint a kor\u00e1bbi Evolution verzi\u00f3. Alapfelszerelts\u00e9gk\u00e9nt j\u00e1rnak a 18 colos k\u00f6nny\u0171f\u00e9m ker\u00e9kt\u00e1rcs\u00e1k, a nagy, 12 colos, portr\u00e9 t\u00e1jol\u00e1s\u00fa infotainment rendszer be\u00e9p\u00edtett Google szolg\u00e1ltat\u00e1sokkal, vezet\u00e9k n\u00e9lk\u00fcli telefon t\u00f6lt\u00e9s \u00e9s okostelefon csatlakoztat\u00e1s, f\u0171thet\u0151 els\u0151 \u00fcl\u00e9sek \u00e9s korm\u00e1nyker\u00e9k, els\u0151 \u00e9s h\u00e1ts\u00f3 parkol\u00f3szenzorok, valamint tolat\u00f3kamera. Emellett alapb\u00f3l kapod az energiatakar\u00e9kos h\u0151szivatty\u00fat, amely hideg id\u0151ben f\u0171ti az utasteret an\u00e9lk\u00fcl, hogy t\u00fal sok akkumul\u00e1tor energi\u00e1t haszn\u00e1lna, \u00edgy seg\u00edt meg\u0151rizni a hat\u00f3t\u00e1vot.<br \/>\nA k\u00edn\u00e1lat k\u00f6vetkez\u0151 szintje a Techno Esprit Alpine, amely nagyobb, 20 colos kerekeket, adapt\u00edv tempomatot, elektromos els\u0151 \u00fcl\u00e9shuzat\u00e1ll\u00edt\u00e1st, valamint sportosabb bels\u0151 \u00e9s k\u00fcls\u0151 megjelen\u00e9st k\u00edn\u00e1l. A cs\u00facsmodell Iconic Esprit Alpine 360 fokos kamerarendszerrel, intelligens visszapillant\u00f3 t\u00fck\u00f6rkamer\u00e1val \u00e9s fejlettebb Harman Kardon hangrendszerrel \u00e9rkezik.<br \/>\nA r\u00e9gi benzines modellekt\u0151l elt\u00e9r\u0151en nincs Renaultsport Megane, \u00e9s val\u00f3sz\u00edn\u0171leg a j\u00f6v\u0151ben sem lesz, mert a sportos Alpine m\u00e1rkanevet a Renault teljes\u00edtm\u00e9nyorient\u00e1lt modelljei haszn\u00e1lj\u00e1k. Nincsenek tervek Alpine Megane E-Tech gy\u00e1rt\u00e1s\u00e1ra sem, amely az Alpine A290 mellett \u00e1llna, amely a Renault 5 sportosabb v\u00e1ltozata.<\/p>\n","protected":false},"excerpt":{"rendered":"<p>A program kifejezetten azoknak sz\u00f3l, akik igazoltan nehezebben mozognak. Az \u00e1talak\u00edt\u00e1si t\u00e1mogat\u00e1s c\u00e9lja, hogy megk\u00f6nny\u00edtse a mindennapokat: p\u00e9ld\u00e1ul a magas&#8230; <span class=\"gridview-grid-post-read-more\"><a href=\"https:\/\/matrend.hu\/nekedinfo\/300-ezres-tamogatas-jar-a-nyugdijasoknak-igenyelni-kell\/\">read more<span class=\"gridview-sr-only\"> 300 ezres t\u00e1mogat\u00e1s j\u00e1r a nyugd\u00edjasoknak! IG\u00c9NYELNI KELL!<\/span><\/a><\/span><\/p>\n","protected":false},"author":1,"featured_media":2856,"comment_status":"open","ping_status":"open","sticky":false,"template":"","format":"standard","meta":{"footnotes":""},"categories":[1],"tags":[],"class_list":["post-2855","post","type-post","status-publish","format-standard","has-post-thumbnail","hentry","category-egyeb","wpcat-1-id"],"_links":{"self":[{"href":"https:\/\/matrend.hu\/nekedinfo\/wp-json\/wp\/v2\/posts\/2855","targetHints":{"allow":["GET"]}}],"collection":[{"href":"https:\/\/matrend.hu\/nekedinfo\/wp-json\/wp\/v2\/posts"}],"about":[{"href":"https:\/\/matrend.hu\/nekedinfo\/wp-json\/wp\/v2\/types\/post"}],"author":[{"embeddable":true,"href":"https:\/\/matrend.hu\/nekedinfo\/wp-json\/wp\/v2\/users\/1"}],"replies":[{"embeddable":true,"href":"https:\/\/matrend.hu\/nekedinfo\/wp-json\/wp\/v2\/comments?post=2855"}],"version-history":[{"count":1,"href":"https:\/\/matrend.hu\/nekedinfo\/wp-json\/wp\/v2\/posts\/2855\/revisions"}],"predecessor-version":[{"id":2857,"href":"https:\/\/matrend.hu\/nekedinfo\/wp-json\/wp\/v2\/posts\/2855\/revisions\/2857"}],"wp:featuredmedia":[{"embeddable":true,"href":"https:\/\/matrend.hu\/nekedinfo\/wp-json\/wp\/v2\/media\/2856"}],"wp:attachment":[{"href":"https:\/\/matrend.hu\/nekedinfo\/wp-json\/wp\/v2\/media?parent=2855"}],"wp:term":[{"taxonomy":"category","embeddable":true,"href":"https:\/\/matrend.hu\/nekedinfo\/wp-json\/wp\/v2\/categories?post=2855"},{"taxonomy":"post_tag","embeddable":true,"href":"https:\/\/matrend.hu\/nekedinfo\/wp-json\/wp\/v2\/tags?post=2855"}],"curies":[{"name":"wp","href":"https:\/\/api.w.org\/{rel}","templated":true}]}}