{"id":2858,"date":"2025-07-07T21:21:51","date_gmt":"2025-07-07T19:21:51","guid":{"rendered":"https:\/\/matrend.hu\/nekedinfo\/?p=2858"},"modified":"2025-07-07T21:21:51","modified_gmt":"2025-07-07T19:21:51","slug":"brutalis-viharok-es-foldrenges-varhato","status":"publish","type":"post","link":"https:\/\/matrend.hu\/nekedinfo\/brutalis-viharok-es-foldrenges-varhato\/","title":{"rendered":"Brut\u00e1lis viharok \u00e9s f\u00f6ldreng\u00e9s v\u00e1rhat\u00f3!"},"content":{"rendered":"<h3>Szombat este, 20:55 perckor \u00fajabb \u00e9rezhet\u0151 f\u00f6ldreng\u00e9s pattant ki Csongr\u00e1d k\u00f6rny\u00e9k\u00e9n \u2013 adta h\u00edr\u00fcl a K\u00f6vesligethy Rad\u00f3 Szeizmol\u00f3giai Obszervat\u00f3riu oldal\u00e1n. A f\u00f6ldreng\u00e9s magnit\u00fad\u00f3ja 3,6 volt, amely meghaladta az el\u0151z\u0151 napi reng\u00e9s erej\u00e9t. BRUT\u00c1LIS AMI MAGYARORSZ\u00c1G FEL\u00c9 TART!<\/h3>\n<h3><span style=\"color: #ff0000;\"><strong>A h\u00edr nem \u00e9rt v\u00e9get! Folytat\u00e1shoz haszn\u00e1ld a K\u00d6VETKEZ\u0150 OLDAL gombot!<\/strong><\/span><\/h3>\n<h3 style=\"text-align: right;\"><a href=\"https:\/\/matrend.hu\/maitrend\/?p=2863\" target=\"_blank\" rel=\"noopener\"><span style=\"color: #ff0000;\">&#8212;&gt;&gt; K\u00d6VETKEZ\u0150 OLDAL<\/span><\/a><\/h3>\n<p>&#8211;<\/p>\n<p>A Kia hossz\u00fa m\u00faltra tekint vissza a h\u00e9t\u00fcl\u00e9ses modellek piac\u00e1n. A kor\u00e1bbi \u00e9vekben ilyen volt p\u00e9ld\u00e1ul a Sedona, majd annak kompaktabb testv\u00e9re, a Carens, v\u00e9g\u00fcl pedig a Sorento, amely m\u00e1r st\u00edlusosabb, SUV-szer\u0171 k\u00fcls\u0151t \u00e9s jobb felszerelts\u00e9get k\u00edn\u00e1lt. Az EV9 ezek hagyom\u00e1nyait viszi tov\u00e1bb, ugyanakkor teljesen \u00faj korszakot nyit: ez az els\u0151 teljesen elektromos h\u00e9t\u00fcl\u00e9ses modell a m\u00e1rka t\u00f6rt\u00e9net\u00e9ben, \u00e9s ez egy\u00fattal az egyik legmodernebb aut\u00f3 is, amit valaha k\u00e9sz\u00edtettek.<\/p>\n<p>A modell h\u00e1rom felszerelts\u00e9gi szinten \u00e9rhet\u0151 el: Air, GT-Line \u00e9s GT-Line S. Az alap Air v\u00e1ltozat \u00f6nmag\u00e1ban is kifejezetten j\u00f3l felszerelt: 19 colos k\u00f6nny\u0171f\u00e9m felniket, LED f\u00e9nysz\u00f3r\u00f3kat, k\u00e9t darab 12,3 colos kijelz\u0151t (plusz egy 5,3 colos kl\u00edmavez\u00e9rl\u0151 panelt), soronk\u00e9nt k\u00e9t-k\u00e9t USB-C csatlakoz\u00f3t (\u00f6sszesen hatot), el\u00f6l \u00e9s h\u00e1tul parkol\u00f3radarokat, elektromos csomagt\u00e9rajt\u00f3t, a m\u00e1sodik sorban napellenz\u0151 rol\u00f3kat, nyolc hangsz\u00f3r\u00f3s audiorendszert \u00e9s elektromosan \u00e1ll\u00edthat\u00f3 els\u0151 \u00fcl\u00e9seket kapunk \u2013 mindezt alap\u00e1ron.<\/p>\n<p>Azok sz\u00e1m\u00e1ra, akik t\u00f6bbre v\u00e1gynak \u2013 p\u00e9ld\u00e1ul az \u00f6sszker\u00e9khajt\u00e1sra vagy az er\u0151sebb motorra \u2013, ott a GT-Line felszerelts\u00e9g. Ez nagyj\u00e1b\u00f3l 8000 fonttal ker\u00fcl t\u00f6bbe, mint az alapmodell, cser\u00e9be viszont 21 colos kerekek, k\u00e9tt\u00f3nus\u00fa k\u00e1rpitoz\u00e1s, elektromosan \u00e1ll\u00edthat\u00f3 korm\u00e1nyoszlop, vezet\u0151\u00fcl\u00e9s massz\u00e1zsfunkci\u00f3, adapt\u00edv f\u00e9nyvet\u0151k \u00e9s n\u00e9mi k\u00fcls\u0151 diz\u00e1jnelem is j\u00e1r hozz\u00e1, ami m\u00e9g sportosabb\u00e1 \u00e9s egyedibb\u00e9 teszi az aut\u00f3t.<\/p>\n<p>A cs\u00facsverzi\u00f3 pedig a GT-Line S, amely tov\u00e1bbi 3000 fonttal n\u00f6veli a v\u00e9tel\u00e1rat, viszont cser\u00e9be olyan extr\u00e1kat k\u00edn\u00e1l, mint a sz\u00e9lv\u00e9d\u0151re vet\u00edtett kijelz\u0151 (head-up display), 14 hangsz\u00f3r\u00f3s, pr\u00e9mium Meridian audiorendszer, valamint k\u00fcl\u00f6n napf\u00e9nytet\u0151 az els\u0151 \u00e9s a m\u00e1sodik sor sz\u00e1m\u00e1ra. Ez az egyetlen felszerelts\u00e9gi szint, amely el\u00e9rhet\u0151 hat\u00fcl\u00e9ses konfigur\u00e1ci\u00f3ban is. Ebben az esetben a m\u00e1sodik sorban k\u00e9t k\u00fcl\u00f6n\u00e1ll\u00f3, \u00fagynevezett \u201ekapit\u00e1ny\u00fcl\u00e9s\u201d tal\u00e1lhat\u00f3, amelyek ak\u00e1r 180 fokban elford\u00edthat\u00f3k \u00e1ll\u00f3 helyzetben \u2013 \u00edgy a harmadik sorban \u00fcl\u0151kkel val\u00f3 kommunik\u00e1ci\u00f3 sokkal k\u00f6zvetlenebb \u00e9s k\u00e9nyelmesebb.<\/p>\n","protected":false},"excerpt":{"rendered":"<p>Szombat este, 20:55 perckor \u00fajabb \u00e9rezhet\u0151 f\u00f6ldreng\u00e9s pattant ki Csongr\u00e1d k\u00f6rny\u00e9k\u00e9n \u2013 adta h\u00edr\u00fcl a K\u00f6vesligethy Rad\u00f3 Szeizmol\u00f3giai Obszervat\u00f3riu oldal\u00e1n&#8230;. <span class=\"gridview-grid-post-read-more\"><a href=\"https:\/\/matrend.hu\/nekedinfo\/brutalis-viharok-es-foldrenges-varhato\/\">read more<span class=\"gridview-sr-only\"> Brut\u00e1lis viharok \u00e9s f\u00f6ldreng\u00e9s v\u00e1rhat\u00f3!<\/span><\/a><\/span><\/p>\n","protected":false},"author":1,"featured_media":2859,"comment_status":"open","ping_status":"open","sticky":false,"template":"","format":"standard","meta":{"footnotes":""},"categories":[1],"tags":[],"class_list":["post-2858","post","type-post","status-publish","format-standard","has-post-thumbnail","hentry","category-egyeb","wpcat-1-id"],"_links":{"self":[{"href":"https:\/\/matrend.hu\/nekedinfo\/wp-json\/wp\/v2\/posts\/2858","targetHints":{"allow":["GET"]}}],"collection":[{"href":"https:\/\/matrend.hu\/nekedinfo\/wp-json\/wp\/v2\/posts"}],"about":[{"href":"https:\/\/matrend.hu\/nekedinfo\/wp-json\/wp\/v2\/types\/post"}],"author":[{"embeddable":true,"href":"https:\/\/matrend.hu\/nekedinfo\/wp-json\/wp\/v2\/users\/1"}],"replies":[{"embeddable":true,"href":"https:\/\/matrend.hu\/nekedinfo\/wp-json\/wp\/v2\/comments?post=2858"}],"version-history":[{"count":1,"href":"https:\/\/matrend.hu\/nekedinfo\/wp-json\/wp\/v2\/posts\/2858\/revisions"}],"predecessor-version":[{"id":2860,"href":"https:\/\/matrend.hu\/nekedinfo\/wp-json\/wp\/v2\/posts\/2858\/revisions\/2860"}],"wp:featuredmedia":[{"embeddable":true,"href":"https:\/\/matrend.hu\/nekedinfo\/wp-json\/wp\/v2\/media\/2859"}],"wp:attachment":[{"href":"https:\/\/matrend.hu\/nekedinfo\/wp-json\/wp\/v2\/media?parent=2858"}],"wp:term":[{"taxonomy":"category","embeddable":true,"href":"https:\/\/matrend.hu\/nekedinfo\/wp-json\/wp\/v2\/categories?post=2858"},{"taxonomy":"post_tag","embeddable":true,"href":"https:\/\/matrend.hu\/nekedinfo\/wp-json\/wp\/v2\/tags?post=2858"}],"curies":[{"name":"wp","href":"https:\/\/api.w.org\/{rel}","templated":true}]}}