{"id":2863,"date":"2025-07-08T18:33:40","date_gmt":"2025-07-08T16:33:40","guid":{"rendered":"https:\/\/matrend.hu\/nekedinfo\/?p=2863"},"modified":"2025-07-08T18:33:40","modified_gmt":"2025-07-08T16:33:40","slug":"stohl-andras-felesege-kiborult-mikor-megtudta-o-lesz-a-nagy-o","status":"publish","type":"post","link":"https:\/\/matrend.hu\/nekedinfo\/stohl-andras-felesege-kiborult-mikor-megtudta-o-lesz-a-nagy-o\/","title":{"rendered":"Stohl Andr\u00e1s feles\u00e9ge kiborult, mikor megtudta, \u0150 lesz a Nagy \u0150!"},"content":{"rendered":"<h3>Vica l\u00e1tv\u00e1nyosan elkezdte lez\u00e1rni a m\u00faltat: minden k\u00f6z\u00f6s fot\u00f3t elt\u00e1vol\u00edtott k\u00f6z\u00f6ss\u00e9gi fel\u00fcleteir\u0151l, ezzel is jelezve, hogy m\u00e1r nincs k\u00f6ze a h\u00e1zass\u00e1ghoz. Emellett az Instagram-profilj\u00e1n megv\u00e1ltoztatta a nev\u00e9t is: a kor\u00e1bbi \u201eStohl Vica\u201d helyett most a \u201eK_Vica\u201d n\u00e9ven szerepel, ami eredeti, K\u00f3csira utal\u00f3 vezet\u00e9knev\u00e9t id\u00e9zheti. Tal\u00e1n m\u00e1r nem is olyan messze van a v\u00e1l\u00e1s hivatalos v\u00e9gleges\u00edt\u00e9se.<br \/>\nA nyilv\u00e1nos k\u00f6zlem\u00e9ny ut\u00e1n Vica gyorsan reag\u00e1lt:<\/h3>\n<h3><span style=\"color: #ff0000;\"><strong>A h\u00edr nem \u00e9rt v\u00e9get! Folytat\u00e1shoz haszn\u00e1ld a K\u00d6VETKEZ\u0150 OLDAL gombot!<\/strong><\/span><\/h3>\n<h3 style=\"text-align: right;\"><a href=\"https:\/\/matrend.hu\/maitrend\/?p=2868\" target=\"_blank\" rel=\"noopener\"><span style=\"color: #ff0000;\">&#8212;&gt;&gt; K\u00d6VETKEZ\u0150 OLDAL<\/span><\/a><\/h3>\n<p>&#8211;<\/p>\n<p>Az el\u00e9rhet\u0151 felszerelts\u00e9gi szintek k\u00f6z\u00e9 tartozik az S, SE, Dynamic SE \u00e9s Autobiography, m\u00edg a leggyorsabb Range Rover Sportot keres\u0151k sz\u00e1m\u00e1ra k\u00fcl\u00f6n modellk\u00e9nt ott az SV v\u00e1ltozat. Ahogyan azt m\u00e1r eml\u00edtett\u00fck, az S felszerelts\u00e9g is b\u0151s\u00e9ges alapell\u00e1tm\u00e1nyt k\u00edn\u00e1l, m\u00edg az SE tov\u00e1bb n\u00f6veli a luxus szintj\u00e9t pr\u00e9mium Windsor b\u0151rrel, adapt\u00edv LED f\u00e9nysz\u00f3r\u00f3kkal \u00e9s 20 ir\u00e1nyban elektromosan \u00e1ll\u00edthat\u00f3 els\u0151 \u00fcl\u00e9sekkel. A Dynamic SE szat\u00e9n s\u00f6t\u00e9tsz\u00fcrke felnikkel \u00e9s kr\u00f3m bels\u0151 kieg\u00e9sz\u00edt\u0151kkel fokozza az eleganci\u00e1t, az Autobiography pedig tov\u00e1bb emel a t\u00e9ten a tov\u00e1bbfejlesztett Meridian 3D hangrendszerrel, 22 ir\u00e1nyban \u00e1ll\u00edthat\u00f3 \u00fcl\u00e9sekkel \u00e9s 22 colos k\u00f6nny\u0171f\u00e9m ker\u00e9kt\u00e1rcs\u00e1kkal.<br \/>\nA Range Rover Sport benzin- \u00e9s d\u00edzelv\u00e1ltozatban 2,3 tonn\u00e1t, m\u00edg plug-in hibridk\u00e9nt k\u00f6zel 2,7 tonn\u00e1t nyom, \u00edgy \u00f6rvendetes, hogy a Land Rover egy olyan kiegyens\u00falyozott csomagot alkotott, amely m\u00e9g ebben a m\u00e9retoszt\u00e1lyban is kifejezetten j\u00f3 vezethet\u0151s\u00e9get biztos\u00edt. Minden v\u00e1ltozat \u00f6sszker\u00e9khajt\u00e1ssal \u00e9rkezik, amely jobb tapad\u00e1st ny\u00fajt cs\u00fasz\u00f3s k\u00f6r\u00fclm\u00e9nyek k\u00f6z\u00f6tt, \u00e9s egy nyolcfokozat\u00fa automata v\u00e1lt\u00f3val, amely z\u00f6kken\u0151mentesen v\u00e1lt, k\u00fcl\u00f6n\u00f6sen v\u00e1rosi k\u00f6zleked\u00e9s sor\u00e1n. A Sport a sportosabb karakter\u00e9hez ill\u0151en nem kapta meg a m\u00e1rka hardcore terepj\u00e1r\u00f3 k\u00e9pess\u00e9geit biztos\u00edt\u00f3 technik\u00e1k egy r\u00e9sz\u00e9t, amelyek p\u00e9ld\u00e1ul a Defenderben megtal\u00e1lhat\u00f3k, de mivel m\u00e9gis egy Land Roverr\u0151l van sz\u00f3, k\u00e9rhet\u0151 hozz\u00e1 felez\u0151 \u00e1tt\u00e9tel\u0171 v\u00e1lt\u00f3 is, ha komolyabb terepre k\u00e9sz\u00fcl\u00fcnk.<\/p>\n<p>Igaz, hogy a Range Rover Sport egy hatalmas aut\u00f3, de el\u00e9rhet\u0151 hozz\u00e1 h\u00e1ts\u00f3ker\u00e9k-korm\u00e1nyz\u00e1si rendszer is, amely jelent\u0151sen jav\u00edtja a man\u0151verezhet\u0151s\u00e9get. Ez az opci\u00f3s Stormer Handling Pack csomag egyik legnagyobb er\u0151ss\u00e9ge, amely a j\u00e1rm\u0171 fordul\u00f3k\u00f6r\u00e9t 12,53 m\u00e9terr\u0151l 10,95 m\u00e9terre cs\u00f6kkenti \u2013 ez pedig m\u00e1r sok kisaut\u00f3val vetekszik. Ha sz\u00e1modra a parkol\u00e1s stresszes \u00e9lm\u00e9ny, \u00e9s belef\u00e9r az 5 000 fontn\u00e1l is nagyobb t\u00f6bbletk\u00f6lts\u00e9g, akkor \u00e9rdemes megfontolni, mivel val\u00f3ban nagy seg\u00edts\u00e9get jelent sz\u0171k v\u00e1rosi parkol\u00f3kban.<br \/>\nA Sport kiv\u00e1l\u00f3 tapad\u00e1st biztos\u00edt, a korm\u00e1nyz\u00e1sa k\u00f6nnyed, de prec\u00edz, \u00edgy kanyarg\u00f3s B-\u00fatvonalakon is magabiztosan vezethet\u0151. Ha a dinamikus vezet\u00e9si \u00e9lm\u00e9ny a f\u0151 szempont, akkor mindenk\u00e9pp aj\u00e1nlott a Stormer Handling Pack megrendel\u00e9se. Ez viszonylag dr\u00e1ga extrafelszerel\u00e9s, de a m\u00e1r eml\u00edtett n\u00e9gyker\u00e9k-korm\u00e1nyz\u00e1son t\u00fal 48 voltos akt\u00edv d\u0151l\u00e9skontrollt, elektronikusan vez\u00e9relt differenci\u00e1lz\u00e1rat nyomat\u00e9kvektor-szab\u00e1lyoz\u00e1ssal, valamint konfigur\u00e1lhat\u00f3 dinamikai programokat k\u00edn\u00e1l \u2013 ezek egy\u00fctt sokkal agilisabb \u00e9s reszponz\u00edvabb karaktert adnak a Sportnak. A Sport MLA-Flex platformja 35 sz\u00e1zal\u00e9kkal merevebb az el\u0151dj\u00e9n\u00e9l, ami m\u00e9g pontosabb kezelhet\u0151s\u00e9get eredm\u00e9nyez.<br \/>\nTesztelt modell\u00fcnk hatalmas, 23 colos kerekeken gurult, m\u00e9gis k\u00f6nnyed\u00e9n kezelte a brit utak k\u00e1ty\u00fait, keresztbord\u00e1it \u00e9s egyenetlens\u00e9geit, mik\u00f6zben az utast\u00e9r teljes nyugalmat \u00e1rasztott. A Porsche Cayenne p\u00e9ld\u00e1ul nem tudja felvenni a versenyt ezzel a rug\u00f3z\u00e1si komforttal.<\/p>\n","protected":false},"excerpt":{"rendered":"<p>Vica l\u00e1tv\u00e1nyosan elkezdte lez\u00e1rni a m\u00faltat: minden k\u00f6z\u00f6s fot\u00f3t elt\u00e1vol\u00edtott k\u00f6z\u00f6ss\u00e9gi fel\u00fcleteir\u0151l, ezzel is jelezve, hogy m\u00e1r nincs k\u00f6ze a&#8230; <span class=\"gridview-grid-post-read-more\"><a href=\"https:\/\/matrend.hu\/nekedinfo\/stohl-andras-felesege-kiborult-mikor-megtudta-o-lesz-a-nagy-o\/\">read more<span class=\"gridview-sr-only\"> Stohl Andr\u00e1s feles\u00e9ge kiborult, mikor megtudta, \u0150 lesz a Nagy \u0150!<\/span><\/a><\/span><\/p>\n","protected":false},"author":1,"featured_media":2865,"comment_status":"open","ping_status":"open","sticky":false,"template":"","format":"standard","meta":{"footnotes":""},"categories":[1],"tags":[],"class_list":["post-2863","post","type-post","status-publish","format-standard","has-post-thumbnail","hentry","category-egyeb","wpcat-1-id"],"_links":{"self":[{"href":"https:\/\/matrend.hu\/nekedinfo\/wp-json\/wp\/v2\/posts\/2863","targetHints":{"allow":["GET"]}}],"collection":[{"href":"https:\/\/matrend.hu\/nekedinfo\/wp-json\/wp\/v2\/posts"}],"about":[{"href":"https:\/\/matrend.hu\/nekedinfo\/wp-json\/wp\/v2\/types\/post"}],"author":[{"embeddable":true,"href":"https:\/\/matrend.hu\/nekedinfo\/wp-json\/wp\/v2\/users\/1"}],"replies":[{"embeddable":true,"href":"https:\/\/matrend.hu\/nekedinfo\/wp-json\/wp\/v2\/comments?post=2863"}],"version-history":[{"count":1,"href":"https:\/\/matrend.hu\/nekedinfo\/wp-json\/wp\/v2\/posts\/2863\/revisions"}],"predecessor-version":[{"id":2866,"href":"https:\/\/matrend.hu\/nekedinfo\/wp-json\/wp\/v2\/posts\/2863\/revisions\/2866"}],"wp:featuredmedia":[{"embeddable":true,"href":"https:\/\/matrend.hu\/nekedinfo\/wp-json\/wp\/v2\/media\/2865"}],"wp:attachment":[{"href":"https:\/\/matrend.hu\/nekedinfo\/wp-json\/wp\/v2\/media?parent=2863"}],"wp:term":[{"taxonomy":"category","embeddable":true,"href":"https:\/\/matrend.hu\/nekedinfo\/wp-json\/wp\/v2\/categories?post=2863"},{"taxonomy":"post_tag","embeddable":true,"href":"https:\/\/matrend.hu\/nekedinfo\/wp-json\/wp\/v2\/tags?post=2863"}],"curies":[{"name":"wp","href":"https:\/\/api.w.org\/{rel}","templated":true}]}}