{"id":2870,"date":"2025-07-09T10:42:33","date_gmt":"2025-07-09T08:42:33","guid":{"rendered":"https:\/\/matrend.hu\/nekedinfo\/?p=2870"},"modified":"2025-07-09T10:42:33","modified_gmt":"2025-07-09T08:42:33","slug":"felfoghatatlan-ilyen-sokaig-tart-majd-az-esozes","status":"publish","type":"post","link":"https:\/\/matrend.hu\/nekedinfo\/felfoghatatlan-ilyen-sokaig-tart-majd-az-esozes\/","title":{"rendered":"Felfoghatatlan! Ilyen sok\u00e1ig tart majd az es\u0151z\u00e9s!"},"content":{"rendered":"<h3>Kedd: A naps\u00fct\u00e9s csup\u00e1n \u00e1tmeneti kegy, k\u00f6zben mindenfel\u00e9 z\u00e1porok, zivatarok v\u00e1rhat\u00f3k. A legdurv\u00e1bb cell\u00e1k felh\u0151szakad\u00e1ssal, j\u00e9ges\u0151vel, vad sz\u00e9ll\u00f6k\u00e9sekkel puszt\u00edthatnak. A nyugati\u2013\u00e9szaknyugati sz\u00e9l er\u0151s marad, f\u00fcggetlen\u00fcl a viharokt\u00f3l is. Napk\u00f6zben nagyj\u00e1b\u00f3l 21 fokra sz\u00e1m\u00edthatunk, de az id\u0151j\u00e1r\u00e1s eg\u00e9sze bar\u00e1ts\u00e1gtalan \u00e9s zord lesz.<br \/>\nSzerda: S\u00f6t\u00e9t, komor \u00e9g alatt \u00fajabb es\u0151frontok t\u00e1madnak, sokfel\u00e9 d\u00f6r\u00f6ghet, vill\u00e1ml\u00e1sok has\u00edthatj\u00e1k kett\u00e9 az eget. Egyes r\u00e9gi\u00f3kban \u00f6z\u00f6nv\u00edzszer\u0171 es\u0151k \u00e1ztathatj\u00e1k a f\u00f6ldeket. A sz\u00e9l ork\u00e1nszer\u0171 rohamokkal ostromolhatja a t\u00e1jat. A h\u0151m\u00e9rs\u00e9klet is visszaesik, 16\u201324 fok k\u00f6z\u00f6tt ingadozik majd.<br \/>\nCs\u00fct\u00f6rt\u00f6k: B\u00e1r olykor a nap is megk\u00eds\u00e9rli \u00e1tt\u00f6rni a felh\u0151zetet, a keleti orsz\u00e1gr\u00e9szben k\u00fcl\u00f6n\u00f6sen gyakoriak lehetnek z\u00e1porok \u00e9s vill\u00e1mshow-k. A sz\u00e9l tov\u00e1bbra sem k\u00edm\u00e9l senkit: viharos \u00e9szaknyugati l\u00f6k\u00e9sekkel sz\u00e1molhatunk. A hajnal h\u0171v\u00f6s lesz, nappal 20\u201326 fok k\u00f6r\u00fcl m\u00e9rhet\u00fcnk.<br \/>\n\u00c9S EZ M\u00c9G SEMMI:<\/h3>\n<h3><span style=\"color: #ff0000;\"><strong>A h\u00edr nem \u00e9rt v\u00e9get! Folytat\u00e1shoz haszn\u00e1ld a K\u00d6VETKEZ\u0150 OLDAL gombot!<\/strong><\/span><\/h3>\n<h3 style=\"text-align: right;\"><a href=\"https:\/\/matrend.hu\/maitrend\/?p=2875\" target=\"_blank\" rel=\"noopener\"><span style=\"color: #ff0000;\">&#8212;&gt;&gt; K\u00d6VETKEZ\u0150 OLDAL<\/span><\/a><\/h3>\n<p>&#8211;<\/p>\n<p>Az \u00faj Forester \u2013 ahogy a legt\u00f6bb Subaru \u2013 szokatlan motor- \u00e9s hajt\u00e1sl\u00e1nc-elrendez\u00e9st alkalmaz. A n\u00e9gyhengeres benzinmotor v\u00edzszintesen szembeford\u00edtott elrendez\u00e9s\u0171, m\u00e1s n\u00e9ven bokszermotor, amely elvben hasonl\u00f3 p\u00e9ld\u00e1ul a Porsche 718 Boxster motorj\u00e1hoz. Ennek az el\u0151nyei legink\u00e1bb az alacsony s\u00falypontban \u00e9s a velesz\u00fcletett mechanikai egyens\u00falyban rejlenek. Ezek a tulajdons\u00e1gok azonban egy magas \u00e9p\u00edt\u00e9s\u0171 SUV eset\u00e9ben nagyr\u00e9szt elvesz\u00edtik jelent\u0151s\u00e9g\u00fcket \u2013 s\u0151t, bizonyos esetekben rontj\u00e1k a terepj\u00e1r\u00f3 k\u00e9pess\u00e9get.<br \/>\nEnnek ellen\u00e9re a Subaru kitartott e megold\u00e1s mellett, \u00e9s a Forester az ezzel a technol\u00f3gi\u00e1val szerelt leg\u00fajabb gener\u00e1ci\u00f3, amely imm\u00e1r egy hibrid rendszerhez \u00e9s fokozatmentes (CVT) automata v\u00e1lt\u00f3hoz kapcsol\u00f3dik. Ez az \u00faj hajt\u00e1sl\u00e1nc hozz\u00e1j\u00e1rul a fogyaszt\u00e1s \u00e9s a k\u00e1rosanyag-kibocs\u00e1t\u00e1s jav\u00edt\u00e1s\u00e1hoz, amelyek hagyom\u00e1nyosan gyenge pontjai voltak a kor\u00e1bbi, benzint er\u0151sen fogyaszt\u00f3 Subaru motoroknak. Az utakon a Forester nem t\u0171nik gyorsnak, de k\u00f6nnyed\u00e9n l\u00e9p\u00e9st tart a forgalommal \u2013 r\u00e9szben az elektromotor \u00e1ltal biztos\u00edtott kis, de hasznos als\u00f3 fordulatsz\u00e1m-tartom\u00e1nyban leadott plusz nyomat\u00e9knak k\u00f6sz\u00f6nhet\u0151en. Ha nagyobb teljes\u00edtm\u00e9nyt k\u00e9r\u00fcnk, a motor kiss\u00e9 er\u0151lk\u00f6d\u0151nek hat, amit csak fokoz a CVT v\u00e1lt\u00f3 hajlama arra, hogy a fordulatsz\u00e1mot egy kiss\u00e9 term\u00e9szetellenes tartom\u00e1nyban tartsa. Ha m\u00e1r megszoktad a Toyot\u00e1k hibrid CVT v\u00e1lt\u00f3it, akkor a Subaru is ismer\u0151s \u00e9rz\u00e9st ny\u00fajt majd. Ennek ellen\u00e9re a Subaru megold\u00e1s\u00e1nak vannak el\u0151nyei is, amelyek valamelyest enyh\u00edtik a hirtelen gyors\u00edt\u00e1sokkal j\u00e1r\u00f3 ideges\u00edt\u0151 \u00e9lm\u00e9nyt.<\/p>\n<p>Laza temp\u00f3n\u00e1l haladva a bokszermotor meglep\u0151en kifinomult m\u0171k\u00f6d\u00e9s\u0171, \u00e9s szinte \u00e9szrev\u00e9tlen\u00fcl kapcsol be \u00e9s ki. B\u00e1r a 90-es \u00e9vekbeli versenyg\u00e9pek hangos, h\u00f6rg\u0151 bokszermotorja m\u00e1r-m\u00e1r k\u00f6zhely a m\u00e1rka rajong\u00f3i k\u00f6z\u00f6tt, ebben a modern v\u00e1ltozatban ink\u00e1bb a nyugodt, k\u00e9nyelmes utaz\u00e1sra hangolt karakter illik hozz\u00e1.<br \/>\nA hajt\u00e1sl\u00e1nc reakci\u00f3ideje \u00e9s tiszta m\u0171k\u00f6d\u00e9se is szokatlan ebben a hibrid SUV kateg\u00f3ri\u00e1ban, \u00e9s ett\u0151l a Forester vezet\u00e9se a kateg\u00f3ri\u00e1n bel\u00fcl meglep\u0151en \u00e9lvezetes. A szimmetrikus \u00f6sszker\u00e9khajt\u00e1s tov\u00e1bbi el\u0151nyt jelent, kiv\u00e1l\u00f3 tapad\u00e1st biztos\u00edt cs\u00fasz\u00f3s k\u00f6r\u00fclm\u00e9nyek k\u00f6z\u00f6tt is, \u00e9s gyors\u00edt\u00e1sn\u00e1l is stabilan tartja az aut\u00f3t \u2013 m\u00e9g ha a motor ilyenkor hangosan is dolgozik.<\/p>\n","protected":false},"excerpt":{"rendered":"<p>Kedd: A naps\u00fct\u00e9s csup\u00e1n \u00e1tmeneti kegy, k\u00f6zben mindenfel\u00e9 z\u00e1porok, zivatarok v\u00e1rhat\u00f3k. A legdurv\u00e1bb cell\u00e1k felh\u0151szakad\u00e1ssal, j\u00e9ges\u0151vel, vad sz\u00e9ll\u00f6k\u00e9sekkel puszt\u00edthatnak. A&#8230; <span class=\"gridview-grid-post-read-more\"><a href=\"https:\/\/matrend.hu\/nekedinfo\/felfoghatatlan-ilyen-sokaig-tart-majd-az-esozes\/\">read more<span class=\"gridview-sr-only\"> Felfoghatatlan! Ilyen sok\u00e1ig tart majd az es\u0151z\u00e9s!<\/span><\/a><\/span><\/p>\n","protected":false},"author":1,"featured_media":2871,"comment_status":"open","ping_status":"open","sticky":false,"template":"","format":"standard","meta":{"footnotes":""},"categories":[1],"tags":[],"class_list":["post-2870","post","type-post","status-publish","format-standard","has-post-thumbnail","hentry","category-egyeb","wpcat-1-id"],"_links":{"self":[{"href":"https:\/\/matrend.hu\/nekedinfo\/wp-json\/wp\/v2\/posts\/2870","targetHints":{"allow":["GET"]}}],"collection":[{"href":"https:\/\/matrend.hu\/nekedinfo\/wp-json\/wp\/v2\/posts"}],"about":[{"href":"https:\/\/matrend.hu\/nekedinfo\/wp-json\/wp\/v2\/types\/post"}],"author":[{"embeddable":true,"href":"https:\/\/matrend.hu\/nekedinfo\/wp-json\/wp\/v2\/users\/1"}],"replies":[{"embeddable":true,"href":"https:\/\/matrend.hu\/nekedinfo\/wp-json\/wp\/v2\/comments?post=2870"}],"version-history":[{"count":1,"href":"https:\/\/matrend.hu\/nekedinfo\/wp-json\/wp\/v2\/posts\/2870\/revisions"}],"predecessor-version":[{"id":2876,"href":"https:\/\/matrend.hu\/nekedinfo\/wp-json\/wp\/v2\/posts\/2870\/revisions\/2876"}],"wp:featuredmedia":[{"embeddable":true,"href":"https:\/\/matrend.hu\/nekedinfo\/wp-json\/wp\/v2\/media\/2871"}],"wp:attachment":[{"href":"https:\/\/matrend.hu\/nekedinfo\/wp-json\/wp\/v2\/media?parent=2870"}],"wp:term":[{"taxonomy":"category","embeddable":true,"href":"https:\/\/matrend.hu\/nekedinfo\/wp-json\/wp\/v2\/categories?post=2870"},{"taxonomy":"post_tag","embeddable":true,"href":"https:\/\/matrend.hu\/nekedinfo\/wp-json\/wp\/v2\/tags?post=2870"}],"curies":[{"name":"wp","href":"https:\/\/api.w.org\/{rel}","templated":true}]}}