{"id":2877,"date":"2025-07-09T11:36:27","date_gmt":"2025-07-09T09:36:27","guid":{"rendered":"https:\/\/matrend.hu\/nekedinfo\/?p=2877"},"modified":"2025-07-09T11:36:27","modified_gmt":"2025-07-09T09:36:27","slug":"magyar-peter-jol-berugott-mutatjuk","status":"publish","type":"post","link":"https:\/\/matrend.hu\/nekedinfo\/magyar-peter-jol-berugott-mutatjuk\/","title":{"rendered":"Magyar P\u00e9ter &#8222;j\u00f3l ber\u00fagott&#8221; &#8211; Mutatjuk!"},"content":{"rendered":"<h3>&#8222;Tisztelt Szerkeszt\u0151s\u00e9g!<br \/>\nEgyike vagyok azon t\u00e1rsas\u00e1gnak, mely Magyar P\u00e9terrel egy\u00fctt nyaralt \u00e9s \u00e9n is al\u00e1 tudom t\u00e1masztani a le\u00edrtakat. Nem vagyok tisz\u00e1s \u2013 az unokatestv\u00e9rem r\u00e9v\u00e9n j\u00f6ttem el a nyaral\u00e1sra \u2013 egy s\u00falyos betegs\u00e9gen vagyok t\u00fal \u00e9s \u0151 h\u00edvott meg. Nem is tudtam Magyar P\u00e9terr\u0151l, hogy itt lesz.<br \/>\nA hazamenetele el\u0151tti este egy\u00fctt italoztam a t\u00e1rsas\u00e1ggal. P\u00e9ter j\u00f3 ber\u00fagott. Bar\u00e1tn\u0151je is ink\u00e1bb elvonult. Elmondta, hogy nagy baj van a tisz\u00e1n\u00e1l. T\u00f6bben is fontolgatj\u00e1k, hogy kil\u00e9pnek \u00e9s kit\u00e1llalnak.<br \/>\nMagyar P\u00e9ternek e miatt f\u00e1j a feje nagyon&#8221; &#8211; k\u00fcldt\u00e9k a levelet a borsnak.<\/h3>\n<h3><span style=\"color: #ff0000;\"><strong>A h\u00edr nem \u00e9rt v\u00e9get! Folytat\u00e1shoz haszn\u00e1ld a K\u00d6VETKEZ\u0150 OLDAL gombot!<\/strong><\/span><\/h3>\n<h3 style=\"text-align: right;\"><a href=\"https:\/\/matrend.hu\/maitrend\/?p=2882\" target=\"_blank\" rel=\"noopener\"><span style=\"color: #ff0000;\">&#8212;&gt;&gt; K\u00d6VETKEZ\u0150 OLDAL<\/span><\/a><\/h3>\n<p>&#8211;<\/p>\n<p>A Lexus LBX alapfelszerelts\u00e9g\u00e9hez tartozik egy 9,8 colos \u00e9rint\u0151k\u00e9perny\u0151s infotainment rendszer, egy 7 colos digit\u00e1lis m\u0171szeregys\u00e9g, k\u00e9tz\u00f3n\u00e1s kl\u00edmaberendez\u00e9s, el\u00f6l-h\u00e1tul parkol\u00f3radar, tolat\u00f3kamera, \u00f6t USB-csatlakoz\u00f3, vezet\u00e9k n\u00e9lk\u00fcli Apple CarPlay \u00e9s vezet\u00e9kes Android Auto, valamint a vezet\u00e9st\u00e1mogat\u00f3 rendszerek teljes csomagja. A legk\u00f6zelebbi riv\u00e1lisok a pr\u00e9mium kis SUV-k mez\u0151ny\u00e9b\u0151l ker\u00fclnek ki, mint p\u00e9ld\u00e1ul az Alfa Romeo Junior, Audi Q2, BMW X2, Mercedes GLA vagy a Volvo XC40. Sz\u00f3ba j\u00f6het m\u00e9g a MINI Countryman is, illetve ha valaki hajland\u00f3 lemondani a pr\u00e9mium embl\u00e9m\u00e1r\u00f3l \u00e9s az azzal j\u00e1r\u00f3 min\u0151s\u00e9gi szintr\u0151l, akkor \u00e9rdemes megfontolni a szoros rokons\u00e1gban \u00e1ll\u00f3, de megfizethet\u0151bb Toyota Yaris Cross-t is.<br \/>\nMotor, teljes\u00edtm\u00e9ny \u00e9s vezet\u00e9si \u00e9lm\u00e9ny<br \/>\nMivel az LBX alapj\u00e1t a Yaris Cross adja, nem meglep\u0151, hogy ugyanazt az \u201e\u00f6nfelt\u00f6lt\u0151\u201d hibrid hajt\u00e1sl\u00e1ncot haszn\u00e1lja. A rendszer egy 1,5 literes, h\u00e1romhengeres benzinmotort kombin\u00e1l egy elektromotorral, \u00edgy \u00f6sszesen 134 l\u00f3er\u0151s teljes\u00edtm\u00e9nyt ny\u00fajt \u2013 ez \u00f6t l\u00f3er\u0151vel t\u00f6bb, mint a Toyota Yaris Cross eset\u00e9ben.<\/p>\n<p>Ennek eredm\u00e9nyek\u00e9nt az LBX valamivel gyorsabb is, a 0\u2013100 km\/h gyorsul\u00e1s els\u0151ker\u00e9k-meghajt\u00e1s eset\u00e9n 9,2 m\u00e1sodperc, m\u00edg az \u00f6sszker\u00e9khajt\u00e1s\u00fa verzi\u00f3n\u00e1l 9,6 m\u00e1sodperc. A v\u00e9gsebess\u00e9g mindk\u00e9t v\u00e1ltozatn\u00e1l 170 km\/h.<br \/>\nA fokozatmentes automata v\u00e1lt\u00f3 (CVT) ink\u00e1bb nyugodt, egyenletes vezet\u00e9si st\u00edlust \u00f6szt\u00f6n\u00f6z, mert ha t\u00fals\u00e1gosan hirtelen l\u00e9psz a g\u00e1zra, ink\u00e1bb zajt tapasztalsz, mint val\u00f3di gyorsul\u00e1st.<br \/>\nB\u00e1r els\u0151re k\u00f6nny\u0171 lenne azt gondolni, hogy az LBX csak egy eleg\u00e1nsabb Yaris Cross, a Lexus val\u00f3j\u00e1ban komoly munk\u00e1t fektetett abba, hogy kifinomultabb vezet\u00e9si \u00e9lm\u00e9nyt ny\u00fajtson. A hibrid rendszer itt sokkal csendesebb, mint a Yaris vagy a Yaris Cross eset\u00e9ben \u2013 a hangszigetel\u00e9s olyan hat\u00e9kony, hogy a h\u00e1romhengeres motor szinte \u00e9szrev\u00e9tlen\u00fcl kapcsol be. Gyors\u00edt\u00e1skor csak egy t\u00e1voli, tompa morg\u00e1st hallani, m\u00edg utaz\u00f3sebess\u00e9gn\u00e9l gyakorlatilag semmi motorkerreg\u00e9s nem \u00e9szlelhet\u0151.<\/p>\n","protected":false},"excerpt":{"rendered":"<p>&#8222;Tisztelt Szerkeszt\u0151s\u00e9g! Egyike vagyok azon t\u00e1rsas\u00e1gnak, mely Magyar P\u00e9terrel egy\u00fctt nyaralt \u00e9s \u00e9n is al\u00e1 tudom t\u00e1masztani a le\u00edrtakat. Nem&#8230; <span class=\"gridview-grid-post-read-more\"><a href=\"https:\/\/matrend.hu\/nekedinfo\/magyar-peter-jol-berugott-mutatjuk\/\">read more<span class=\"gridview-sr-only\"> Magyar P\u00e9ter &#8222;j\u00f3l ber\u00fagott&#8221; &#8211; Mutatjuk!<\/span><\/a><\/span><\/p>\n","protected":false},"author":1,"featured_media":2878,"comment_status":"open","ping_status":"open","sticky":false,"template":"","format":"standard","meta":{"footnotes":""},"categories":[1],"tags":[],"class_list":["post-2877","post","type-post","status-publish","format-standard","has-post-thumbnail","hentry","category-egyeb","wpcat-1-id"],"_links":{"self":[{"href":"https:\/\/matrend.hu\/nekedinfo\/wp-json\/wp\/v2\/posts\/2877","targetHints":{"allow":["GET"]}}],"collection":[{"href":"https:\/\/matrend.hu\/nekedinfo\/wp-json\/wp\/v2\/posts"}],"about":[{"href":"https:\/\/matrend.hu\/nekedinfo\/wp-json\/wp\/v2\/types\/post"}],"author":[{"embeddable":true,"href":"https:\/\/matrend.hu\/nekedinfo\/wp-json\/wp\/v2\/users\/1"}],"replies":[{"embeddable":true,"href":"https:\/\/matrend.hu\/nekedinfo\/wp-json\/wp\/v2\/comments?post=2877"}],"version-history":[{"count":1,"href":"https:\/\/matrend.hu\/nekedinfo\/wp-json\/wp\/v2\/posts\/2877\/revisions"}],"predecessor-version":[{"id":2879,"href":"https:\/\/matrend.hu\/nekedinfo\/wp-json\/wp\/v2\/posts\/2877\/revisions\/2879"}],"wp:featuredmedia":[{"embeddable":true,"href":"https:\/\/matrend.hu\/nekedinfo\/wp-json\/wp\/v2\/media\/2878"}],"wp:attachment":[{"href":"https:\/\/matrend.hu\/nekedinfo\/wp-json\/wp\/v2\/media?parent=2877"}],"wp:term":[{"taxonomy":"category","embeddable":true,"href":"https:\/\/matrend.hu\/nekedinfo\/wp-json\/wp\/v2\/categories?post=2877"},{"taxonomy":"post_tag","embeddable":true,"href":"https:\/\/matrend.hu\/nekedinfo\/wp-json\/wp\/v2\/tags?post=2877"}],"curies":[{"name":"wp","href":"https:\/\/api.w.org\/{rel}","templated":true}]}}