{"id":2880,"date":"2025-07-09T12:14:52","date_gmt":"2025-07-09T10:14:52","guid":{"rendered":"https:\/\/matrend.hu\/nekedinfo\/?p=2880"},"modified":"2025-07-09T12:14:52","modified_gmt":"2025-07-09T10:14:52","slug":"nagyon-durva-kiderult-hogy-mi-schmuck-andor-betegsege","status":"publish","type":"post","link":"https:\/\/matrend.hu\/nekedinfo\/nagyon-durva-kiderult-hogy-mi-schmuck-andor-betegsege\/","title":{"rendered":"Nagyon durva! Kider\u00fclt hogy mi Schmuck Andor betegs\u00e9ge!"},"content":{"rendered":"<h3>A k\u00f6z\u00f6ss\u00e9gi oldalon saj\u00e1tos humorral v\u00e1laszolt: \u201e\u00c9n tudom, \u00e9s az \u00e9n \u00e9rtelmez\u00e9sem szerint az \u00e9let egy sz*xu*lis \u00faton terjed\u0151, hal\u00e1los betegs\u00e9g\u2026! K\u00e9rem mindenki t\u00fcrelm\u00e9t, m\u00e9g nem adtam fel.\u201d Ezzel pr\u00f3b\u00e1lta oldani a fesz\u00fclts\u00e9get \u00e9s egyben jelezte, hogy k\u00fczd tov\u00e1bb.<br \/>\nMost m\u00e1r nem titok, ez\u00e9rt szeretn\u00e9m elmondani:<\/h3>\n<h3><span style=\"color: #ff0000;\"><strong>A h\u00edr nem \u00e9rt v\u00e9get! Folytat\u00e1shoz haszn\u00e1ld a K\u00d6VETKEZ\u0150 OLDAL gombot!<\/strong><\/span><\/h3>\n<h3 style=\"text-align: right;\"><a href=\"https:\/\/matrend.hu\/maitrend\/?p=2885\" target=\"_blank\" rel=\"noopener\"><span style=\"color: #ff0000;\">&#8212;&gt;&gt; K\u00d6VETKEZ\u0150 OLDAL<\/span><\/a><\/h3>\n<p>&#8211;<\/p>\n<p>A Land Rover Defender k\u00edn\u00e1lat\u00e1ban t\u00f6bbf\u00e9le er\u0151forr\u00e1s is el\u00e9rhet\u0151, k\u00f6zt\u00fck k\u00e9t d\u00edzelmotor \u00e9s egy er\u0151teljes benzines V8-as. A D250 \u00e9s a D350 d\u00edzelek egyar\u00e1nt 3,0 literes, soros hathengeres motorral k\u00e9sz\u00fclnek, amelyek mild-hybrid technol\u00f3gi\u00e1val is rendelkeznek. A D250 247 l\u00f3er\u0151t, m\u00edg a D350 (ami a kor\u00e1bbi D300-at v\u00e1ltja) m\u00e1r 345 l\u00f3er\u0151t teljes\u00edt, \u00edgy ut\u00f3bbi j\u00f3val dinamikusabb vezet\u00e9si \u00e9lm\u00e9nyt ny\u00fajt.<br \/>\nA k\u00edn\u00e1lat cs\u00facs\u00e1n tal\u00e1lhat\u00f3 a Defender V8, amelyben a JLR (Jaguar Land Rover) j\u00f3l ismert 5,0 literes, kompresszoros V8-as benzinmotorja dolgozik 518 l\u00f3er\u0151vel. Ez a modell el\u00e9rhet\u0151 p\u00e9ld\u00e1ul a r\u00f6videbb tengelyt\u00e1v\u00fa 90-es v\u00e1ltozatban, \u00e9s k\u00f6r\u00fclbel\u00fcl 110 ezer fontt\u00f3l indul. Jellemz\u0151i k\u00f6z\u00e9 tartoznak a n\u00e9gy kipufog\u00f3v\u00e9g, s\u00f6t\u00e9t\u00edtett \u00fcvegek, speci\u00e1lis terepj\u00e1r\u00f3 \u00fczemm\u00f3d, valamint egyedi V8-as log\u00f3k.<\/p>\n<p>V\u00e1lt\u00f3 \u00e9s hajt\u00e1sl\u00e1nc tekintet\u00e9ben minden Defender modell egy nyolcfokozat\u00fa automata v\u00e1lt\u00f3t kap, \u00f6sszker\u00e9khajt\u00e1ssal \u00e9s a Land Rover Terrain Response rendszer\u00e9nek k\u00fcl\u00f6nf\u00e9le \u00fczemm\u00f3djaival, amelyek megk\u00f6nny\u00edtik a k\u00fcl\u00f6nb\u00f6z\u0151 terept\u00edpusokon val\u00f3 halad\u00e1st. Aki m\u00e9g komolyabb terepk\u00e9pess\u00e9geket szeretne, v\u00e1laszthat fejlettebb off-road csomagot is, amely tartalmaz p\u00e9ld\u00e1ul elektronikus z\u00e1rhat\u00f3 differenci\u00e1lt \u00e9s \u00e1ll\u00edthat\u00f3 magass\u00e1g\u00fa l\u00e9grug\u00f3z\u00e1st, amivel m\u00e9g komolyabb akad\u00e1lyokon is k\u00f6nnyed\u00e9n \u00e1t lehet jutni.<br \/>\nA hosszabb, Defender 110 alapfelszerelts\u00e9ge megegyezik a r\u00f6videbb 90-es\u00e9val, azonban el\u00e9rhet\u0151k hozz\u00e1 speci\u00e1lis kiad\u00e1sok is, p\u00e9ld\u00e1ul a Sedona Edition vagy a V8 OCTA v\u00e1ltozat.<br \/>\nA legnagyobb, Defender 130 m\u00e1r alapb\u00f3l X-Dynamic SE felszerelts\u00e9ggel indul, \u00e9s szint\u00e9n el\u00e9rhet\u0151 V8-as motorral. Itt tal\u00e1lhat\u00f3 a modellexkluz\u00edv Outbound Edition, amelyb\u0151l kiszerelt\u00e9k a h\u00e1ts\u00f3 oldalablakokat \u00e9s a harmadik \u00fcl\u00e9ssort, ezzel \u00f3ri\u00e1si rakt\u00e9r szabadul fel. Ez a v\u00e1ltozat k\u00f6r\u00fclbel\u00fcl 83 ezer fontt\u00f3l el\u00e9rhet\u0151 a D350 d\u00edzelmotorral, \u00e9s olyan sokoldal\u00fas\u00e1got k\u00edn\u00e1l, amely k\u00f6zel \u00e1ll a haszonj\u00e1rm\u0171k\u00e9nt is haszn\u00e1lhat\u00f3 Hard Top kivitelekhez \u2013 ugyanakkor ak\u00e1r n\u00e9gy f\u0151 sz\u00e1ll\u00edt\u00e1s\u00e1ra is alkalmas, \u00edgy p\u00e9ld\u00e1ul csal\u00e1di h\u00e9tv\u00e9g\u00e9kre is ide\u00e1lis. B\u00e1r terepre sz\u00fcletett, a Defender nem feledkezik meg az \u00fati k\u00e9nyelemr\u0151l sem. A sportosabb, 22 colos kerekek (pl. X vagy V8 felszerelts\u00e9g eset\u00e9n) kiss\u00e9 feszesebb\u00e9 teszik a rug\u00f3z\u00e1st, de kisebb ker\u00e9km\u00e9rettel a Defender egy csal\u00e1di SUV k\u00e9nyelm\u00e9t is ny\u00fajtja, \u00e9s ugyan\u00fagy megfelel a mindennapi v\u00e1rosi vagy aut\u00f3p\u00e1ly\u00e1s haszn\u00e1latra, mint a klasszikus mez\u0151gazdas\u00e1gi vagy kaland c\u00e9lokra.<\/p>\n","protected":false},"excerpt":{"rendered":"<p>A k\u00f6z\u00f6ss\u00e9gi oldalon saj\u00e1tos humorral v\u00e1laszolt: \u201e\u00c9n tudom, \u00e9s az \u00e9n \u00e9rtelmez\u00e9sem szerint az \u00e9let egy sz*xu*lis \u00faton terjed\u0151, hal\u00e1los&#8230; <span class=\"gridview-grid-post-read-more\"><a href=\"https:\/\/matrend.hu\/nekedinfo\/nagyon-durva-kiderult-hogy-mi-schmuck-andor-betegsege\/\">read more<span class=\"gridview-sr-only\"> Nagyon durva! Kider\u00fclt hogy mi Schmuck Andor betegs\u00e9ge!<\/span><\/a><\/span><\/p>\n","protected":false},"author":1,"featured_media":2881,"comment_status":"open","ping_status":"open","sticky":false,"template":"","format":"standard","meta":{"footnotes":""},"categories":[1],"tags":[],"class_list":["post-2880","post","type-post","status-publish","format-standard","has-post-thumbnail","hentry","category-egyeb","wpcat-1-id"],"_links":{"self":[{"href":"https:\/\/matrend.hu\/nekedinfo\/wp-json\/wp\/v2\/posts\/2880","targetHints":{"allow":["GET"]}}],"collection":[{"href":"https:\/\/matrend.hu\/nekedinfo\/wp-json\/wp\/v2\/posts"}],"about":[{"href":"https:\/\/matrend.hu\/nekedinfo\/wp-json\/wp\/v2\/types\/post"}],"author":[{"embeddable":true,"href":"https:\/\/matrend.hu\/nekedinfo\/wp-json\/wp\/v2\/users\/1"}],"replies":[{"embeddable":true,"href":"https:\/\/matrend.hu\/nekedinfo\/wp-json\/wp\/v2\/comments?post=2880"}],"version-history":[{"count":1,"href":"https:\/\/matrend.hu\/nekedinfo\/wp-json\/wp\/v2\/posts\/2880\/revisions"}],"predecessor-version":[{"id":2882,"href":"https:\/\/matrend.hu\/nekedinfo\/wp-json\/wp\/v2\/posts\/2880\/revisions\/2882"}],"wp:featuredmedia":[{"embeddable":true,"href":"https:\/\/matrend.hu\/nekedinfo\/wp-json\/wp\/v2\/media\/2881"}],"wp:attachment":[{"href":"https:\/\/matrend.hu\/nekedinfo\/wp-json\/wp\/v2\/media?parent=2880"}],"wp:term":[{"taxonomy":"category","embeddable":true,"href":"https:\/\/matrend.hu\/nekedinfo\/wp-json\/wp\/v2\/categories?post=2880"},{"taxonomy":"post_tag","embeddable":true,"href":"https:\/\/matrend.hu\/nekedinfo\/wp-json\/wp\/v2\/tags?post=2880"}],"curies":[{"name":"wp","href":"https:\/\/api.w.org\/{rel}","templated":true}]}}